{"id":58205,"date":"2025-08-24T18:52:01","date_gmt":"2025-08-24T21:52:01","guid":{"rendered":"https:\/\/radiorevelacionfm.cl\/?p=58205"},"modified":"2025-08-24T18:52:01","modified_gmt":"2025-08-24T21:52:01","slug":"hospital-de-puerto-aysen-inaugura-nuevo-equipo-de-tac-dental","status":"publish","type":"post","link":"https:\/\/radiorevelacionfm.cl\/?p=58205","title":{"rendered":"Hospital de Puerto Ays\u00e9n inaugura nuevo equipo de TAC Dental"},"content":{"rendered":"<div class=\"flex_column av_one_full  flex_column_div av-zero-column-padding first  avia-builder-el-0  el_before_av_one_full  avia-builder-el-first  \" style='border-radius:0px; '><div  class='avia-image-container  av-styling-    avia-builder-el-1  avia-builder-el-no-sibling  avia-align-center '  itemprop=\"image\" itemscope=\"itemscope\" itemtype=\"https:\/\/schema.org\/ImageObject\"  ><div class='avia-image-container-inner'><div class='avia-image-overlay-wrap'><img decoding=\"async\" class='wp-image-58217 avia-img-lazy-loading-not-58217 avia_image' src=\"https:\/\/radiorevelacionfm.cl\/wp-content\/uploads\/2025\/08\/puesta-en-marcha-021-1_optimized.jpg\" alt='' title='puesta-en-marcha-021-(1)_optimized' height=\"600\" width=\"900\"  itemprop=\"thumbnailUrl\" srcset=\"https:\/\/radiorevelacionfm.cl\/wp-content\/uploads\/2025\/08\/puesta-en-marcha-021-1_optimized.jpg 900w, https:\/\/radiorevelacionfm.cl\/wp-content\/uploads\/2025\/08\/puesta-en-marcha-021-1_optimized-300x200.jpg 300w, https:\/\/radiorevelacionfm.cl\/wp-content\/uploads\/2025\/08\/puesta-en-marcha-021-1_optimized-768x512.jpg 768w, https:\/\/radiorevelacionfm.cl\/wp-content\/uploads\/2025\/08\/puesta-en-marcha-021-1_optimized-705x470.jpg 705w, https:\/\/radiorevelacionfm.cl\/wp-content\/uploads\/2025\/08\/puesta-en-marcha-021-1_optimized-450x300.jpg 450w, https:\/\/radiorevelacionfm.cl\/wp-content\/uploads\/2025\/08\/puesta-en-marcha-021-1_optimized-600x400.jpg 600w\" sizes=\"(max-width: 900px) 100vw, 900px\" \/><\/div><\/div><\/div><\/div><div class=\"flex_column av_one_full  flex_column_div av-zero-column-padding first  avia-builder-el-2  el_after_av_one_full  el_before_av_one_full  column-top-margin\" style='border-radius:0px; '><section class=\"av_textblock_section \"  itemscope=\"itemscope\" itemtype=\"https:\/\/schema.org\/BlogPosting\" itemprop=\"blogPost\" ><div class='avia_textblock  '   itemprop=\"text\" ><p style=\"text-align: center;\"><strong><span style=\"font-size: 18pt;\">Hospital de Puerto Ays\u00e9n inaugura nuevo equipo de TAC Dental<\/span><\/strong><\/p>\n<div id=\"gtx-trans\" style=\"position: absolute; left: -50px; top: 4.31534px;\">\n<div class=\"gtx-trans-icon\"><\/div>\n<\/div>\n<\/div><\/section><\/div><\/p>\n<div class=\"flex_column av_one_full  flex_column_div av-zero-column-padding first  avia-builder-el-4  el_after_av_one_full  el_before_av_hr  column-top-margin\" style='border-radius:0px; '><section class=\"av_textblock_section \"  itemscope=\"itemscope\" itemtype=\"https:\/\/schema.org\/BlogPosting\" itemprop=\"blogPost\" ><div class='avia_textblock  '   itemprop=\"text\" ><ul>\n<li style=\"text-align: justify;\"><em>El nuevo equipo permitir\u00e1 fortalecer el polo odontol\u00f3gico en Ays\u00e9n y entregar respuestas m\u00e1s r\u00e1pidas a la comunidad.<\/em><\/li>\n<\/ul>\n<p style=\"text-align: justify;\">El Hospital de Puerto Ays\u00e9n ya cuenta con un nuevo Tom\u00f3grafo Axial Computarizado (TAC) Dental, un equipo de \u00faltima generaci\u00f3n que incorpora mayor tecnolog\u00eda y precisi\u00f3n. Este dispositivo reemplaza al anterior, que ya hab\u00eda cumplido su vida \u00fatil, y permitir\u00e1 realizar ex\u00e1menes m\u00e1s c\u00f3modos, reducir la necesidad de derivaciones a Coyhaique y agilizar la atenci\u00f3n de los pacientes.<\/p>\n<p style=\"text-align: justify;\">Este moderno TAC representa un paso decisivo en la mejora de la salud odontol\u00f3gica, pues aumenta la capacidad de diagn\u00f3stico y atenci\u00f3n en un contexto donde la reducci\u00f3n de los tiempos de espera es una prioridad para la Red Asistencial del Servicio de Salud Ays\u00e9n.<\/p>\n<p style=\"text-align: justify;\">La puesta en marcha cont\u00f3 con la presencia de autoridades locales y profesionales de la salud, quienes destacaron la importancia de modernizar la infraestructura con apoyo de nuevas tecnolog\u00edas e inteligencia artificial.<\/p>\n<p style=\"text-align: justify;\">\u201cEstoy muy contenta por este logro del Hospital de Ays\u00e9n. Contar con un dispositivo como el TAC dental va a permitir un mejor diagn\u00f3stico y ofrecer mayores oportunidades en los tratamientos. Esto permitir\u00e1 aumentar casi cuatro mil nuevas atenciones odontol\u00f3gicas en un momento en que la lista de espera dental es cr\u00edtica en nuestra regi\u00f3n\u201d, se\u00f1al\u00f3 Ximena \u00d3rdenes, senadora de la Rep\u00fablica.<\/p>\n<p style=\"text-align: justify;\">Por su parte, Mauricio Cort\u00e9s, en representaci\u00f3n del director del Servicio de Salud Ays\u00e9n, destac\u00f3: \u201cEl equipo directivo ha dado una soluci\u00f3n a corto plazo, adelant\u00e1ndose a la obsolescencia del antiguo TAC. Nuestro objetivo es ofrecer soluciones m\u00e1s oportunas y equitativas para toda la poblaci\u00f3n del norte de Ays\u00e9n\u201d.<\/p>\n<p style=\"text-align: justify;\">Desde lo t\u00e9cnico, el Dr. Juan Qui\u00f1elen, especialista en odontolog\u00eda, explic\u00f3: \u201cCon este TAC aumentaremos el \u00e1rea de diagn\u00f3stico, pasando de un volumen de adquisici\u00f3n de 8 x 8 cm a 15 x 17 cm, lo que nos permitir\u00e1 tomar cr\u00e1neo completo y observar todas las estructuras \u00f3seas y articulares de esta zona\u201d.<\/p>\n<p style=\"text-align: justify;\">Finalmente, Hern\u00e1n Barrientos, director del Hospital de Puerto Ays\u00e9n, acot\u00f3: \u201cEsto refuerza el polo odontol\u00f3gico que estamos levantando en Ays\u00e9n con un gran equipo humano. Quiero destacar el trabajo del Dr. Faundes y su equipo, quienes han permitido resolver muchas dificultades y avanzar en la lista de espera dental\u201d.<\/p>\n<p style=\"text-align: justify;\">El TAC no solo optimiza la capacidad diagn\u00f3stica, sino que marca un avance sustantivo para la salud bucal en la regi\u00f3n, beneficiando a miles de pacientes con una atenci\u00f3n m\u00e1s oportuna y de calidad.<\/p>\n<\/div><\/section><\/div>\n<div  style='height:50px' class='hr hr-invisible   avia-builder-el-6  el_after_av_one_full  el_before_av_social_share '><span class='hr-inner ' ><span class='hr-inner-style'><\/span><\/span><\/div>\n<div  class='av-social-sharing-box  avia-builder-el-7  el_after_av_hr  el_before_av_hr  '><div class='av-share-box'><h5 class='av-share-link-description av-no-toc '>Compartir esta noticia<\/h5><ul class='av-share-box-list noLightbox'><li class='av-share-link av-social-link-facebook' ><a target=\"_blank\" aria-label=\"Compartir en Facebook\" href='https:\/\/www.facebook.com\/sharer.php?u=https:\/\/radiorevelacionfm.cl\/?p=58205&#038;t=Hospital%20de%20Puerto%20Ays%C3%A9n%20inaugura%20nuevo%20equipo%20de%20TAC%20Dental' aria-hidden='false' data-av_icon='\ue8f3' data-av_iconfont='entypo-fontello' title='' data-avia-related-tooltip='Compartir en Facebook' rel=\"noopener\"><span class='avia_hidden_link_text'>Compartir en Facebook<\/span><\/a><\/li><li class='av-share-link av-social-link-twitter' ><a target=\"_blank\" aria-label=\"Compartir en Twitter\" href='https:\/\/twitter.com\/share?text=Hospital%20de%20Puerto%20Ays%C3%A9n%20inaugura%20nuevo%20equipo%20de%20TAC%20Dental&#038;url=https:\/\/radiorevelacionfm.cl\/?p=58205' aria-hidden='false' data-av_icon='\ue8f1' data-av_iconfont='entypo-fontello' title='' data-avia-related-tooltip='Compartir en Twitter' rel=\"noopener\"><span class='avia_hidden_link_text'>Compartir en Twitter<\/span><\/a><\/li><li class='av-share-link av-social-link-whatsapp' ><a target=\"_blank\" aria-label=\"Compartir en Whatsapp\" href='https:\/\/api.whatsapp.com\/send?text=https:\/\/radiorevelacionfm.cl\/?p=58205' aria-hidden='false' data-av_icon='\uf232' data-av_iconfont='entypo-fontello' title='' data-avia-related-tooltip='Compartir en Whatsapp' rel=\"noopener\"><span class='avia_hidden_link_text'>Compartir en Whatsapp<\/span><\/a><\/li><li class='av-share-link av-social-link-linkedin' ><a target=\"_blank\" aria-label=\"Compartir en LinkedIn\" href='https:\/\/linkedin.com\/shareArticle?mini=true&#038;title=Hospital%20de%20Puerto%20Ays%C3%A9n%20inaugura%20nuevo%20equipo%20de%20TAC%20Dental&#038;url=https:\/\/radiorevelacionfm.cl\/?p=58205' aria-hidden='false' data-av_icon='\ue8fc' data-av_iconfont='entypo-fontello' title='' data-avia-related-tooltip='Compartir en LinkedIn' rel=\"noopener\"><span class='avia_hidden_link_text'>Compartir en LinkedIn<\/span><\/a><\/li><li class='av-share-link av-social-link-mail' ><a  aria-label=\"Compartir por correo\" href='mailto:?subject=Hospital%20de%20Puerto%20Ays%C3%A9n%20inaugura%20nuevo%20equipo%20de%20TAC%20Dental&#038;body=https:\/\/radiorevelacionfm.cl\/?p=58205' aria-hidden='false' data-av_icon='\ue805' data-av_iconfont='entypo-fontello' title='' data-avia-related-tooltip='Compartir por correo'><span class='avia_hidden_link_text'>Compartir por correo<\/span><\/a><\/li><\/ul><\/div><\/div>\n<div  style='height:50px' class='hr hr-invisible   avia-builder-el-8  el_after_av_social_share  el_before_av_comments_list '><span class='hr-inner ' ><span class='hr-inner-style'><\/span><\/span><\/div>\n<div  class='av-buildercomment  av-blog-meta-html-info-disabled av-blog-meta-tag-disabled  '><\/div>\n","protected":false},"excerpt":{"rendered":"","protected":false},"author":1,"featured_media":58217,"comment_status":"closed","ping_status":"closed","sticky":false,"template":"","format":"standard","meta":{"footnotes":""},"categories":[46],"tags":[],"class_list":["post-58205","post","type-post","status-publish","format-standard","has-post-thumbnail","hentry","category-salud"],"jetpack_featured_media_url":"https:\/\/radiorevelacionfm.cl\/wp-content\/uploads\/2025\/08\/puesta-en-marcha-021-1_optimized.jpg","_links":{"self":[{"href":"https:\/\/radiorevelacionfm.cl\/index.php?rest_route=\/wp\/v2\/posts\/58205","targetHints":{"allow":["GET"]}}],"collection":[{"href":"https:\/\/radiorevelacionfm.cl\/index.php?rest_route=\/wp\/v2\/posts"}],"about":[{"href":"https:\/\/radiorevelacionfm.cl\/index.php?rest_route=\/wp\/v2\/types\/post"}],"author":[{"embeddable":true,"href":"https:\/\/radiorevelacionfm.cl\/index.php?rest_route=\/wp\/v2\/users\/1"}],"replies":[{"embeddable":true,"href":"https:\/\/radiorevelacionfm.cl\/index.php?rest_route=%2Fwp%2Fv2%2Fcomments&post=58205"}],"version-history":[{"count":3,"href":"https:\/\/radiorevelacionfm.cl\/index.php?rest_route=\/wp\/v2\/posts\/58205\/revisions"}],"predecessor-version":[{"id":58219,"href":"https:\/\/radiorevelacionfm.cl\/index.php?rest_route=\/wp\/v2\/posts\/58205\/revisions\/58219"}],"wp:featuredmedia":[{"embeddable":true,"href":"https:\/\/radiorevelacionfm.cl\/index.php?rest_route=\/wp\/v2\/media\/58217"}],"wp:attachment":[{"href":"https:\/\/radiorevelacionfm.cl\/index.php?rest_route=%2Fwp%2Fv2%2Fmedia&parent=58205"}],"wp:term":[{"taxonomy":"category","embeddable":true,"href":"https:\/\/radiorevelacionfm.cl\/index.php?rest_route=%2Fwp%2Fv2%2Fcategories&post=58205"},{"taxonomy":"post_tag","embeddable":true,"href":"https:\/\/radiorevelacionfm.cl\/index.php?rest_route=%2Fwp%2Fv2%2Ftags&post=58205"}],"curies":[{"name":"wp","href":"https:\/\/api.w.org\/{rel}","templated":true}]}}