{"id":58200,"date":"2025-08-24T15:21:23","date_gmt":"2025-08-24T18:21:23","guid":{"rendered":"https:\/\/radiorevelacionfm.cl\/?p=58200"},"modified":"2025-08-24T15:21:23","modified_gmt":"2025-08-24T18:21:23","slug":"masiva-asistencia-marca-jornada-del-dia-de-la-ninez-organizada-por-mideso","status":"publish","type":"post","link":"https:\/\/radiorevelacionfm.cl\/?p=58200","title":{"rendered":"Masiva asistencia marca jornada del D\u00eda de la Ni\u00f1ez organizada por Mideso"},"content":{"rendered":"<div class=\"flex_column av_one_full  flex_column_div av-zero-column-padding first  avia-builder-el-0  el_before_av_one_full  avia-builder-el-first  \" style='border-radius:0px; '><div  class='avia-image-container  av-styling-    avia-builder-el-1  avia-builder-el-no-sibling  avia-align-center '  itemprop=\"image\" itemscope=\"itemscope\" itemtype=\"https:\/\/schema.org\/ImageObject\"  ><div class='avia-image-container-inner'><div class='avia-image-overlay-wrap'><img decoding=\"async\" class='wp-image-58201 avia-img-lazy-loading-not-58201 avia_image' src=\"https:\/\/radiorevelacionfm.cl\/wp-content\/uploads\/2025\/08\/dia-9-1_optimized-1.jpeg\" alt='' title='dia-9-(1)_optimized (1)' height=\"600\" width=\"1210\"  itemprop=\"thumbnailUrl\" srcset=\"https:\/\/radiorevelacionfm.cl\/wp-content\/uploads\/2025\/08\/dia-9-1_optimized-1.jpeg 1210w, https:\/\/radiorevelacionfm.cl\/wp-content\/uploads\/2025\/08\/dia-9-1_optimized-1-300x149.jpeg 300w, https:\/\/radiorevelacionfm.cl\/wp-content\/uploads\/2025\/08\/dia-9-1_optimized-1-1030x511.jpeg 1030w, https:\/\/radiorevelacionfm.cl\/wp-content\/uploads\/2025\/08\/dia-9-1_optimized-1-768x381.jpeg 768w, https:\/\/radiorevelacionfm.cl\/wp-content\/uploads\/2025\/08\/dia-9-1_optimized-1-705x350.jpeg 705w, https:\/\/radiorevelacionfm.cl\/wp-content\/uploads\/2025\/08\/dia-9-1_optimized-1-450x223.jpeg 450w, https:\/\/radiorevelacionfm.cl\/wp-content\/uploads\/2025\/08\/dia-9-1_optimized-1-600x298.jpeg 600w\" sizes=\"(max-width: 1210px) 100vw, 1210px\" \/><\/div><\/div><\/div><\/div><div class=\"flex_column av_one_full  flex_column_div av-zero-column-padding first  avia-builder-el-2  el_after_av_one_full  el_before_av_one_full  column-top-margin\" style='border-radius:0px; '><section class=\"av_textblock_section \"  itemscope=\"itemscope\" itemtype=\"https:\/\/schema.org\/BlogPosting\" itemprop=\"blogPost\" ><div class='avia_textblock  '   itemprop=\"text\" ><p style=\"text-align: center;\"><strong><span style=\"font-size: 18pt;\">Masiva asistencia marca jornada del D\u00eda de la Ni\u00f1ez organizada por Mideso <\/span><\/strong><\/p>\n<div id=\"gtx-trans\" style=\"position: absolute; left: -50px; top: 4.31534px;\">\n<div class=\"gtx-trans-icon\"><\/div>\n<\/div>\n<\/div><\/section><\/div><div class=\"flex_column av_one_full  flex_column_div av-zero-column-padding first  avia-builder-el-4  el_after_av_one_full  el_before_av_hr  column-top-margin\" style='border-radius:0px; '><section class=\"av_textblock_section \"  itemscope=\"itemscope\" itemtype=\"https:\/\/schema.org\/BlogPosting\" itemprop=\"blogPost\" ><div class='avia_textblock  '   itemprop=\"text\" ><p style=\"text-align: justify;\">Alrededor de unas mil personas visitaron este s\u00e1bado la Escuela Pedro Quintana Mansilla de Coyhaique para disfrutar de una entretenida jornada de actividades para ni\u00f1as, ni\u00f1os y adolescentes enmarcada en la campa\u00f1a Buen Trato en Movimiento que impulsa el Ministerio de Desarrollo Social a trav\u00e9s de la Subsecretar\u00eda de la Ni\u00f1ez en toda la regi\u00f3n de Ays\u00e9n con las Oficinas Locales de la Ni\u00f1ez.<\/p>\n<p style=\"text-align: justify;\">A la actividad asistieron familias completas, hijos acompa\u00f1ados de su pap\u00e1, mam\u00e1, abuelos y amigos quienes se encontraron con una variedad de actividades, tales como, una sala de juegos adaptadas para ni\u00f1as y ni\u00f1os del espectro autista, show de magia, baile entretenido, cuenta cuentos, taller de comics, m\u00fasica con la banda instrumental de Carabineros, tiro al arco, pinta caritas, juegos inflables, cueca y la presencia de 33 stand de servicios p\u00fablicos solo con tem\u00e1ticas enfocadas en ni\u00f1eces.<\/p>\n<p style=\"text-align: justify;\">Desde la organizaci\u00f3n, la Seremi de Desarrollo Social y Familia Karina Acevedo Auad agradeci\u00f3 el compromiso de todas las instituciones p\u00fablicas que se hicieron presente con distintas iniciativas que est\u00e1n enfocadas en el bienestar de ni\u00f1as, ni\u00f1os y adolescentes \u201cA trav\u00e9s de la Ley de Garant\u00edas y la comisi\u00f3n de trabajo que tenemos hemos afiatado la intersectorialidad para llegar de buena forma con esta normativa y un buen trato para ni\u00f1as ni\u00f1os y adolescentes que es el objetivo de esta actividad en la que nos convocamos de una forma innovadora y estamos muy contentos por este gran resultado en donde han participado muchas familias\u201d.<\/p>\n<p style=\"text-align: justify;\">L\u00fadicas mesas con informaci\u00f3n de derechos y juegos educativos es lo que llev\u00f3 la Seremi de Transportes, la Oficina Local de la Ni\u00f1ez, Seremi de Justicia y Derechos Humanos, la Seremi de Trabajo a trav\u00e9s del Comit\u00e9 Regional de Erradicaci\u00f3n del Trabajo Infantil y Protecci\u00f3n al Adolescente Trabajador, CretiAys\u00e9n, la Seremi de Educaci\u00f3n, Fosis, el Servicio de Educaci\u00f3n Local, Conadi, Senadis con una sala adaptada, Junji con juegos para las primeras infancias, la PDI, Defensor\u00eda de la Ni\u00f1ez, IND, Senda, Carabineros, entre otros participantes.<\/p>\n<p style=\"text-align: justify;\">Las ni\u00f1as y ni\u00f1os que fueron protagonistas de su tarde, se dieron un espacio para opinar de la jornada \u201clo que m\u00e1s me gust\u00f3 fue el arco y la magia\u201d dijo Ian, mientras que Violeta \u201cvi al mago, pero no me toc\u00f3 (subir al escenario), \u201cexcelente\u201d dijo Camila \u201cha sido muy divertido, jugamos, pintamos y tuve premios\u201d en tanto Sebasti\u00e1n \u201clo pas\u00e9 bien, me pareci\u00f3 muy linda esta actividad para defender nuestros derechos\u201d y Camila destac\u00f3 \u201cha sido muy divertida, me gan\u00e9 muchos dulces\u201d.<\/p>\n<p style=\"text-align: justify;\">Al t\u00e9rmino de la jornada el Delegado Presidencial regional Jorge D\u00edaz destac\u00f3 \u201cEstamos muy contentos por la convocatoria que tuvo esta linda actividad donde ni\u00f1as, ni\u00f1os y adolescentes han sido protagonistas donde los diversos servicios p\u00fablicos del aparato central del Estado le presentaron distintos juegos, temas y hubo mucha participaci\u00f3n, por lo que podemos decir que los ni\u00f1os lo han pasado muy bien\u201d lo que fue reforzado por el Seremi de Justicia y Derechos Humanos Samuel Navarro \u201cEs muy importante desarrollar estos espacios que tambi\u00e9n son relevantes para los adultos que asisten\u201d.<\/p>\n<p style=\"text-align: justify;\">En su mayor\u00eda las ni\u00f1as y ni\u00f1os fueron acompa\u00f1ados por un adulto, quienes valoraron un espacio resguardado y con variedad para que todas y todos pudieran disfrutar \u201c me gusta que hagan este tipo de actividades, a una sobre todo que le cuesta poder encontrar un panorama los ni\u00f1os se van contentos\u201d dijo Ivonne, en tanto Eda valor\u00f3 que \u201clo m\u00e1s entretenido es que hay actividades para los m\u00e1s chicos como mi guagua que tiene un a\u00f1o como para mi hijo de 9 a\u00f1os, excelente\u201d \u201cestamos contentos\u201d se\u00f1al\u00f3 Fernando \u201cyo traje a mis dos hijas y una anda jugando con amigas y con la m\u00e1s chiquita hemos visto todo, ha sido did\u00e1ctico, educativo y entretenido\u201d Finalmente Carla quien asisti\u00f3 con su hija se\u00f1al\u00f3 \u201chac\u00eda mucha falta actividades como \u00e9sta, ella lo ha pasado muy bien y a m\u00ed me encant\u00f3 porque hay de todo\u201d.<\/p>\n<\/div><\/section><\/div><div  style='height:50px' class='hr hr-invisible   avia-builder-el-6  el_after_av_one_full  el_before_av_social_share '><span class='hr-inner ' ><span class='hr-inner-style'><\/span><\/span><\/div><\/p>\n<div  class='av-social-sharing-box  avia-builder-el-7  el_after_av_hr  el_before_av_hr  '><div class='av-share-box'><h5 class='av-share-link-description av-no-toc '>Compartir esta noticia<\/h5><ul class='av-share-box-list noLightbox'><li class='av-share-link av-social-link-facebook' ><a target=\"_blank\" aria-label=\"Compartir en Facebook\" href='https:\/\/www.facebook.com\/sharer.php?u=https:\/\/radiorevelacionfm.cl\/?p=58200&#038;t=Masiva%20asistencia%20marca%20jornada%20del%20D%C3%ADa%20de%20la%20Ni%C3%B1ez%20organizada%20por%20Mideso' aria-hidden='false' data-av_icon='\ue8f3' data-av_iconfont='entypo-fontello' title='' data-avia-related-tooltip='Compartir en Facebook' rel=\"noopener\"><span class='avia_hidden_link_text'>Compartir en Facebook<\/span><\/a><\/li><li class='av-share-link av-social-link-twitter' ><a target=\"_blank\" aria-label=\"Compartir en Twitter\" href='https:\/\/twitter.com\/share?text=Masiva%20asistencia%20marca%20jornada%20del%20D%C3%ADa%20de%20la%20Ni%C3%B1ez%20organizada%20por%20Mideso&#038;url=https:\/\/radiorevelacionfm.cl\/?p=58200' aria-hidden='false' data-av_icon='\ue8f1' data-av_iconfont='entypo-fontello' title='' data-avia-related-tooltip='Compartir en Twitter' rel=\"noopener\"><span class='avia_hidden_link_text'>Compartir en Twitter<\/span><\/a><\/li><li class='av-share-link av-social-link-whatsapp' ><a target=\"_blank\" aria-label=\"Compartir en Whatsapp\" href='https:\/\/api.whatsapp.com\/send?text=https:\/\/radiorevelacionfm.cl\/?p=58200' aria-hidden='false' data-av_icon='\uf232' data-av_iconfont='entypo-fontello' title='' data-avia-related-tooltip='Compartir en Whatsapp' rel=\"noopener\"><span class='avia_hidden_link_text'>Compartir en Whatsapp<\/span><\/a><\/li><li class='av-share-link av-social-link-linkedin' ><a target=\"_blank\" aria-label=\"Compartir en LinkedIn\" href='https:\/\/linkedin.com\/shareArticle?mini=true&#038;title=Masiva%20asistencia%20marca%20jornada%20del%20D%C3%ADa%20de%20la%20Ni%C3%B1ez%20organizada%20por%20Mideso&#038;url=https:\/\/radiorevelacionfm.cl\/?p=58200' aria-hidden='false' data-av_icon='\ue8fc' data-av_iconfont='entypo-fontello' title='' data-avia-related-tooltip='Compartir en LinkedIn' rel=\"noopener\"><span class='avia_hidden_link_text'>Compartir en LinkedIn<\/span><\/a><\/li><li class='av-share-link av-social-link-mail' ><a  aria-label=\"Compartir por correo\" href='mailto:?subject=Masiva%20asistencia%20marca%20jornada%20del%20D%C3%ADa%20de%20la%20Ni%C3%B1ez%20organizada%20por%20Mideso&#038;body=https:\/\/radiorevelacionfm.cl\/?p=58200' aria-hidden='false' data-av_icon='\ue805' data-av_iconfont='entypo-fontello' title='' data-avia-related-tooltip='Compartir por correo'><span class='avia_hidden_link_text'>Compartir por correo<\/span><\/a><\/li><\/ul><\/div><\/div>\n<div  style='height:50px' class='hr hr-invisible   avia-builder-el-8  el_after_av_social_share  el_before_av_comments_list '><span class='hr-inner ' ><span class='hr-inner-style'><\/span><\/span><\/div>\n<div  class='av-buildercomment  av-blog-meta-html-info-disabled av-blog-meta-tag-disabled  '><\/div>\n","protected":false},"excerpt":{"rendered":"","protected":false},"author":1,"featured_media":58201,"comment_status":"closed","ping_status":"closed","sticky":false,"template":"","format":"standard","meta":{"footnotes":""},"categories":[38],"tags":[],"class_list":["post-58200","post","type-post","status-publish","format-standard","has-post-thumbnail","hentry","category-regional"],"jetpack_featured_media_url":"https:\/\/radiorevelacionfm.cl\/wp-content\/uploads\/2025\/08\/dia-9-1_optimized-1.jpeg","_links":{"self":[{"href":"https:\/\/radiorevelacionfm.cl\/index.php?rest_route=\/wp\/v2\/posts\/58200","targetHints":{"allow":["GET"]}}],"collection":[{"href":"https:\/\/radiorevelacionfm.cl\/index.php?rest_route=\/wp\/v2\/posts"}],"about":[{"href":"https:\/\/radiorevelacionfm.cl\/index.php?rest_route=\/wp\/v2\/types\/post"}],"author":[{"embeddable":true,"href":"https:\/\/radiorevelacionfm.cl\/index.php?rest_route=\/wp\/v2\/users\/1"}],"replies":[{"embeddable":true,"href":"https:\/\/radiorevelacionfm.cl\/index.php?rest_route=%2Fwp%2Fv2%2Fcomments&post=58200"}],"version-history":[{"count":2,"href":"https:\/\/radiorevelacionfm.cl\/index.php?rest_route=\/wp\/v2\/posts\/58200\/revisions"}],"predecessor-version":[{"id":58203,"href":"https:\/\/radiorevelacionfm.cl\/index.php?rest_route=\/wp\/v2\/posts\/58200\/revisions\/58203"}],"wp:featuredmedia":[{"embeddable":true,"href":"https:\/\/radiorevelacionfm.cl\/index.php?rest_route=\/wp\/v2\/media\/58201"}],"wp:attachment":[{"href":"https:\/\/radiorevelacionfm.cl\/index.php?rest_route=%2Fwp%2Fv2%2Fmedia&parent=58200"}],"wp:term":[{"taxonomy":"category","embeddable":true,"href":"https:\/\/radiorevelacionfm.cl\/index.php?rest_route=%2Fwp%2Fv2%2Fcategories&post=58200"},{"taxonomy":"post_tag","embeddable":true,"href":"https:\/\/radiorevelacionfm.cl\/index.php?rest_route=%2Fwp%2Fv2%2Ftags&post=58200"}],"curies":[{"name":"wp","href":"https:\/\/api.w.org\/{rel}","templated":true}]}}