{"id":58197,"date":"2025-08-24T15:35:21","date_gmt":"2025-08-24T18:35:21","guid":{"rendered":"https:\/\/radiorevelacionfm.cl\/?p=58197"},"modified":"2025-08-24T15:35:21","modified_gmt":"2025-08-24T18:35:21","slug":"realizaran-seminario-practico-sobre-la-ley-karin-a-un-ano-de-su-entrada-en-vigencia","status":"publish","type":"post","link":"https:\/\/radiorevelacionfm.cl\/?p=58197","title":{"rendered":"Realizar\u00e1n seminario pr\u00e1ctico sobre la Ley Karin, a un a\u00f1o de su entrada en vigencia"},"content":{"rendered":"<div class=\"flex_column av_one_full  flex_column_div av-zero-column-padding first  avia-builder-el-0  el_before_av_one_full  avia-builder-el-first  \" style='border-radius:0px; '><div  class='avia-image-container  av-styling-    avia-builder-el-1  avia-builder-el-no-sibling  avia-align-center '  itemprop=\"image\" itemscope=\"itemscope\" itemtype=\"https:\/\/schema.org\/ImageObject\"  ><div class='avia-image-container-inner'><div class='avia-image-overlay-wrap'><img decoding=\"async\" class='wp-image-58198 avia-img-lazy-loading-not-58198 avia_image' src=\"https:\/\/radiorevelacionfm.cl\/wp-content\/uploads\/2025\/08\/LeyKarin_generico-1-1.jpg\" alt='' title='LeyKarin_generico (1) (1)' height=\"640\" width=\"800\"  itemprop=\"thumbnailUrl\" srcset=\"https:\/\/radiorevelacionfm.cl\/wp-content\/uploads\/2025\/08\/LeyKarin_generico-1-1.jpg 800w, https:\/\/radiorevelacionfm.cl\/wp-content\/uploads\/2025\/08\/LeyKarin_generico-1-1-300x240.jpg 300w, https:\/\/radiorevelacionfm.cl\/wp-content\/uploads\/2025\/08\/LeyKarin_generico-1-1-768x614.jpg 768w, https:\/\/radiorevelacionfm.cl\/wp-content\/uploads\/2025\/08\/LeyKarin_generico-1-1-705x564.jpg 705w, https:\/\/radiorevelacionfm.cl\/wp-content\/uploads\/2025\/08\/LeyKarin_generico-1-1-450x360.jpg 450w, https:\/\/radiorevelacionfm.cl\/wp-content\/uploads\/2025\/08\/LeyKarin_generico-1-1-600x480.jpg 600w\" sizes=\"(max-width: 800px) 100vw, 800px\" \/><\/div><\/div><\/div><\/div><div class=\"flex_column av_one_full  flex_column_div av-zero-column-padding first  avia-builder-el-2  el_after_av_one_full  el_before_av_one_full  column-top-margin\" style='border-radius:0px; '><section class=\"av_textblock_section \"  itemscope=\"itemscope\" itemtype=\"https:\/\/schema.org\/BlogPosting\" itemprop=\"blogPost\" ><div class='avia_textblock  '   itemprop=\"text\" ><p style=\"text-align: center;\"><strong><span style=\"font-size: 18pt;\">Realizar\u00e1n seminario pr\u00e1ctico sobre la Ley Karin, a un a\u00f1o de su entrada en vigencia <\/span><\/strong><\/p>\n<div id=\"gtx-trans\" style=\"position: absolute; left: -50px; top: 4.31534px;\">\n<div class=\"gtx-trans-icon\"><\/div>\n<\/div>\n<\/div><\/section><\/div><div class=\"flex_column av_one_full  flex_column_div av-zero-column-padding first  avia-builder-el-4  el_after_av_one_full  el_before_av_hr  column-top-margin\" style='border-radius:0px; '><section class=\"av_textblock_section \"  itemscope=\"itemscope\" itemtype=\"https:\/\/schema.org\/BlogPosting\" itemprop=\"blogPost\" ><div class='avia_textblock  '   itemprop=\"text\" ><p style=\"font-weight: 400; text-align: justify;\"><em>La Ley\u00a0<\/em><em>N\u00b021.643 modific\u00f3 el C\u00f3digo del Trabajo en materia de prevenci\u00f3n, investigaci\u00f3n y sanci\u00f3n del acoso laboral, sexual y violencia en el trabajo.<\/em><\/p>\n<p style=\"font-weight: 400; text-align: justify;\">A un a\u00f1o de la entrada en vigencia de la Ley Karin, la Direcci\u00f3n del Trabajo junto al Instituto de Seguridad laboral, ISL, est\u00e1n organizando un seminario sobre la Ley N\u00b021.643 que modific\u00f3 el C\u00f3digo del Trabajo en materia de prevenci\u00f3n, investigaci\u00f3n y sanci\u00f3n del acoso laboral, sexual y violencia en el trabajo.<\/p>\n<p style=\"font-weight: 400; text-align: justify;\">Sobre el cambio cultural que significa esta nueva ley, el Seremi(s) del Trabajo y Previsi\u00f3n Social y director regional del Instituto de Previsi\u00f3n Social, Rodrigo D\u00edaz, afirm\u00f3, \u201cLa Ley Karin ha significado un cambio cultural, donde todos y todas hemos estado involucrados en buscar nuevos espacios de di\u00e1logo, de marcos de respeto y de cambiar algunas formas de relacionarse laboralmente. Como Gobierno, esta ley busca acabar con la violencia en los espacios laborales y ha marcado un punto de inflexi\u00f3n, con un esp\u00edritu preventivo, pero que tambi\u00e9n sanciona el acoso laboral, el acoso sexual y la violencia en el trabajo, exigiendo a las empresas tener protocolos de prevenci\u00f3n. Queremos destacar que esta instancia de capacitaci\u00f3n que est\u00e1 organizando la Direcci\u00f3n del Trabajo y el Instituto de Seguridad Laboral se origina tambi\u00e9n desde el trabajo tripartito y di\u00e1logo social Estado-Empleadores-Trabajadores que tiene la Direcci\u00f3n del Trabajo con su Consejo Tripartito de Usuarios\u201d.<\/p>\n<p style=\"font-weight: 400; text-align: justify;\">Sobre el seminario, el director del Trabajo, Christian Aros, mencion\u00f3, \u201cCumpli\u00e9ndose 1 a\u00f1o de la entrada en vigencia de la Ley Karin enmarcado en el prop\u00f3sito de conseguir un trabajo decente en nuestro pa\u00eds, pero tambi\u00e9n alineado con la labor fiscalizadora, la labor de capacitaci\u00f3n y la labor de difusi\u00f3n que realiza la Direcci\u00f3n del Trabajo, es que este martes 26 de agosto realizaremos desde las 10:00 horas de la ma\u00f1ana en la C\u00e1mara Chilena de la Construcci\u00f3n en su 3er piso, un seminario taller en conjunto con el ISL, Instituto de Seguridad Laboral, enfocado desde un punto de vista pr\u00e1ctico, cu\u00e1l es el procedimiento que deben llevar adelante las empresas, si es que existe una denuncia de Ley Karin al interior de sus organizaciones\u201d.<\/p>\n<p style=\"font-weight: 400; text-align: justify;\">Aros Troncoso a\u00f1adi\u00f3, \u201cPara nosotros es fundamental que las empresas, sobre todo las micro, peque\u00f1as y medianas empresas, puedan participar en este seminario, en este taller, porque vamos a dar a conocer las cifras que hemos tenido como regi\u00f3n durante este \u00faltimo a\u00f1o, pero sobre todo nos vamos a enfocar en una labor pr\u00e1ctica, en c\u00f3mo se realiza el procedimiento, en c\u00f3mo se adoptan las medidas, en cu\u00e1les son las eventuales sanciones que se pueden determinar, porque despu\u00e9s de este procedimiento es revisado por la Direcci\u00f3n del trabajo, as\u00ed que los invitamos a todos y a todas a participar\u201d.<\/p>\n<p style=\"font-weight: 400; text-align: justify;\">Por su parte, el ISL abordar\u00e1 la tem\u00e1tica como uno de los organismos administradores de la ley 16.744 de accidentes laborales y enfermedades profesionales. Su directora regional, J\u00e9ssica Coronado mencion\u00f3 sobre su funci\u00f3n en la orientaci\u00f3n y atenci\u00f3n temprana a las y los trabajadores, \u201ccomo organismo administrador tenemos un rol de asesorar y seguir capacitando a los y las trabajadoras a fin de generar entornos laborales saludables enmarcado en el cuidado y el respeto\u201d, acot\u00f3.<\/p>\n<p style=\"font-weight: 400; text-align: justify;\"><strong><u>La Ley Karin en cifras<\/u><\/strong><\/p>\n<p style=\"font-weight: 400; text-align: justify;\">Si bien las cifras regionales del sector privado se entregar\u00e1n durante el seminario el d\u00eda 26 de agosto, en t\u00e9rminos nacionales, entre agosto de 2024 y julio de 2025, a la Direcci\u00f3n del Trabajo ingresaron 44.212 denuncias por la Ley 21.643. Una vez hecho el an\u00e1lisis respectivo, el organismo determin\u00f3 que 18.367 (42%) de ese total efectivamente estaban relacionadas con esa legislaci\u00f3n, mientras que 17.980 (40%) fueron por otras materias y 7.865 (18%) est\u00e1n pendientes de clasificaci\u00f3n.<\/p>\n<p style=\"font-weight: 400; text-align: justify;\">Con todo, seg\u00fan el balance de la Ley Karin a un a\u00f1o de su entrada en vigencia, dado a conocer por el Ministerio del Trabajo y Previsi\u00f3n Social, con datos de la DT y de la Superintendencia de Seguridad Social (Suseso), de las 44.212 denuncias, 19.285 (44%) ingresaron por v\u00eda web, 16.774 (38%) de forma presencial y 8.153 (18%) fueron derivadas por los empleadores al organismo fiscalizador. Se revel\u00f3 adem\u00e1s que, durante el periodo de an\u00e1lisis, la DT realiz\u00f3 2.117 fiscalizaciones y curs\u00f3 993 multas por incumplimientos. En el 21,3% de las fiscalizaciones cerradas clasificadas bajo Ley Karin se constat\u00f3 alguna vulneraci\u00f3n.<\/p>\n<p style=\"font-weight: 400; text-align: justify;\">El seminario se realizar\u00e1 el martes 26 de agosto desde las 10:00 en la C\u00e1mara Chilena de La Construcci\u00f3n Coyhaique, ubicada en calle Magallanes 232, Coyhaique. Las inscripciones se pueden realizar en el siguiente link\u00a0<a href=\"https:\/\/nam02.safelinks.protection.outlook.com\/?url=https%3A%2F%2Fforms.office.com%2Fr%2FqgKRXbCw0a%3Forigin%3DlprLink&amp;data=05%7C02%7Cmvicuna%40mintrab.gob.cl%7C35c6864ca1dc4e8c817908dde18266c1%7C41dc440fbc404e55ad44bbe521f6a188%7C0%7C0%7C638914672692096073%7CUnknown%7CTWFpbGZsb3d8eyJFbXB0eU1hcGkiOnRydWUsIlYiOiIwLjAuMDAwMCIsIlAiOiJXaW4zMiIsIkFOIjoiTWFpbCIsIldUIjoyfQ%3D%3D%7C0%7C%7C%7C&amp;sdata=zVL6ptgnaC1subNS9DeKz5nkx4aJG1Y0Ucy%2FL%2FQesHg%3D&amp;reserved=0\" data-saferedirecturl=\"https:\/\/www.google.com\/url?q=https:\/\/nam02.safelinks.protection.outlook.com\/?url%3Dhttps%253A%252F%252Fforms.office.com%252Fr%252FqgKRXbCw0a%253Forigin%253DlprLink%26data%3D05%257C02%257Cmvicuna%2540mintrab.gob.cl%257C35c6864ca1dc4e8c817908dde18266c1%257C41dc440fbc404e55ad44bbe521f6a188%257C0%257C0%257C638914672692096073%257CUnknown%257CTWFpbGZsb3d8eyJFbXB0eU1hcGkiOnRydWUsIlYiOiIwLjAuMDAwMCIsIlAiOiJXaW4zMiIsIkFOIjoiTWFpbCIsIldUIjoyfQ%253D%253D%257C0%257C%257C%257C%26sdata%3DzVL6ptgnaC1subNS9DeKz5nkx4aJG1Y0Ucy%252FL%252FQesHg%253D%26reserved%3D0&amp;source=gmail&amp;ust=1756075490574000&amp;usg=AOvVaw31iIJVMjkCF3cOB1HDxIde\">https:\/\/forms.office.com\/r\/qgKRXbCw0a?origin=lprLink<\/a>.<\/p>\n<\/div><\/section><\/div><div  style='height:50px' class='hr hr-invisible   avia-builder-el-6  el_after_av_one_full  el_before_av_social_share '><span class='hr-inner ' ><span class='hr-inner-style'><\/span><\/span><\/div><\/p>\n<div  class='av-social-sharing-box  avia-builder-el-7  el_after_av_hr  el_before_av_hr  '><div class='av-share-box'><h5 class='av-share-link-description av-no-toc '>Compartir esta noticia<\/h5><ul class='av-share-box-list noLightbox'><li class='av-share-link av-social-link-facebook' ><a target=\"_blank\" aria-label=\"Compartir en Facebook\" href='https:\/\/www.facebook.com\/sharer.php?u=https:\/\/radiorevelacionfm.cl\/?p=58197&#038;t=Realizar%C3%A1n%20seminario%20pr%C3%A1ctico%20sobre%20la%20Ley%20Karin%2C%20a%20un%20a%C3%B1o%20de%20su%20entrada%20en%20vigencia' aria-hidden='false' data-av_icon='\ue8f3' data-av_iconfont='entypo-fontello' title='' data-avia-related-tooltip='Compartir en Facebook' rel=\"noopener\"><span class='avia_hidden_link_text'>Compartir en Facebook<\/span><\/a><\/li><li class='av-share-link av-social-link-twitter' ><a target=\"_blank\" aria-label=\"Compartir en Twitter\" href='https:\/\/twitter.com\/share?text=Realizar%C3%A1n%20seminario%20pr%C3%A1ctico%20sobre%20la%20Ley%20Karin%2C%20a%20un%20a%C3%B1o%20de%20su%20entrada%20en%20vigencia&#038;url=https:\/\/radiorevelacionfm.cl\/?p=58197' aria-hidden='false' data-av_icon='\ue8f1' data-av_iconfont='entypo-fontello' title='' data-avia-related-tooltip='Compartir en Twitter' rel=\"noopener\"><span class='avia_hidden_link_text'>Compartir en Twitter<\/span><\/a><\/li><li class='av-share-link av-social-link-whatsapp' ><a target=\"_blank\" aria-label=\"Compartir en Whatsapp\" href='https:\/\/api.whatsapp.com\/send?text=https:\/\/radiorevelacionfm.cl\/?p=58197' aria-hidden='false' data-av_icon='\uf232' data-av_iconfont='entypo-fontello' title='' data-avia-related-tooltip='Compartir en Whatsapp' rel=\"noopener\"><span class='avia_hidden_link_text'>Compartir en Whatsapp<\/span><\/a><\/li><li class='av-share-link av-social-link-linkedin' ><a target=\"_blank\" aria-label=\"Compartir en LinkedIn\" href='https:\/\/linkedin.com\/shareArticle?mini=true&#038;title=Realizar%C3%A1n%20seminario%20pr%C3%A1ctico%20sobre%20la%20Ley%20Karin%2C%20a%20un%20a%C3%B1o%20de%20su%20entrada%20en%20vigencia&#038;url=https:\/\/radiorevelacionfm.cl\/?p=58197' aria-hidden='false' data-av_icon='\ue8fc' data-av_iconfont='entypo-fontello' title='' data-avia-related-tooltip='Compartir en LinkedIn' rel=\"noopener\"><span class='avia_hidden_link_text'>Compartir en LinkedIn<\/span><\/a><\/li><li class='av-share-link av-social-link-mail' ><a  aria-label=\"Compartir por correo\" href='mailto:?subject=Realizar%C3%A1n%20seminario%20pr%C3%A1ctico%20sobre%20la%20Ley%20Karin%2C%20a%20un%20a%C3%B1o%20de%20su%20entrada%20en%20vigencia&#038;body=https:\/\/radiorevelacionfm.cl\/?p=58197' aria-hidden='false' data-av_icon='\ue805' data-av_iconfont='entypo-fontello' title='' data-avia-related-tooltip='Compartir por correo'><span class='avia_hidden_link_text'>Compartir por correo<\/span><\/a><\/li><\/ul><\/div><\/div>\n<div  style='height:50px' class='hr hr-invisible   avia-builder-el-8  el_after_av_social_share  el_before_av_comments_list '><span class='hr-inner ' ><span class='hr-inner-style'><\/span><\/span><\/div>\n<div  class='av-buildercomment  av-blog-meta-html-info-disabled av-blog-meta-tag-disabled  '><\/div>\n","protected":false},"excerpt":{"rendered":"","protected":false},"author":1,"featured_media":58198,"comment_status":"closed","ping_status":"closed","sticky":false,"template":"","format":"standard","meta":{"footnotes":""},"categories":[56],"tags":[],"class_list":["post-58197","post","type-post","status-publish","format-standard","has-post-thumbnail","hentry","category-trabajo"],"jetpack_featured_media_url":"https:\/\/radiorevelacionfm.cl\/wp-content\/uploads\/2025\/08\/LeyKarin_generico-1-1.jpg","_links":{"self":[{"href":"https:\/\/radiorevelacionfm.cl\/index.php?rest_route=\/wp\/v2\/posts\/58197","targetHints":{"allow":["GET"]}}],"collection":[{"href":"https:\/\/radiorevelacionfm.cl\/index.php?rest_route=\/wp\/v2\/posts"}],"about":[{"href":"https:\/\/radiorevelacionfm.cl\/index.php?rest_route=\/wp\/v2\/types\/post"}],"author":[{"embeddable":true,"href":"https:\/\/radiorevelacionfm.cl\/index.php?rest_route=\/wp\/v2\/users\/1"}],"replies":[{"embeddable":true,"href":"https:\/\/radiorevelacionfm.cl\/index.php?rest_route=%2Fwp%2Fv2%2Fcomments&post=58197"}],"version-history":[{"count":2,"href":"https:\/\/radiorevelacionfm.cl\/index.php?rest_route=\/wp\/v2\/posts\/58197\/revisions"}],"predecessor-version":[{"id":58204,"href":"https:\/\/radiorevelacionfm.cl\/index.php?rest_route=\/wp\/v2\/posts\/58197\/revisions\/58204"}],"wp:featuredmedia":[{"embeddable":true,"href":"https:\/\/radiorevelacionfm.cl\/index.php?rest_route=\/wp\/v2\/media\/58198"}],"wp:attachment":[{"href":"https:\/\/radiorevelacionfm.cl\/index.php?rest_route=%2Fwp%2Fv2%2Fmedia&parent=58197"}],"wp:term":[{"taxonomy":"category","embeddable":true,"href":"https:\/\/radiorevelacionfm.cl\/index.php?rest_route=%2Fwp%2Fv2%2Fcategories&post=58197"},{"taxonomy":"post_tag","embeddable":true,"href":"https:\/\/radiorevelacionfm.cl\/index.php?rest_route=%2Fwp%2Fv2%2Ftags&post=58197"}],"curies":[{"name":"wp","href":"https:\/\/api.w.org\/{rel}","templated":true}]}}