{"id":58192,"date":"2025-08-23T17:23:02","date_gmt":"2025-08-23T20:23:02","guid":{"rendered":"https:\/\/radiorevelacionfm.cl\/?p=58192"},"modified":"2025-08-23T17:23:02","modified_gmt":"2025-08-23T20:23:02","slug":"hablemos-de-todo-en-las-aulas-injuv-aborda-la-ansiedad-con-enfoque-preventivo-en-liceos-de-villa-manihuales-y-la-junta","status":"publish","type":"post","link":"https:\/\/radiorevelacionfm.cl\/?p=58192","title":{"rendered":"Hablemos de Todo en las aulas: INJUV aborda la ansiedad con enfoque preventivo en liceos de Villa Ma\u00f1ihuales y La Junta"},"content":{"rendered":"<div class=\"flex_column av_one_full  flex_column_div av-zero-column-padding first  avia-builder-el-0  el_before_av_one_full  avia-builder-el-first  \" style='border-radius:0px; '><div  class='avia-image-container  av-styling-    avia-builder-el-1  avia-builder-el-no-sibling  avia-align-center '  itemprop=\"image\" itemscope=\"itemscope\" itemtype=\"https:\/\/schema.org\/ImageObject\"  ><div class='avia-image-container-inner'><div class='avia-image-overlay-wrap'><img decoding=\"async\" class='wp-image-58194 avia-img-lazy-loading-not-58194 avia_image' src=\"https:\/\/radiorevelacionfm.cl\/wp-content\/uploads\/2025\/08\/FOTO-1-96-1-1.jpg\" alt='' title='FOTO 1 (96) (1) (1)' height=\"600\" width=\"800\"  itemprop=\"thumbnailUrl\" srcset=\"https:\/\/radiorevelacionfm.cl\/wp-content\/uploads\/2025\/08\/FOTO-1-96-1-1.jpg 800w, https:\/\/radiorevelacionfm.cl\/wp-content\/uploads\/2025\/08\/FOTO-1-96-1-1-300x225.jpg 300w, https:\/\/radiorevelacionfm.cl\/wp-content\/uploads\/2025\/08\/FOTO-1-96-1-1-768x576.jpg 768w, https:\/\/radiorevelacionfm.cl\/wp-content\/uploads\/2025\/08\/FOTO-1-96-1-1-705x529.jpg 705w, https:\/\/radiorevelacionfm.cl\/wp-content\/uploads\/2025\/08\/FOTO-1-96-1-1-450x338.jpg 450w, https:\/\/radiorevelacionfm.cl\/wp-content\/uploads\/2025\/08\/FOTO-1-96-1-1-600x450.jpg 600w\" sizes=\"(max-width: 800px) 100vw, 800px\" \/><\/div><\/div><\/div><\/div><div class=\"flex_column av_one_full  flex_column_div av-zero-column-padding first  avia-builder-el-2  el_after_av_one_full  el_before_av_one_full  column-top-margin\" style='border-radius:0px; '><section class=\"av_textblock_section \"  itemscope=\"itemscope\" itemtype=\"https:\/\/schema.org\/BlogPosting\" itemprop=\"blogPost\" ><div class='avia_textblock  '   itemprop=\"text\" ><p style=\"text-align: center;\"><strong><span style=\"font-size: 18pt;\">Hablemos de Todo en las aulas: INJUV aborda la ansiedad con enfoque preventivo en liceos de Villa Ma\u00f1ihuales y La Junta<\/span><\/strong><\/p>\n<div id=\"gtx-trans\" style=\"position: absolute; left: -50px; top: 4.31534px;\">\n<div class=\"gtx-trans-icon\"><\/div>\n<\/div>\n<\/div><\/section><\/div><div class=\"flex_column av_one_full  flex_column_div av-zero-column-padding first  avia-builder-el-4  el_after_av_one_full  el_before_av_hr  column-top-margin\" style='border-radius:0px; '><section class=\"av_textblock_section \"  itemscope=\"itemscope\" itemtype=\"https:\/\/schema.org\/BlogPosting\" itemprop=\"blogPost\" ><div class='avia_textblock  '   itemprop=\"text\" ><p style=\"text-align: justify;\">En el marco del Mes de las Juventudes y con el objetivo de promover el bienestar f\u00edsico y mental de las juventudes, el Instituto Nacional de la Juventud (INJUV), llev\u00f3 a cabo activaciones regionales en el Liceo Ma\u00f1ihuales de la comuna de Ays\u00e9n y en el Liceo Eusebio Ibar Schepeler de la comuna de Cisnes, actividades realizadas a trav\u00e9s \u00a0del programa de autocuidado Hablemos de Todo.<\/p>\n<p style=\"text-align: justify;\">La actividad estuvo dirigida a estudiantes de segundo y cuarto a\u00f1o medio y fue liderada por el psic\u00f3logo de INJUV Ays\u00e9n, Mauro Finlez Godoy, quien abord\u00f3 tem\u00e1ticas relacionadas con la ansiedad, entregando informaci\u00f3n actualizada y basada en evidencia cient\u00edfica. El prop\u00f3sito fue dotar a las y los j\u00f3venes de herramientas concretas para identificar, comprender y manejar esta problem\u00e1tica de salud mental cada vez m\u00e1s presente en su entorno.<\/p>\n<p style=\"text-align: justify;\">\u201cComo INJUV reafirmamos nuestro compromiso con la descentralizaci\u00f3n, acercando la oferta program\u00e1tica a cada territorio de la regi\u00f3n. Programas que se implementan como <em>Hablemos de Todo <\/em>son fundamentales para garantizar que las juventudes de Villa Ma\u00f1ihuales, La Junta y de todas las comunas de la regi\u00f3n de Ays\u00e9n tengan acceso a instancias de prevenci\u00f3n, acompa\u00f1amiento y orientaci\u00f3n en tem\u00e1ticas de salud mental y autocuidado\u201d, sostuvo el director regional de INJUV Ays\u00e9n, Camilo Trivi\u00f1o Urtubia.<\/p>\n<p style=\"text-align: justify;\">Paz Leiva C\u00f3rdova, alumna de segundo a\u00f1o medio del Liceo Ma\u00f1ihuales, valor\u00f3 la iniciativa destacando que \u201cme pareci\u00f3 muy buena la charla que nos dieron porque nos orientaron mucho m\u00e1s sobre c\u00f3mo abordar la ansiedad, tambi\u00e9n las actividades fueron s\u00faper entretenidas y did\u00e1cticas, espero que se sigan realizando estas instancias dirigidas a las juventudes\u201d.<\/p>\n<p style=\"text-align: justify;\">En tanto Benjam\u00edn Castillo Huenchumir, estudiante de cuarto a\u00f1o medio del Liceo Eusebio Ibar Schepeler de La Junta, indic\u00f3 que \u201cestuvo muy bueno el encuentro porque se desarrollaron actividades precisas, adem\u00e1s de una muy buena disposici\u00f3n por parte del psic\u00f3logo que nos habl\u00f3 sobre la ansiedad y las actividades no fueron aburridas, al contrario, ojal\u00e1 que este tipo de talleres se sigan realizando en mi liceo porque as\u00ed m\u00e1s compa\u00f1eras y compa\u00f1eros se informar\u00e1n sobre estos temas\u201d.<\/p>\n<p style=\"text-align: justify;\">El programa de INJUV Hablemos de Todo ofrece un servicio de chat en l\u00ednea gratuito y confidencial, atendido por profesionales de la salud mental. Este canal funciona de lunes a viernes entre las 11:00 y 23:00 horas, y los s\u00e1bados de 12:00 a 18:00 horas, proporcionando orientaci\u00f3n, contenci\u00f3n emocional y derivaci\u00f3n en caso de ser necesario.<\/p>\n<p style=\"text-align: justify;\">Durante este 2025 el programa se ha enfocado en trabajar tres tem\u00e1ticas priorizadas por las propias juventudes durante el Encuentro Territorial desarrollado el 2024: Ansiedad, Consumo de Alcohol y Drogas, e Interrupci\u00f3n Voluntaria del Embarazo, ejes centrales del abordaje que se ha realizado en la regi\u00f3n de Ays\u00e9n durante este a\u00f1o.<\/p>\n<p style=\"text-align: justify;\">Las y los j\u00f3venes interesados pueden obtener m\u00e1s informaci\u00f3n a trav\u00e9s del sitio web <a href=\"http:\/\/hablemosdetodo.injuv.gob.cl\">http:\/\/hablemosdetodo.injuv.gob.cl<\/a>, en redes sociales (@injuvaysen Instagram, X y Facebook) o de manera presencial en la direcci\u00f3n regional de INJUV Ays\u00e9n, ubicada en Manuel Rodr\u00edguez #239, Coyhaique, de lunes a jueves de 09:00 a 17:00 horas (horario continuado), y viernes hasta las 16:00 horas.<\/p>\n<\/div><\/section><\/div><div  style='height:50px' class='hr hr-invisible   avia-builder-el-6  el_after_av_one_full  el_before_av_social_share '><span class='hr-inner ' ><span class='hr-inner-style'><\/span><\/span><\/div><\/p>\n<div  class='av-social-sharing-box  avia-builder-el-7  el_after_av_hr  el_before_av_hr  '><div class='av-share-box'><h5 class='av-share-link-description av-no-toc '>Compartir esta noticia<\/h5><ul class='av-share-box-list noLightbox'><li class='av-share-link av-social-link-facebook' ><a target=\"_blank\" aria-label=\"Compartir en Facebook\" href='https:\/\/www.facebook.com\/sharer.php?u=https:\/\/radiorevelacionfm.cl\/?p=58192&#038;t=Hablemos%20de%20Todo%20en%20las%20aulas%3A%20INJUV%20aborda%20la%20ansiedad%20con%20enfoque%20preventivo%20en%20liceos%20de%20Villa%20Ma%C3%B1ihuales%20y%20La%20Junta' aria-hidden='false' data-av_icon='\ue8f3' data-av_iconfont='entypo-fontello' title='' data-avia-related-tooltip='Compartir en Facebook' rel=\"noopener\"><span class='avia_hidden_link_text'>Compartir en Facebook<\/span><\/a><\/li><li class='av-share-link av-social-link-twitter' ><a target=\"_blank\" aria-label=\"Compartir en Twitter\" href='https:\/\/twitter.com\/share?text=Hablemos%20de%20Todo%20en%20las%20aulas%3A%20INJUV%20aborda%20la%20ansiedad%20con%20enfoque%20preventivo%20en%20liceos%20de%20Villa%20Ma%C3%B1ihuales%20y%20La%20Junta&#038;url=https:\/\/radiorevelacionfm.cl\/?p=58192' aria-hidden='false' data-av_icon='\ue8f1' data-av_iconfont='entypo-fontello' title='' data-avia-related-tooltip='Compartir en Twitter' rel=\"noopener\"><span class='avia_hidden_link_text'>Compartir en Twitter<\/span><\/a><\/li><li class='av-share-link av-social-link-whatsapp' ><a target=\"_blank\" aria-label=\"Compartir en Whatsapp\" href='https:\/\/api.whatsapp.com\/send?text=https:\/\/radiorevelacionfm.cl\/?p=58192' aria-hidden='false' data-av_icon='\uf232' data-av_iconfont='entypo-fontello' title='' data-avia-related-tooltip='Compartir en Whatsapp' rel=\"noopener\"><span class='avia_hidden_link_text'>Compartir en Whatsapp<\/span><\/a><\/li><li class='av-share-link av-social-link-linkedin' ><a target=\"_blank\" aria-label=\"Compartir en LinkedIn\" href='https:\/\/linkedin.com\/shareArticle?mini=true&#038;title=Hablemos%20de%20Todo%20en%20las%20aulas%3A%20INJUV%20aborda%20la%20ansiedad%20con%20enfoque%20preventivo%20en%20liceos%20de%20Villa%20Ma%C3%B1ihuales%20y%20La%20Junta&#038;url=https:\/\/radiorevelacionfm.cl\/?p=58192' aria-hidden='false' data-av_icon='\ue8fc' data-av_iconfont='entypo-fontello' title='' data-avia-related-tooltip='Compartir en LinkedIn' rel=\"noopener\"><span class='avia_hidden_link_text'>Compartir en LinkedIn<\/span><\/a><\/li><li class='av-share-link av-social-link-mail' ><a  aria-label=\"Compartir por correo\" href='mailto:?subject=Hablemos%20de%20Todo%20en%20las%20aulas%3A%20INJUV%20aborda%20la%20ansiedad%20con%20enfoque%20preventivo%20en%20liceos%20de%20Villa%20Ma%C3%B1ihuales%20y%20La%20Junta&#038;body=https:\/\/radiorevelacionfm.cl\/?p=58192' aria-hidden='false' data-av_icon='\ue805' data-av_iconfont='entypo-fontello' title='' data-avia-related-tooltip='Compartir por correo'><span class='avia_hidden_link_text'>Compartir por correo<\/span><\/a><\/li><\/ul><\/div><\/div>\n<div  style='height:50px' class='hr hr-invisible   avia-builder-el-8  el_after_av_social_share  el_before_av_comments_list '><span class='hr-inner ' ><span class='hr-inner-style'><\/span><\/span><\/div>\n<div  class='av-buildercomment  av-blog-meta-html-info-disabled av-blog-meta-tag-disabled  '><\/div>\n","protected":false},"excerpt":{"rendered":"","protected":false},"author":1,"featured_media":58194,"comment_status":"closed","ping_status":"closed","sticky":false,"template":"","format":"standard","meta":{"footnotes":""},"categories":[38],"tags":[],"class_list":["post-58192","post","type-post","status-publish","format-standard","has-post-thumbnail","hentry","category-regional"],"jetpack_featured_media_url":"https:\/\/radiorevelacionfm.cl\/wp-content\/uploads\/2025\/08\/FOTO-1-96-1-1.jpg","_links":{"self":[{"href":"https:\/\/radiorevelacionfm.cl\/index.php?rest_route=\/wp\/v2\/posts\/58192","targetHints":{"allow":["GET"]}}],"collection":[{"href":"https:\/\/radiorevelacionfm.cl\/index.php?rest_route=\/wp\/v2\/posts"}],"about":[{"href":"https:\/\/radiorevelacionfm.cl\/index.php?rest_route=\/wp\/v2\/types\/post"}],"author":[{"embeddable":true,"href":"https:\/\/radiorevelacionfm.cl\/index.php?rest_route=\/wp\/v2\/users\/1"}],"replies":[{"embeddable":true,"href":"https:\/\/radiorevelacionfm.cl\/index.php?rest_route=%2Fwp%2Fv2%2Fcomments&post=58192"}],"version-history":[{"count":2,"href":"https:\/\/radiorevelacionfm.cl\/index.php?rest_route=\/wp\/v2\/posts\/58192\/revisions"}],"predecessor-version":[{"id":58196,"href":"https:\/\/radiorevelacionfm.cl\/index.php?rest_route=\/wp\/v2\/posts\/58192\/revisions\/58196"}],"wp:featuredmedia":[{"embeddable":true,"href":"https:\/\/radiorevelacionfm.cl\/index.php?rest_route=\/wp\/v2\/media\/58194"}],"wp:attachment":[{"href":"https:\/\/radiorevelacionfm.cl\/index.php?rest_route=%2Fwp%2Fv2%2Fmedia&parent=58192"}],"wp:term":[{"taxonomy":"category","embeddable":true,"href":"https:\/\/radiorevelacionfm.cl\/index.php?rest_route=%2Fwp%2Fv2%2Fcategories&post=58192"},{"taxonomy":"post_tag","embeddable":true,"href":"https:\/\/radiorevelacionfm.cl\/index.php?rest_route=%2Fwp%2Fv2%2Ftags&post=58192"}],"curies":[{"name":"wp","href":"https:\/\/api.w.org\/{rel}","templated":true}]}}