{"id":58182,"date":"2025-08-23T15:08:30","date_gmt":"2025-08-23T18:08:30","guid":{"rendered":"https:\/\/radiorevelacionfm.cl\/?p=58182"},"modified":"2025-08-23T15:08:30","modified_gmt":"2025-08-23T18:08:30","slug":"consejero-arcadio-soto-afianzar-lazos-con-chubut-es-clave-para-potenciarnos-como-territorio-y-eso-requiere-un-compromiso-real","status":"publish","type":"post","link":"https:\/\/radiorevelacionfm.cl\/?p=58182","title":{"rendered":"Consejero Arcadio Soto: \u00abAfianzar lazos con Chubut es clave para potenciarnos como territorio y eso requiere un compromiso real\u201d"},"content":{"rendered":"<div class=\"flex_column av_one_full  flex_column_div av-zero-column-padding first  avia-builder-el-0  el_before_av_one_full  avia-builder-el-first  \" style='border-radius:0px; '><div  class='avia-image-container  av-styling-    avia-builder-el-1  avia-builder-el-no-sibling  avia-align-center '  itemprop=\"image\" itemscope=\"itemscope\" itemtype=\"https:\/\/schema.org\/ImageObject\"  ><div class='avia-image-container-inner'><div class='avia-image-overlay-wrap'><img decoding=\"async\" class='wp-image-58183 avia-img-lazy-loading-not-58183 avia_image' src=\"https:\/\/radiorevelacionfm.cl\/wp-content\/uploads\/2025\/08\/comodoro-3-1_optimized.jpg\" alt='' title='comodoro-(3)-(1)_optimized' height=\"600\" width=\"898\"  itemprop=\"thumbnailUrl\" srcset=\"https:\/\/radiorevelacionfm.cl\/wp-content\/uploads\/2025\/08\/comodoro-3-1_optimized.jpg 898w, https:\/\/radiorevelacionfm.cl\/wp-content\/uploads\/2025\/08\/comodoro-3-1_optimized-300x200.jpg 300w, https:\/\/radiorevelacionfm.cl\/wp-content\/uploads\/2025\/08\/comodoro-3-1_optimized-768x513.jpg 768w, https:\/\/radiorevelacionfm.cl\/wp-content\/uploads\/2025\/08\/comodoro-3-1_optimized-705x471.jpg 705w, https:\/\/radiorevelacionfm.cl\/wp-content\/uploads\/2025\/08\/comodoro-3-1_optimized-450x301.jpg 450w, https:\/\/radiorevelacionfm.cl\/wp-content\/uploads\/2025\/08\/comodoro-3-1_optimized-600x401.jpg 600w\" sizes=\"(max-width: 898px) 100vw, 898px\" \/><\/div><\/div><\/div><\/div><div class=\"flex_column av_one_full  flex_column_div av-zero-column-padding first  avia-builder-el-2  el_after_av_one_full  el_before_av_one_full  column-top-margin\" style='border-radius:0px; '><section class=\"av_textblock_section \"  itemscope=\"itemscope\" itemtype=\"https:\/\/schema.org\/BlogPosting\" itemprop=\"blogPost\" ><div class='avia_textblock  '   itemprop=\"text\" ><p style=\"text-align: center;\"><strong><span style=\"font-size: 18pt;\">Consejero Arcadio Soto: \u00abAfianzar lazos con Chubut es clave para potenciarnos como territorio y eso requiere un compromiso real\u201d<\/span><\/strong><\/p>\n<div id=\"gtx-trans\" style=\"position: absolute; left: -50px; top: 4.31534px;\">\n<div class=\"gtx-trans-icon\"><\/div>\n<\/div>\n<\/div><\/section><\/div><div class=\"flex_column av_one_full  flex_column_div av-zero-column-padding first  avia-builder-el-4  el_after_av_one_full  el_before_av_hr  column-top-margin\" style='border-radius:0px; '><section class=\"av_textblock_section \"  itemscope=\"itemscope\" itemtype=\"https:\/\/schema.org\/BlogPosting\" itemprop=\"blogPost\" ><div class='avia_textblock  '   itemprop=\"text\" ><p style=\"text-align: justify;\">Tras su participaci\u00f3n en la Expo Turismo Comodoro 2025 como parte de la delegaci\u00f3n de la Regi\u00f3n de Ays\u00e9n, el consejero regional por la Provincia General Carrera, Arcadio Soto Ser\u00f3n, destac\u00f3 la relevancia de esta feria internacional que reuni\u00f3 a m\u00e1s de 20 mil visitantes y medio centenar de destinos tur\u00edsticos de la Patagonia chilena y argentina.<\/p>\n<p style=\"text-align: justify;\">El Core valor\u00f3 la instancia como un precedente clave para el futuro: \u201cSon hitos que afianzan los lazos y que deben convertirse en un nuevo punto de partida sobre turismo, comercio, conectividad y cooperaci\u00f3n regional\u201d, se\u00f1al\u00f3.<\/p>\n<p style=\"text-align: justify;\">Asimismo, subray\u00f3 que la presencia de los actores tur\u00edsticos de Ays\u00e9n permiti\u00f3 posicionar a la regi\u00f3n en un mercado estrat\u00e9gico: \u201cSe trata de una plataforma clave para visibilizar a Ays\u00e9n en Argentina, particularmente en la Patagonia, donde existe un alto potencial de integraci\u00f3n tur\u00edstica\u201d, agreg\u00f3.<\/p>\n<p style=\"text-align: justify;\">Durante la feria, representantes de diversas comunas de Ays\u00e9n contaron con un stand propio para difundir los atractivos, experiencias y servicios tur\u00edsticos del territorio. Tambi\u00e9n participaron en una rueda de negocios, espacio considerado fundamental para establecer redes y contactos con operadores argentinos.<\/p>\n<p style=\"text-align: justify;\">En este sentido, Soto recalc\u00f3: \u201cEsta feria es una instancia estrat\u00e9gica para dar a conocer nuestra regi\u00f3n en un mercado cercano y con alto inter\u00e9s por Ays\u00e9n. Considerando el aumento de turistas argentinos en la \u00faltima temporada, debemos ofrecer tambi\u00e9n opciones que los motiven a recorrer la Carretera Austral y vivir la experiencia completa de nuestra regi\u00f3n\u201d.<\/p>\n<p style=\"text-align: justify;\">La comitiva regional, encabezada por el gobernador Marcelo Santana Vargas e integrada tambi\u00e9n por el consejero regional Julio Rossel, sostuvo reuniones con autoridades y entidades trasandinas como el Intendente de Comodoro Rivadavia, el Consulado de Chile, la Asociaci\u00f3n de Residentes Chilenos y la C\u00e1mara de Comercio e Industria de Comodoro Rivadavia y Rada Tilly.<\/p>\n<p style=\"text-align: justify;\">Uno de los hitos fue la participaci\u00f3n en la Mesa Binacional de Turismo, donde se abordaron temas estructurales: conectividad a\u00e9rea y terrestre, agilizaci\u00f3n de tr\u00e1mites fronterizos y una estrategia conjunta de promoci\u00f3n tur\u00edstica. \u201cExiste voluntad pol\u00edtica para avanzar en una agenda compartida. Desde el Consejo Regional seguiremos impulsando con fuerza estas alianzas binacionales, porque el turismo no tiene fronteras y su desarrollo debe ser planificado de manera integrada entre ambos lados de la Patagonia\u201d, asegur\u00f3 Soto.<\/p>\n<p style=\"text-align: justify;\">La visi\u00f3n positiva fue compartida por representantes del turismo local. Francisca Calfullanca, de la Asociaci\u00f3n Tur\u00edstica del Parque Nacional Cerro Castillo, afirm\u00f3 que: \u201cLa feria fue una experiencia muy enriquecedora. Nos permiti\u00f3 acercarnos a un p\u00fablico que ya conoce Chile y que busca nuevas experiencias. Generamos alianzas, establecimos contactos y mostramos la riqueza de R\u00edo Ib\u00e1\u00f1ez, en especial el valor humano de su gente\u201d.<\/p>\n<p style=\"text-align: justify;\">En tanto, Fernando P\u00e1vez, representante de la comuna de Chile Chico, recalc\u00f3 la necesidad de profesionalizar cada vez m\u00e1s la presencia regional: \u201cLa Expo Turismo re\u00fane a m\u00e1s de un centenar de destinos de la Patagonia chilena y argentina. Estas instancias son fundamentales para cooperar, generar alianzas estrat\u00e9gicas y diversificar la econom\u00eda tur\u00edstica local en torno a la cuenca del Baker\u201d.<\/p>\n<p style=\"text-align: justify;\">Finalmente, Arcadio Soto reiter\u00f3 su compromiso con el desarrollo tur\u00edstico como motor econ\u00f3mico y herramienta de integraci\u00f3n territorial: \u201cEl turismo debe ser parte de una visi\u00f3n de desarrollo sustentable y descentralizado. Como regi\u00f3n, tenemos un enorme potencial, pero para aprovecharlo debemos trabajar con estrategia, planificaci\u00f3n y mirada internacional. Esa es la tarea, y desde el Consejo Regional la seguiremos empujando con convicci\u00f3n\u201d.<\/p>\n<\/div><\/section><\/div><div  style='height:50px' class='hr hr-invisible   avia-builder-el-6  el_after_av_one_full  el_before_av_social_share '><span class='hr-inner ' ><span class='hr-inner-style'><\/span><\/span><\/div><\/p>\n<div  class='av-social-sharing-box  avia-builder-el-7  el_after_av_hr  el_before_av_hr  '><div class='av-share-box'><h5 class='av-share-link-description av-no-toc '>Compartir esta noticia<\/h5><ul class='av-share-box-list noLightbox'><li class='av-share-link av-social-link-facebook' ><a target=\"_blank\" aria-label=\"Compartir en Facebook\" href='https:\/\/www.facebook.com\/sharer.php?u=https:\/\/radiorevelacionfm.cl\/?p=58182&#038;t=Consejero%20Arcadio%20Soto%3A%20%C2%ABAfianzar%20lazos%20con%20Chubut%20es%20clave%20para%20potenciarnos%20como%20territorio%20y%20eso%20requiere%20un%20compromiso%20real%E2%80%9D' aria-hidden='false' data-av_icon='\ue8f3' data-av_iconfont='entypo-fontello' title='' data-avia-related-tooltip='Compartir en Facebook' rel=\"noopener\"><span class='avia_hidden_link_text'>Compartir en Facebook<\/span><\/a><\/li><li class='av-share-link av-social-link-twitter' ><a target=\"_blank\" aria-label=\"Compartir en Twitter\" href='https:\/\/twitter.com\/share?text=Consejero%20Arcadio%20Soto%3A%20%C2%ABAfianzar%20lazos%20con%20Chubut%20es%20clave%20para%20potenciarnos%20como%20territorio%20y%20eso%20requiere%20un%20compromiso%20real%E2%80%9D&#038;url=https:\/\/radiorevelacionfm.cl\/?p=58182' aria-hidden='false' data-av_icon='\ue8f1' data-av_iconfont='entypo-fontello' title='' data-avia-related-tooltip='Compartir en Twitter' rel=\"noopener\"><span class='avia_hidden_link_text'>Compartir en Twitter<\/span><\/a><\/li><li class='av-share-link av-social-link-whatsapp' ><a target=\"_blank\" aria-label=\"Compartir en Whatsapp\" href='https:\/\/api.whatsapp.com\/send?text=https:\/\/radiorevelacionfm.cl\/?p=58182' aria-hidden='false' data-av_icon='\uf232' data-av_iconfont='entypo-fontello' title='' data-avia-related-tooltip='Compartir en Whatsapp' rel=\"noopener\"><span class='avia_hidden_link_text'>Compartir en Whatsapp<\/span><\/a><\/li><li class='av-share-link av-social-link-linkedin' ><a target=\"_blank\" aria-label=\"Compartir en LinkedIn\" href='https:\/\/linkedin.com\/shareArticle?mini=true&#038;title=Consejero%20Arcadio%20Soto%3A%20%C2%ABAfianzar%20lazos%20con%20Chubut%20es%20clave%20para%20potenciarnos%20como%20territorio%20y%20eso%20requiere%20un%20compromiso%20real%E2%80%9D&#038;url=https:\/\/radiorevelacionfm.cl\/?p=58182' aria-hidden='false' data-av_icon='\ue8fc' data-av_iconfont='entypo-fontello' title='' data-avia-related-tooltip='Compartir en LinkedIn' rel=\"noopener\"><span class='avia_hidden_link_text'>Compartir en LinkedIn<\/span><\/a><\/li><li class='av-share-link av-social-link-mail' ><a  aria-label=\"Compartir por correo\" href='mailto:?subject=Consejero%20Arcadio%20Soto%3A%20%C2%ABAfianzar%20lazos%20con%20Chubut%20es%20clave%20para%20potenciarnos%20como%20territorio%20y%20eso%20requiere%20un%20compromiso%20real%E2%80%9D&#038;body=https:\/\/radiorevelacionfm.cl\/?p=58182' aria-hidden='false' data-av_icon='\ue805' data-av_iconfont='entypo-fontello' title='' data-avia-related-tooltip='Compartir por correo'><span class='avia_hidden_link_text'>Compartir por correo<\/span><\/a><\/li><\/ul><\/div><\/div>\n<div  style='height:50px' class='hr hr-invisible   avia-builder-el-8  el_after_av_social_share  el_before_av_comments_list '><span class='hr-inner ' ><span class='hr-inner-style'><\/span><\/span><\/div>\n<div  class='av-buildercomment  av-blog-meta-html-info-disabled av-blog-meta-tag-disabled  '><\/div>\n","protected":false},"excerpt":{"rendered":"","protected":false},"author":1,"featured_media":58183,"comment_status":"closed","ping_status":"closed","sticky":false,"template":"","format":"standard","meta":{"footnotes":""},"categories":[38],"tags":[],"class_list":["post-58182","post","type-post","status-publish","format-standard","has-post-thumbnail","hentry","category-regional"],"jetpack_featured_media_url":"https:\/\/radiorevelacionfm.cl\/wp-content\/uploads\/2025\/08\/comodoro-3-1_optimized.jpg","_links":{"self":[{"href":"https:\/\/radiorevelacionfm.cl\/index.php?rest_route=\/wp\/v2\/posts\/58182","targetHints":{"allow":["GET"]}}],"collection":[{"href":"https:\/\/radiorevelacionfm.cl\/index.php?rest_route=\/wp\/v2\/posts"}],"about":[{"href":"https:\/\/radiorevelacionfm.cl\/index.php?rest_route=\/wp\/v2\/types\/post"}],"author":[{"embeddable":true,"href":"https:\/\/radiorevelacionfm.cl\/index.php?rest_route=\/wp\/v2\/users\/1"}],"replies":[{"embeddable":true,"href":"https:\/\/radiorevelacionfm.cl\/index.php?rest_route=%2Fwp%2Fv2%2Fcomments&post=58182"}],"version-history":[{"count":2,"href":"https:\/\/radiorevelacionfm.cl\/index.php?rest_route=\/wp\/v2\/posts\/58182\/revisions"}],"predecessor-version":[{"id":58191,"href":"https:\/\/radiorevelacionfm.cl\/index.php?rest_route=\/wp\/v2\/posts\/58182\/revisions\/58191"}],"wp:featuredmedia":[{"embeddable":true,"href":"https:\/\/radiorevelacionfm.cl\/index.php?rest_route=\/wp\/v2\/media\/58183"}],"wp:attachment":[{"href":"https:\/\/radiorevelacionfm.cl\/index.php?rest_route=%2Fwp%2Fv2%2Fmedia&parent=58182"}],"wp:term":[{"taxonomy":"category","embeddable":true,"href":"https:\/\/radiorevelacionfm.cl\/index.php?rest_route=%2Fwp%2Fv2%2Fcategories&post=58182"},{"taxonomy":"post_tag","embeddable":true,"href":"https:\/\/radiorevelacionfm.cl\/index.php?rest_route=%2Fwp%2Fv2%2Ftags&post=58182"}],"curies":[{"name":"wp","href":"https:\/\/api.w.org\/{rel}","templated":true}]}}