{"id":58179,"date":"2025-08-24T20:49:57","date_gmt":"2025-08-24T23:49:57","guid":{"rendered":"https:\/\/radiorevelacionfm.cl\/?p=58179"},"modified":"2025-08-24T20:49:57","modified_gmt":"2025-08-24T23:49:57","slug":"senador-sandoval-y-renuncia-de-ministro-de-hacienda-muy-sorpresivo-sin-duda","status":"publish","type":"post","link":"https:\/\/radiorevelacionfm.cl\/?p=58179","title":{"rendered":"Senador Sandoval y renuncia de ministro de Hacienda: \u201cMuy sorpresivo sin duda\u201d"},"content":{"rendered":"<div class=\"flex_column av_one_full  flex_column_div av-zero-column-padding first  avia-builder-el-0  el_before_av_one_full  avia-builder-el-first  \" style='border-radius:0px; '><div  class='avia-image-container  av-styling-    avia-builder-el-1  avia-builder-el-no-sibling  avia-align-center '  itemprop=\"image\" itemscope=\"itemscope\" itemtype=\"https:\/\/schema.org\/ImageObject\"  ><div class='avia-image-container-inner'><div class='avia-image-overlay-wrap'><img decoding=\"async\" class='wp-image-58180 avia-img-lazy-loading-not-58180 avia_image' src=\"https:\/\/radiorevelacionfm.cl\/wp-content\/uploads\/2025\/08\/Senador-sandoval-22.08.2025-1-1.jpg\" alt='' title='Senador sandoval 22.08.2025 (1) (1)' height=\"600\" width=\"898\"  itemprop=\"thumbnailUrl\" srcset=\"https:\/\/radiorevelacionfm.cl\/wp-content\/uploads\/2025\/08\/Senador-sandoval-22.08.2025-1-1.jpg 898w, https:\/\/radiorevelacionfm.cl\/wp-content\/uploads\/2025\/08\/Senador-sandoval-22.08.2025-1-1-300x200.jpg 300w, https:\/\/radiorevelacionfm.cl\/wp-content\/uploads\/2025\/08\/Senador-sandoval-22.08.2025-1-1-768x513.jpg 768w, https:\/\/radiorevelacionfm.cl\/wp-content\/uploads\/2025\/08\/Senador-sandoval-22.08.2025-1-1-705x471.jpg 705w, https:\/\/radiorevelacionfm.cl\/wp-content\/uploads\/2025\/08\/Senador-sandoval-22.08.2025-1-1-450x301.jpg 450w, https:\/\/radiorevelacionfm.cl\/wp-content\/uploads\/2025\/08\/Senador-sandoval-22.08.2025-1-1-600x401.jpg 600w\" sizes=\"(max-width: 898px) 100vw, 898px\" \/><\/div><\/div><\/div><\/div><div class=\"flex_column av_one_full  flex_column_div av-zero-column-padding first  avia-builder-el-2  el_after_av_one_full  el_before_av_one_full  column-top-margin\" style='border-radius:0px; '><section class=\"av_textblock_section \"  itemscope=\"itemscope\" itemtype=\"https:\/\/schema.org\/BlogPosting\" itemprop=\"blogPost\" ><div class='avia_textblock  '   itemprop=\"text\" ><p style=\"text-align: center;\"><span style=\"font-size: 18pt;\"><strong>Senador Sandoval y renuncia de ministro de Hacienda: <\/strong><strong>\u201cMuy sorpresivo sin duda\u201d<\/strong><\/span><\/p>\n<div id=\"gtx-trans\" style=\"position: absolute; left: -50px; top: 4.31534px;\">\n<div class=\"gtx-trans-icon\"><\/div>\n<\/div>\n<\/div><\/section><\/div><div class=\"flex_column av_one_full  flex_column_div av-zero-column-padding first  avia-builder-el-4  el_after_av_one_full  el_before_av_hr  column-top-margin\" style='border-radius:0px; '><section class=\"av_textblock_section \"  itemscope=\"itemscope\" itemtype=\"https:\/\/schema.org\/BlogPosting\" itemprop=\"blogPost\" ><div class='avia_textblock  '   itemprop=\"text\" ><p style=\"text-align: justify;\"><em>Sobre la salida del ministro de Agricultura, el parlamentario se\u00f1al\u00f3 que la misma no sorprende por los fuertes cuestionamientos que hab\u00edan sobre su gesti\u00f3n.<\/em><\/p>\n<p style=\"text-align: justify;\">Como sorpresiva calific\u00f3 el senador David Sandoval la renuncia del ministro de Hacienda, Mario Marcel, la cual se materializ\u00f3 en los \u00faltimos d\u00edas.<\/p>\n<p style=\"text-align: justify;\">Para el parlamentario la situaci\u00f3n se da en una etapa \u201ctan crucial donde est\u00e1 pr\u00e1cticamente cerr\u00e1ndose un episodio del gobierno\u201d, agregando que el tema resulta un poco inquietante. \u201cEra un ministro que generaba ciertos m\u00e1rgenes de certeza, de confianza, de su seriedad en el trabajo, a pesar de los cuestionamientos \u00faltimos que se hab\u00edan hecho sobre \u00e9l. Pero estamos en un proceso en el cual se est\u00e1 formulando el Presupuesto del a\u00f1o 2026 y eso evidentemente gener\u00f3 una extra\u00f1eza bastante profunda que realmente no sabemos cu\u00e1l es el contexto\u201d, subray\u00f3.<\/p>\n<p style=\"text-align: justify;\">Seg\u00fan Sandoval, este tipo de cambios son muy sorpresivos, m\u00e1s cuando se dan en una \u00e9poca \u201cdonde los gobiernos ya normalmente est\u00e1n consolidados sus equipos y pr\u00e1cticamente est\u00e1n pensando la fase de cierre\u201d.<\/p>\n<p style=\"text-align: justify;\">Por lo mismo consider\u00f3 que se trata de un hecho lamentable que espera no afecte la tramitaci\u00f3n presupuestaria. Esto, pues su reemplazo, el ministro Nicol\u00e1s Grau \u201cgenera todav\u00eda muchas m\u00e1s inseguridades, mucha m\u00e1s incerteza y muchas complejidades\u201d, recordando los problemas que hubo en el tr\u00e1mite de la nueva ley de fraccionamiento de cuotas de pesca. \u201cVa a haber que monitorear, ver qu\u00e9 es lo que pasa, pero es extremadamente raro todo lo que aconteci\u00f3 el d\u00eda de ayer (jueves)\u201d, asegur\u00f3.<\/p>\n<p style=\"text-align: justify;\">Respecto a la salida del ministro de Agricultura, Esteban Valenzuela, el legislador dijo que la misma \u201cno sorprende mucho\u201d por los fuertes cuestionamientos que exist\u00edan sobre su gesti\u00f3n. \u201cAqu\u00ed mismo en la regi\u00f3n se constituy\u00f3, en un compromiso presupuestario, una mesa de la lana que pr\u00e1cticamente no tuvo mucho avance y que estaba en manos de esa de esa cartera\u201d, concluy\u00f3.<\/p>\n<\/div><\/section><\/div><div  style='height:50px' class='hr hr-invisible   avia-builder-el-6  el_after_av_one_full  el_before_av_social_share '><span class='hr-inner ' ><span class='hr-inner-style'><\/span><\/span><\/div><\/p>\n<div  class='av-social-sharing-box  avia-builder-el-7  el_after_av_hr  el_before_av_hr  '><div class='av-share-box'><h5 class='av-share-link-description av-no-toc '>Compartir esta noticia<\/h5><ul class='av-share-box-list noLightbox'><li class='av-share-link av-social-link-facebook' ><a target=\"_blank\" aria-label=\"Compartir en Facebook\" href='https:\/\/www.facebook.com\/sharer.php?u=https:\/\/radiorevelacionfm.cl\/?p=58179&#038;t=Senador%20Sandoval%20y%20renuncia%20de%20ministro%20de%20Hacienda%3A%20%E2%80%9CMuy%20sorpresivo%20sin%20duda%E2%80%9D' aria-hidden='false' data-av_icon='\ue8f3' data-av_iconfont='entypo-fontello' title='' data-avia-related-tooltip='Compartir en Facebook' rel=\"noopener\"><span class='avia_hidden_link_text'>Compartir en Facebook<\/span><\/a><\/li><li class='av-share-link av-social-link-twitter' ><a target=\"_blank\" aria-label=\"Compartir en Twitter\" href='https:\/\/twitter.com\/share?text=Senador%20Sandoval%20y%20renuncia%20de%20ministro%20de%20Hacienda%3A%20%E2%80%9CMuy%20sorpresivo%20sin%20duda%E2%80%9D&#038;url=https:\/\/radiorevelacionfm.cl\/?p=58179' aria-hidden='false' data-av_icon='\ue8f1' data-av_iconfont='entypo-fontello' title='' data-avia-related-tooltip='Compartir en Twitter' rel=\"noopener\"><span class='avia_hidden_link_text'>Compartir en Twitter<\/span><\/a><\/li><li class='av-share-link av-social-link-whatsapp' ><a target=\"_blank\" aria-label=\"Compartir en Whatsapp\" href='https:\/\/api.whatsapp.com\/send?text=https:\/\/radiorevelacionfm.cl\/?p=58179' aria-hidden='false' data-av_icon='\uf232' data-av_iconfont='entypo-fontello' title='' data-avia-related-tooltip='Compartir en Whatsapp' rel=\"noopener\"><span class='avia_hidden_link_text'>Compartir en Whatsapp<\/span><\/a><\/li><li class='av-share-link av-social-link-linkedin' ><a target=\"_blank\" aria-label=\"Compartir en LinkedIn\" href='https:\/\/linkedin.com\/shareArticle?mini=true&#038;title=Senador%20Sandoval%20y%20renuncia%20de%20ministro%20de%20Hacienda%3A%20%E2%80%9CMuy%20sorpresivo%20sin%20duda%E2%80%9D&#038;url=https:\/\/radiorevelacionfm.cl\/?p=58179' aria-hidden='false' data-av_icon='\ue8fc' data-av_iconfont='entypo-fontello' title='' data-avia-related-tooltip='Compartir en LinkedIn' rel=\"noopener\"><span class='avia_hidden_link_text'>Compartir en LinkedIn<\/span><\/a><\/li><li class='av-share-link av-social-link-mail' ><a  aria-label=\"Compartir por correo\" href='mailto:?subject=Senador%20Sandoval%20y%20renuncia%20de%20ministro%20de%20Hacienda%3A%20%E2%80%9CMuy%20sorpresivo%20sin%20duda%E2%80%9D&#038;body=https:\/\/radiorevelacionfm.cl\/?p=58179' aria-hidden='false' data-av_icon='\ue805' data-av_iconfont='entypo-fontello' title='' data-avia-related-tooltip='Compartir por correo'><span class='avia_hidden_link_text'>Compartir por correo<\/span><\/a><\/li><\/ul><\/div><\/div>\n<div  style='height:50px' class='hr hr-invisible   avia-builder-el-8  el_after_av_social_share  el_before_av_comments_list '><span class='hr-inner ' ><span class='hr-inner-style'><\/span><\/span><\/div>\n<div  class='av-buildercomment  av-blog-meta-html-info-disabled av-blog-meta-tag-disabled  '><\/div>\n","protected":false},"excerpt":{"rendered":"","protected":false},"author":1,"featured_media":58180,"comment_status":"closed","ping_status":"closed","sticky":false,"template":"","format":"standard","meta":{"footnotes":""},"categories":[35],"tags":[],"class_list":["post-58179","post","type-post","status-publish","format-standard","has-post-thumbnail","hentry","category-politica"],"jetpack_featured_media_url":"https:\/\/radiorevelacionfm.cl\/wp-content\/uploads\/2025\/08\/Senador-sandoval-22.08.2025-1-1.jpg","_links":{"self":[{"href":"https:\/\/radiorevelacionfm.cl\/index.php?rest_route=\/wp\/v2\/posts\/58179","targetHints":{"allow":["GET"]}}],"collection":[{"href":"https:\/\/radiorevelacionfm.cl\/index.php?rest_route=\/wp\/v2\/posts"}],"about":[{"href":"https:\/\/radiorevelacionfm.cl\/index.php?rest_route=\/wp\/v2\/types\/post"}],"author":[{"embeddable":true,"href":"https:\/\/radiorevelacionfm.cl\/index.php?rest_route=\/wp\/v2\/users\/1"}],"replies":[{"embeddable":true,"href":"https:\/\/radiorevelacionfm.cl\/index.php?rest_route=%2Fwp%2Fv2%2Fcomments&post=58179"}],"version-history":[{"count":2,"href":"https:\/\/radiorevelacionfm.cl\/index.php?rest_route=\/wp\/v2\/posts\/58179\/revisions"}],"predecessor-version":[{"id":58220,"href":"https:\/\/radiorevelacionfm.cl\/index.php?rest_route=\/wp\/v2\/posts\/58179\/revisions\/58220"}],"wp:featuredmedia":[{"embeddable":true,"href":"https:\/\/radiorevelacionfm.cl\/index.php?rest_route=\/wp\/v2\/media\/58180"}],"wp:attachment":[{"href":"https:\/\/radiorevelacionfm.cl\/index.php?rest_route=%2Fwp%2Fv2%2Fmedia&parent=58179"}],"wp:term":[{"taxonomy":"category","embeddable":true,"href":"https:\/\/radiorevelacionfm.cl\/index.php?rest_route=%2Fwp%2Fv2%2Fcategories&post=58179"},{"taxonomy":"post_tag","embeddable":true,"href":"https:\/\/radiorevelacionfm.cl\/index.php?rest_route=%2Fwp%2Fv2%2Ftags&post=58179"}],"curies":[{"name":"wp","href":"https:\/\/api.w.org\/{rel}","templated":true}]}}