{"id":58176,"date":"2025-08-23T12:24:17","date_gmt":"2025-08-23T15:24:17","guid":{"rendered":"https:\/\/radiorevelacionfm.cl\/?p=58176"},"modified":"2025-08-23T12:30:53","modified_gmt":"2025-08-23T15:30:53","slug":"organizaciones-ambientales-que-impulsan-la-salida-de-la-industria-acuicola-de-las-areas-protegidas-exigen-a-ministra-de-defensa-a-cumplir-la-ley-en-caso-de-caducidad-de-concesiones-s","status":"publish","type":"post","link":"https:\/\/radiorevelacionfm.cl\/?p=58176","title":{"rendered":"Organizaciones ambientales que impulsan la salida de la industria acu\u00edcola de las \u00e1reas protegidas exigen a ministra de Defensa \u201ccumplir la ley\u201d en caso de caducidad de concesiones salmoneras"},"content":{"rendered":"<div class=\"flex_column av_one_full  flex_column_div av-zero-column-padding first  avia-builder-el-0  el_before_av_one_full  avia-builder-el-first  \" style='border-radius:0px; '><div  class='avia-image-container  av-styling-    avia-builder-el-1  avia-builder-el-no-sibling  avia-align-center '  itemprop=\"image\" itemscope=\"itemscope\" itemtype=\"https:\/\/schema.org\/ImageObject\"  ><div class='avia-image-container-inner'><div class='avia-image-overlay-wrap'><img decoding=\"async\" class='wp-image-58177 avia-img-lazy-loading-not-58177 avia_image' src=\"https:\/\/radiorevelacionfm.cl\/wp-content\/uploads\/2025\/08\/unnamed-61-1-1.jpg\" alt='' title='unnamed (61) (1) (1)' height=\"600\" width=\"902\"  itemprop=\"thumbnailUrl\" srcset=\"https:\/\/radiorevelacionfm.cl\/wp-content\/uploads\/2025\/08\/unnamed-61-1-1.jpg 902w, https:\/\/radiorevelacionfm.cl\/wp-content\/uploads\/2025\/08\/unnamed-61-1-1-300x200.jpg 300w, https:\/\/radiorevelacionfm.cl\/wp-content\/uploads\/2025\/08\/unnamed-61-1-1-768x511.jpg 768w, https:\/\/radiorevelacionfm.cl\/wp-content\/uploads\/2025\/08\/unnamed-61-1-1-705x469.jpg 705w, https:\/\/radiorevelacionfm.cl\/wp-content\/uploads\/2025\/08\/unnamed-61-1-1-450x299.jpg 450w, https:\/\/radiorevelacionfm.cl\/wp-content\/uploads\/2025\/08\/unnamed-61-1-1-600x399.jpg 600w\" sizes=\"(max-width: 902px) 100vw, 902px\" \/><\/div><\/div><\/div><\/div>\n<div class=\"flex_column av_one_full  flex_column_div av-zero-column-padding first  avia-builder-el-2  el_after_av_one_full  el_before_av_one_full  column-top-margin\" style='border-radius:0px; '><section class=\"av_textblock_section \"  itemscope=\"itemscope\" itemtype=\"https:\/\/schema.org\/BlogPosting\" itemprop=\"blogPost\" ><div class='avia_textblock  '   itemprop=\"text\" ><p style=\"text-align: center;\"><strong><span style=\"font-size: 18pt;\">Organizaciones ambientales que impulsan la salida de la industria acu\u00edcola de las \u00e1reas protegidas exigen a ministra de Defensa \u201ccumplir la ley\u201d en caso de caducidad de concesiones salmoneras<\/span><\/strong><\/p>\n<div id=\"gtx-trans\" style=\"position: absolute; left: -50px; top: 4.31534px;\">\n<div class=\"gtx-trans-icon\"><\/div>\n<\/div>\n<\/div><\/section><\/div><div class=\"flex_column av_one_full  flex_column_div av-zero-column-padding first  avia-builder-el-4  el_after_av_one_full  el_before_av_hr  column-top-margin\" style='border-radius:0px; '><section class=\"av_textblock_section \"  itemscope=\"itemscope\" itemtype=\"https:\/\/schema.org\/BlogPosting\" itemprop=\"blogPost\" ><div class='avia_textblock  '   itemprop=\"text\" ><p style=\"text-align: justify;\"><em>Desde la Alianza por la Defensa de las \u00c1reas Protegidas conminaron a Adriana Delpiano a \u201ccumplir con la normativa relacionada con las ilegalidades en que han incurrido diversas empresas de la industria del salm\u00f3n\u201d, producto de la demora injustificada, e incluso ilegal, en aplicar a empresas salmoneras la caducidad de sus concesiones.<\/em><\/p>\n<p style=\"text-align: justify;\">Un duro llamado a \u201ccumplir con la normativa relacionada con las ilegalidades en que han incurrido diversas empresas de la industria del salm\u00f3n\u201d hicieron desde la Alianza por la Defensa de las \u00c1reas Protegidas a la ministra de Defensa Adriana Delpiano. Esto, producto de la demora injustificada, e incluso ilegal, en aplicar a empresas salmoneras la ley relativa a la caducidad de las concesiones.<\/p>\n<p style=\"text-align: justify;\">Mediante una carta dirigida a la secretaria de Estado, adem\u00e1s de acusar falta de voluntad pol\u00edtica por parte de la cartera para aplicar la legislaci\u00f3n, declinaron de participar en una audiencia con el jefe de la Divisi\u00f3n Jur\u00eddica de la Subsecretar\u00eda para las Fuerzas Armadas (SSFFAA). La solicitud original estaba dirigida a Delpiano.<\/p>\n<p style=\"text-align: justify;\"><strong>Incumplimiento sobre caducidades<\/strong><\/p>\n<p style=\"text-align: justify;\">La Ley General de Pesca y Acuicultura establece expresamente, en su art\u00edculo 141 letra e), que se caducar\u00e1 la concesi\u00f3n acu\u00edcola si la empresa \u201cno inicia operaciones en el centro de cultivo dentro del plazo de un a\u00f1o contado desde la entrega material de la concesi\u00f3n o autorizaci\u00f3n; o paralizar actividades por m\u00e1s de dos a\u00f1os consecutivos\u201d.<\/p>\n<p style=\"text-align: justify;\">Un informe de la Contralor\u00eda de agosto de 2024 instruy\u00f3 a la SSFFAA y a SERNAPESCA iniciar procedimientos disciplinarios para determinar responsabilidades administrativas por la inacci\u00f3n en la materia. Junto a ello, requiri\u00f3 \u201cadoptar las medidas pertinentes a fin de que la evaluaci\u00f3n de una declaraci\u00f3n de caducidad y los actos administrativos que concluyen el proceso, se generen oportunamente\u201d. Sin embargo, \u201ca la fecha no hay mayor informaci\u00f3n sobre la rigurosa aplicaci\u00f3n de la ley a las empresas salmoneras. Es m\u00e1s, el informe de seguimiento de la Contralor\u00eda, de junio de 2025 da cuenta de que todav\u00eda no se han subsanado las observaciones realizadas en agosto de 2024\u201d se\u00f1alaron los dirigentes en la misiva.<\/p>\n<p style=\"text-align: justify;\">Ante tal inactividad, sumado a la negativa a reunirse con la sociedad civil que est\u00e1 impulsando el cumplimiento de la ley, \u201cnotamos una falta de voluntad pol\u00edtica para cumplir con la normativa relacionada con las ilegalidades en que han incurrido diversas empresas de la industria del salm\u00f3n\u201d. Esta es la segunda solicitud de audiencia con Delpiano y la tercera con una titular del ministerio dado que en 2024 se hizo un requerimiento similar a Maya Fern\u00e1ndez, quien tambi\u00e9n deriv\u00f3 la solicitud a otro funcionario.<\/p>\n<p style=\"text-align: justify;\">\u201cEs en este contexto que la falta de decisi\u00f3n para recibir a las organizaciones de la sociedad civil y as\u00ed tratar estas irregularidades nos preocupa. M\u00e1s a\u00fan cuando se va en l\u00ednea contraria al proceso de modernizaci\u00f3n en que est\u00e1 empe\u00f1ado el Ministerio de Defensa, digitalizando la documentaci\u00f3n relacionada con un sector cr\u00edtico como es el de la industria del salm\u00f3n. Acci\u00f3n que, entendemos, busca agilizar la gesti\u00f3n del ministerio, adem\u00e1s de aportar a la transparencia\u201d se\u00f1alaron.<\/p>\n<p style=\"text-align: justify;\">La carta fue suscrita por la coordinadora de la Alianza por la Defensa de las \u00c1reas Protegidas Javiera Valencia junto a la directora ejecutiva de Rewilding Chile Carolina Morgado, la directora ejecutiva de Fundaci\u00f3n Terram Flavia Liberona, el presidente de ONG Ecosistemas Juan Pablo Orrego y el presidente de la Corporaci\u00f3n Privada para el Desarrollo de Ays\u00e9n Erwin Sandoval.<\/p>\n<\/div><\/section><\/div><\/p>\n<div  style='height:50px' class='hr hr-invisible   avia-builder-el-6  el_after_av_one_full  el_before_av_social_share '><span class='hr-inner ' ><span class='hr-inner-style'><\/span><\/span><\/div>\n<div  class='av-social-sharing-box  avia-builder-el-7  el_after_av_hr  el_before_av_hr  '><div class='av-share-box'><h5 class='av-share-link-description av-no-toc '>Compartir esta noticia<\/h5><ul class='av-share-box-list noLightbox'><li class='av-share-link av-social-link-facebook' ><a target=\"_blank\" aria-label=\"Compartir en Facebook\" href='https:\/\/www.facebook.com\/sharer.php?u=https:\/\/radiorevelacionfm.cl\/?p=58176&#038;t=Organizaciones%20ambientales%20que%20impulsan%20la%20salida%20de%20la%20industria%20acu%C3%ADcola%20de%20las%20%C3%A1reas%20protegidas%20exigen%20a%20ministra%20de%20Defensa%20%E2%80%9Ccumplir%20la%20ley%E2%80%9D%20en%20caso%20de%20caducidad%20de%20concesiones%20salmoneras' aria-hidden='false' data-av_icon='\ue8f3' data-av_iconfont='entypo-fontello' title='' data-avia-related-tooltip='Compartir en Facebook' rel=\"noopener\"><span class='avia_hidden_link_text'>Compartir en Facebook<\/span><\/a><\/li><li class='av-share-link av-social-link-twitter' ><a target=\"_blank\" aria-label=\"Compartir en Twitter\" href='https:\/\/twitter.com\/share?text=Organizaciones%20ambientales%20que%20impulsan%20la%20salida%20de%20la%20industria%20acu%C3%ADcola%20de%20las%20%C3%A1reas%20protegidas%20exigen%20a%20ministra%20de%20Defensa%20%E2%80%9Ccumplir%20la%20ley%E2%80%9D%20en%20caso%20de%20caducidad%20de%20concesiones%20salmoneras&#038;url=https:\/\/radiorevelacionfm.cl\/?p=58176' aria-hidden='false' data-av_icon='\ue8f1' data-av_iconfont='entypo-fontello' title='' data-avia-related-tooltip='Compartir en Twitter' rel=\"noopener\"><span class='avia_hidden_link_text'>Compartir en Twitter<\/span><\/a><\/li><li class='av-share-link av-social-link-whatsapp' ><a target=\"_blank\" aria-label=\"Compartir en Whatsapp\" href='https:\/\/api.whatsapp.com\/send?text=https:\/\/radiorevelacionfm.cl\/?p=58176' aria-hidden='false' data-av_icon='\uf232' data-av_iconfont='entypo-fontello' title='' data-avia-related-tooltip='Compartir en Whatsapp' rel=\"noopener\"><span class='avia_hidden_link_text'>Compartir en Whatsapp<\/span><\/a><\/li><li class='av-share-link av-social-link-linkedin' ><a target=\"_blank\" aria-label=\"Compartir en LinkedIn\" href='https:\/\/linkedin.com\/shareArticle?mini=true&#038;title=Organizaciones%20ambientales%20que%20impulsan%20la%20salida%20de%20la%20industria%20acu%C3%ADcola%20de%20las%20%C3%A1reas%20protegidas%20exigen%20a%20ministra%20de%20Defensa%20%E2%80%9Ccumplir%20la%20ley%E2%80%9D%20en%20caso%20de%20caducidad%20de%20concesiones%20salmoneras&#038;url=https:\/\/radiorevelacionfm.cl\/?p=58176' aria-hidden='false' data-av_icon='\ue8fc' data-av_iconfont='entypo-fontello' title='' data-avia-related-tooltip='Compartir en LinkedIn' rel=\"noopener\"><span class='avia_hidden_link_text'>Compartir en LinkedIn<\/span><\/a><\/li><li class='av-share-link av-social-link-mail' ><a  aria-label=\"Compartir por correo\" href='mailto:?subject=Organizaciones%20ambientales%20que%20impulsan%20la%20salida%20de%20la%20industria%20acu%C3%ADcola%20de%20las%20%C3%A1reas%20protegidas%20exigen%20a%20ministra%20de%20Defensa%20%E2%80%9Ccumplir%20la%20ley%E2%80%9D%20en%20caso%20de%20caducidad%20de%20concesiones%20salmoneras&#038;body=https:\/\/radiorevelacionfm.cl\/?p=58176' aria-hidden='false' data-av_icon='\ue805' data-av_iconfont='entypo-fontello' title='' data-avia-related-tooltip='Compartir por correo'><span class='avia_hidden_link_text'>Compartir por correo<\/span><\/a><\/li><\/ul><\/div><\/div>\n<div  style='height:50px' class='hr hr-invisible   avia-builder-el-8  el_after_av_social_share  el_before_av_comments_list '><span class='hr-inner ' ><span class='hr-inner-style'><\/span><\/span><\/div>\n<div  class='av-buildercomment  av-blog-meta-html-info-disabled av-blog-meta-tag-disabled  '><\/div>\n","protected":false},"excerpt":{"rendered":"","protected":false},"author":1,"featured_media":58177,"comment_status":"closed","ping_status":"closed","sticky":false,"template":"","format":"standard","meta":{"footnotes":""},"categories":[39],"tags":[],"class_list":["post-58176","post","type-post","status-publish","format-standard","has-post-thumbnail","hentry","category-medio-ambiente"],"jetpack_featured_media_url":"https:\/\/radiorevelacionfm.cl\/wp-content\/uploads\/2025\/08\/unnamed-61-1-1.jpg","_links":{"self":[{"href":"https:\/\/radiorevelacionfm.cl\/index.php?rest_route=\/wp\/v2\/posts\/58176","targetHints":{"allow":["GET"]}}],"collection":[{"href":"https:\/\/radiorevelacionfm.cl\/index.php?rest_route=\/wp\/v2\/posts"}],"about":[{"href":"https:\/\/radiorevelacionfm.cl\/index.php?rest_route=\/wp\/v2\/types\/post"}],"author":[{"embeddable":true,"href":"https:\/\/radiorevelacionfm.cl\/index.php?rest_route=\/wp\/v2\/users\/1"}],"replies":[{"embeddable":true,"href":"https:\/\/radiorevelacionfm.cl\/index.php?rest_route=%2Fwp%2Fv2%2Fcomments&post=58176"}],"version-history":[{"count":3,"href":"https:\/\/radiorevelacionfm.cl\/index.php?rest_route=\/wp\/v2\/posts\/58176\/revisions"}],"predecessor-version":[{"id":58189,"href":"https:\/\/radiorevelacionfm.cl\/index.php?rest_route=\/wp\/v2\/posts\/58176\/revisions\/58189"}],"wp:featuredmedia":[{"embeddable":true,"href":"https:\/\/radiorevelacionfm.cl\/index.php?rest_route=\/wp\/v2\/media\/58177"}],"wp:attachment":[{"href":"https:\/\/radiorevelacionfm.cl\/index.php?rest_route=%2Fwp%2Fv2%2Fmedia&parent=58176"}],"wp:term":[{"taxonomy":"category","embeddable":true,"href":"https:\/\/radiorevelacionfm.cl\/index.php?rest_route=%2Fwp%2Fv2%2Fcategories&post=58176"},{"taxonomy":"post_tag","embeddable":true,"href":"https:\/\/radiorevelacionfm.cl\/index.php?rest_route=%2Fwp%2Fv2%2Ftags&post=58176"}],"curies":[{"name":"wp","href":"https:\/\/api.w.org\/{rel}","templated":true}]}}