{"id":58173,"date":"2025-08-22T20:34:14","date_gmt":"2025-08-22T23:34:14","guid":{"rendered":"https:\/\/radiorevelacionfm.cl\/?p=58173"},"modified":"2025-08-22T20:34:14","modified_gmt":"2025-08-22T23:34:14","slug":"sernac-oficia-a-sopraval-y-ariztia-tras-cuestionamientos-por-posible-inclusion-de-pollo-en-pechugas-de-pavo","status":"publish","type":"post","link":"https:\/\/radiorevelacionfm.cl\/?p=58173","title":{"rendered":"Sernac oficia a Sopraval y Ariztia tras cuestionamientos por posible inclusi\u00f3n de pollo en pechugas de pavo"},"content":{"rendered":"<div class=\"flex_column av_one_full  flex_column_div av-zero-column-padding first  avia-builder-el-0  el_before_av_one_full  avia-builder-el-first  \" style='border-radius:0px; '><div  class='avia-image-container  av-styling-    avia-builder-el-1  avia-builder-el-no-sibling  avia-align-center '  itemprop=\"image\" itemscope=\"itemscope\" itemtype=\"https:\/\/schema.org\/ImageObject\"  ><div class='avia-image-container-inner'><div class='avia-image-overlay-wrap'><img decoding=\"async\" class='wp-image-58174 avia-img-lazy-loading-not-58174 avia_image' src=\"https:\/\/radiorevelacionfm.cl\/wp-content\/uploads\/2025\/08\/pollos-pavos-1_optimized-1.jpg\" alt='' title='pollos-pavos-(1)_optimized (1)' height=\"600\" width=\"900\"  itemprop=\"thumbnailUrl\" srcset=\"https:\/\/radiorevelacionfm.cl\/wp-content\/uploads\/2025\/08\/pollos-pavos-1_optimized-1.jpg 900w, https:\/\/radiorevelacionfm.cl\/wp-content\/uploads\/2025\/08\/pollos-pavos-1_optimized-1-300x200.jpg 300w, https:\/\/radiorevelacionfm.cl\/wp-content\/uploads\/2025\/08\/pollos-pavos-1_optimized-1-768x512.jpg 768w, https:\/\/radiorevelacionfm.cl\/wp-content\/uploads\/2025\/08\/pollos-pavos-1_optimized-1-705x470.jpg 705w, https:\/\/radiorevelacionfm.cl\/wp-content\/uploads\/2025\/08\/pollos-pavos-1_optimized-1-450x300.jpg 450w, https:\/\/radiorevelacionfm.cl\/wp-content\/uploads\/2025\/08\/pollos-pavos-1_optimized-1-600x400.jpg 600w\" sizes=\"(max-width: 900px) 100vw, 900px\" \/><\/div><\/div><\/div><\/div><div class=\"flex_column av_one_full  flex_column_div av-zero-column-padding first  avia-builder-el-2  el_after_av_one_full  el_before_av_one_full  column-top-margin\" style='border-radius:0px; '><section class=\"av_textblock_section \"  itemscope=\"itemscope\" itemtype=\"https:\/\/schema.org\/BlogPosting\" itemprop=\"blogPost\" ><div class='avia_textblock  '   itemprop=\"text\" ><p style=\"text-align: center;\"><strong><span style=\"font-size: 18pt;\">Sernac oficia a Sopraval y Ariztia tras cuestionamientos por posible inclusi\u00f3n de pollo en pechugas de pavo<\/span><\/strong><\/p>\n<div id=\"gtx-trans\" style=\"position: absolute; left: -50px; top: 4.31534px;\">\n<div class=\"gtx-trans-icon\"><\/div>\n<\/div>\n<\/div><\/section><\/div><div class=\"flex_column av_one_full  flex_column_div av-zero-column-padding first  avia-builder-el-4  el_after_av_one_full  el_before_av_hr  column-top-margin\" style='border-radius:0px; '><section class=\"av_textblock_section \"  itemscope=\"itemscope\" itemtype=\"https:\/\/schema.org\/BlogPosting\" itemprop=\"blogPost\" ><div class='avia_textblock  '   itemprop=\"text\" ><ul>\n<li style=\"text-align: justify;\"><em>El objetivo de esta acci\u00f3n es conocer la versi\u00f3n oficial de cada una de las empresas frente a los hechos denunciados.<\/em><\/li>\n<li style=\"text-align: justify;\"><em>Adem\u00e1s, tambi\u00e9n se ofici\u00f3 al Ministerio de Salud, con el fin de coordinar acciones que permitan abordar esta situaci\u00f3n de manera integral y evaluar antecedentes y posibles acciones a seguir.<\/em><\/li>\n<\/ul>\n<p style=\"text-align: justify;\">El Servicio Nacional del Consumidor (SERNAC) ofici\u00f3 a Arizt\u00eda y Sopraval tras una denuncia realizada por un medio de comunicaci\u00f3n que acusa la posible inclusi\u00f3n de carnes de pollo en sus productos rotulados como \u201cpechuga de pavo\u201d.<\/p>\n<p style=\"text-align: justify;\">El objetivo de esta acci\u00f3n es conocer en detalle los hechos denunciados, la versi\u00f3n oficial de cada una de las empresas y las acciones de informaci\u00f3n que se estar\u00edan tomando de cara a las y los consumidores en la materia.<\/p>\n<p style=\"text-align: justify;\">El Director Nacional del SERNAC, Andr\u00e9s Herrera, explic\u00f3 que \u201cqueremos escuchar primero a las empresas respecto de lo que nos informan en relaci\u00f3n con esto y obviamente, cuando tengamos los antecedentes a nuestra disposici\u00f3n, vamos a tomar todas las medidas y acciones que correspondan porque si se verifica una infracci\u00f3n, estar\u00edamos en una situaci\u00f3n grave y eso esperemos que no ocurra\u201d.<\/p>\n<p style=\"text-align: justify;\">Adem\u00e1s, la autoridad a\u00f1adi\u00f3 que \u201cno se puede vender un producto con un determinado rotulado cuando la composici\u00f3n no es lo que se anuncia a trav\u00e9s del mismo. Si se\u00f1ala ser con carne de pavo, tiene que ser de pavo, no puede ser de pollo y de pavo, si ello no est\u00e1 claramente declarado. En ese sentido tambi\u00e9n hay consideraciones m\u00e1s generales que est\u00e1n al amparo de la ley del consumidor respecto de qu\u00e9 se puede entender como informaci\u00f3n falsa o publicidad falsa, y eso lo vamos a analizar\u201d.<\/p>\n<p style=\"text-align: justify;\">La Ley del Consumidor (LPC) se\u00f1ala claramente que las personas consumidoras tienen derecho a acceder a una informaci\u00f3n veraz y oportuna sobre los bienes y servicios ofrecidos por el proveedor, su precio y todas las condiciones asociadas, adem\u00e1s de otras caracter\u00edsticas relevantes de los mismos.<\/p>\n<p style=\"text-align: justify;\">Por su parte, tambi\u00e9n se ofici\u00f3 al Ministerio de Salud, autoridad competente en materia de rotulaci\u00f3n y composici\u00f3n de los alimentos, con el fin de coordinar acciones que permitan abordar esta situaci\u00f3n de manera integral. De esta forma, se busca reforzar la vigilancia de mercado y la fiscalizaci\u00f3n, y asegurar que la informaci\u00f3n que reciben las y los consumidores sea clara, veraz y oportuna, conforme a lo que establece la normativa sanitaria vigente.<\/p>\n<p style=\"text-align: justify;\">Lo anterior, ya que de acuerdo al Reglamento Sanitario de los Alimentos, todo producto envasado debe contar con un r\u00f3tulo visible y claro que informe a las y los consumidores sobre su verdadera naturaleza, incluir la lista completa de ingredientes y aditivos en orden decreciente, as\u00ed como la informaci\u00f3n nutricional correspondiente; el contenido neto y la resoluci\u00f3n sanitaria que lo autoriza.<\/p>\n<\/div><\/section><\/div><div  style='height:50px' class='hr hr-invisible   avia-builder-el-6  el_after_av_one_full  el_before_av_social_share '><span class='hr-inner ' ><span class='hr-inner-style'><\/span><\/span><\/div><\/p>\n<div  class='av-social-sharing-box  avia-builder-el-7  el_after_av_hr  el_before_av_hr  '><div class='av-share-box'><h5 class='av-share-link-description av-no-toc '>Compartir esta noticia<\/h5><ul class='av-share-box-list noLightbox'><li class='av-share-link av-social-link-facebook' ><a target=\"_blank\" aria-label=\"Compartir en Facebook\" href='https:\/\/www.facebook.com\/sharer.php?u=https:\/\/radiorevelacionfm.cl\/?p=58173&#038;t=Sernac%20oficia%20a%20Sopraval%20y%20Ariztia%20tras%20cuestionamientos%20por%20posible%20inclusi%C3%B3n%20de%20pollo%20en%20pechugas%20de%20pavo' aria-hidden='false' data-av_icon='\ue8f3' data-av_iconfont='entypo-fontello' title='' data-avia-related-tooltip='Compartir en Facebook' rel=\"noopener\"><span class='avia_hidden_link_text'>Compartir en Facebook<\/span><\/a><\/li><li class='av-share-link av-social-link-twitter' ><a target=\"_blank\" aria-label=\"Compartir en Twitter\" href='https:\/\/twitter.com\/share?text=Sernac%20oficia%20a%20Sopraval%20y%20Ariztia%20tras%20cuestionamientos%20por%20posible%20inclusi%C3%B3n%20de%20pollo%20en%20pechugas%20de%20pavo&#038;url=https:\/\/radiorevelacionfm.cl\/?p=58173' aria-hidden='false' data-av_icon='\ue8f1' data-av_iconfont='entypo-fontello' title='' data-avia-related-tooltip='Compartir en Twitter' rel=\"noopener\"><span class='avia_hidden_link_text'>Compartir en Twitter<\/span><\/a><\/li><li class='av-share-link av-social-link-whatsapp' ><a target=\"_blank\" aria-label=\"Compartir en Whatsapp\" href='https:\/\/api.whatsapp.com\/send?text=https:\/\/radiorevelacionfm.cl\/?p=58173' aria-hidden='false' data-av_icon='\uf232' data-av_iconfont='entypo-fontello' title='' data-avia-related-tooltip='Compartir en Whatsapp' rel=\"noopener\"><span class='avia_hidden_link_text'>Compartir en Whatsapp<\/span><\/a><\/li><li class='av-share-link av-social-link-linkedin' ><a target=\"_blank\" aria-label=\"Compartir en LinkedIn\" href='https:\/\/linkedin.com\/shareArticle?mini=true&#038;title=Sernac%20oficia%20a%20Sopraval%20y%20Ariztia%20tras%20cuestionamientos%20por%20posible%20inclusi%C3%B3n%20de%20pollo%20en%20pechugas%20de%20pavo&#038;url=https:\/\/radiorevelacionfm.cl\/?p=58173' aria-hidden='false' data-av_icon='\ue8fc' data-av_iconfont='entypo-fontello' title='' data-avia-related-tooltip='Compartir en LinkedIn' rel=\"noopener\"><span class='avia_hidden_link_text'>Compartir en LinkedIn<\/span><\/a><\/li><li class='av-share-link av-social-link-mail' ><a  aria-label=\"Compartir por correo\" href='mailto:?subject=Sernac%20oficia%20a%20Sopraval%20y%20Ariztia%20tras%20cuestionamientos%20por%20posible%20inclusi%C3%B3n%20de%20pollo%20en%20pechugas%20de%20pavo&#038;body=https:\/\/radiorevelacionfm.cl\/?p=58173' aria-hidden='false' data-av_icon='\ue805' data-av_iconfont='entypo-fontello' title='' data-avia-related-tooltip='Compartir por correo'><span class='avia_hidden_link_text'>Compartir por correo<\/span><\/a><\/li><\/ul><\/div><\/div>\n<div  style='height:50px' class='hr hr-invisible   avia-builder-el-8  el_after_av_social_share  el_before_av_comments_list '><span class='hr-inner ' ><span class='hr-inner-style'><\/span><\/span><\/div>\n<div  class='av-buildercomment  av-blog-meta-html-info-disabled av-blog-meta-tag-disabled  '><\/div>\n","protected":false},"excerpt":{"rendered":"","protected":false},"author":1,"featured_media":58174,"comment_status":"closed","ping_status":"closed","sticky":false,"template":"","format":"standard","meta":{"footnotes":""},"categories":[61],"tags":[],"class_list":["post-58173","post","type-post","status-publish","format-standard","has-post-thumbnail","hentry","category-nacional"],"jetpack_featured_media_url":"https:\/\/radiorevelacionfm.cl\/wp-content\/uploads\/2025\/08\/pollos-pavos-1_optimized-1.jpg","_links":{"self":[{"href":"https:\/\/radiorevelacionfm.cl\/index.php?rest_route=\/wp\/v2\/posts\/58173","targetHints":{"allow":["GET"]}}],"collection":[{"href":"https:\/\/radiorevelacionfm.cl\/index.php?rest_route=\/wp\/v2\/posts"}],"about":[{"href":"https:\/\/radiorevelacionfm.cl\/index.php?rest_route=\/wp\/v2\/types\/post"}],"author":[{"embeddable":true,"href":"https:\/\/radiorevelacionfm.cl\/index.php?rest_route=\/wp\/v2\/users\/1"}],"replies":[{"embeddable":true,"href":"https:\/\/radiorevelacionfm.cl\/index.php?rest_route=%2Fwp%2Fv2%2Fcomments&post=58173"}],"version-history":[{"count":2,"href":"https:\/\/radiorevelacionfm.cl\/index.php?rest_route=\/wp\/v2\/posts\/58173\/revisions"}],"predecessor-version":[{"id":58186,"href":"https:\/\/radiorevelacionfm.cl\/index.php?rest_route=\/wp\/v2\/posts\/58173\/revisions\/58186"}],"wp:featuredmedia":[{"embeddable":true,"href":"https:\/\/radiorevelacionfm.cl\/index.php?rest_route=\/wp\/v2\/media\/58174"}],"wp:attachment":[{"href":"https:\/\/radiorevelacionfm.cl\/index.php?rest_route=%2Fwp%2Fv2%2Fmedia&parent=58173"}],"wp:term":[{"taxonomy":"category","embeddable":true,"href":"https:\/\/radiorevelacionfm.cl\/index.php?rest_route=%2Fwp%2Fv2%2Fcategories&post=58173"},{"taxonomy":"post_tag","embeddable":true,"href":"https:\/\/radiorevelacionfm.cl\/index.php?rest_route=%2Fwp%2Fv2%2Ftags&post=58173"}],"curies":[{"name":"wp","href":"https:\/\/api.w.org\/{rel}","templated":true}]}}