{"id":58162,"date":"2025-08-23T12:01:53","date_gmt":"2025-08-23T15:01:53","guid":{"rendered":"https:\/\/radiorevelacionfm.cl\/?p=58162"},"modified":"2025-08-23T12:01:53","modified_gmt":"2025-08-23T15:01:53","slug":"en-puerto-aysen-sence-entrego-diplomas-de-capacitacion-de-operaciones-basicas-de-carga-descarga-y-protocolos-de-seguridad-en-recintos-portuarios","status":"publish","type":"post","link":"https:\/\/radiorevelacionfm.cl\/?p=58162","title":{"rendered":"En Puerto Ays\u00e9n Sence entreg\u00f3 diplomas de capacitaci\u00f3n de \u201cOperaciones B\u00e1sicas de Carga, Descarga y Protocolos de Seguridad en Recintos Portuarios\u201d"},"content":{"rendered":"<div class=\"flex_column av_one_full  flex_column_div av-zero-column-padding first  avia-builder-el-0  el_before_av_one_full  avia-builder-el-first  \" style='border-radius:0px; '><div  class='avia-image-container  av-styling-    avia-builder-el-1  avia-builder-el-no-sibling  avia-align-center '  itemprop=\"image\" itemscope=\"itemscope\" itemtype=\"https:\/\/schema.org\/ImageObject\"  ><div class='avia-image-container-inner'><div class='avia-image-overlay-wrap'><img decoding=\"async\" class='wp-image-58163 avia-img-lazy-loading-not-58163 avia_image' src=\"https:\/\/radiorevelacionfm.cl\/wp-content\/uploads\/2025\/08\/whatsapp-image-2025-08-22-at-14_optimized.44.03.jpeg\" alt='' title='whatsapp-image-2025-08-22-at-14_optimized.44.03' height=\"600\" width=\"899\"  itemprop=\"thumbnailUrl\" srcset=\"https:\/\/radiorevelacionfm.cl\/wp-content\/uploads\/2025\/08\/whatsapp-image-2025-08-22-at-14_optimized.44.03.jpeg 899w, https:\/\/radiorevelacionfm.cl\/wp-content\/uploads\/2025\/08\/whatsapp-image-2025-08-22-at-14_optimized.44.03-300x200.jpeg 300w, https:\/\/radiorevelacionfm.cl\/wp-content\/uploads\/2025\/08\/whatsapp-image-2025-08-22-at-14_optimized.44.03-768x513.jpeg 768w, https:\/\/radiorevelacionfm.cl\/wp-content\/uploads\/2025\/08\/whatsapp-image-2025-08-22-at-14_optimized.44.03-705x471.jpeg 705w, https:\/\/radiorevelacionfm.cl\/wp-content\/uploads\/2025\/08\/whatsapp-image-2025-08-22-at-14_optimized.44.03-450x300.jpeg 450w, https:\/\/radiorevelacionfm.cl\/wp-content\/uploads\/2025\/08\/whatsapp-image-2025-08-22-at-14_optimized.44.03-600x400.jpeg 600w\" sizes=\"(max-width: 899px) 100vw, 899px\" \/><\/div><\/div><\/div><\/div><div class=\"flex_column av_one_full  flex_column_div av-zero-column-padding first  avia-builder-el-2  el_after_av_one_full  el_before_av_one_full  column-top-margin\" style='border-radius:0px; '><section class=\"av_textblock_section \"  itemscope=\"itemscope\" itemtype=\"https:\/\/schema.org\/BlogPosting\" itemprop=\"blogPost\" ><div class='avia_textblock  '   itemprop=\"text\" ><p style=\"text-align: center;\"><span style=\"font-size: 18pt;\"><strong>En Puerto Ays\u00e9n Sence entreg\u00f3 diplomas de capacitaci\u00f3n de \u201cOperaciones B\u00e1sicas de Carga, Descarga y Protocolos de Seguridad en Recintos Portuarios\u201d<\/strong><\/span><\/p>\n<div id=\"gtx-trans\" style=\"position: absolute; left: -50px; top: 4.31534px;\">\n<div class=\"gtx-trans-icon\"><\/div>\n<\/div>\n<\/div><\/section><\/div><div class=\"flex_column av_one_full  flex_column_div av-zero-column-padding first  avia-builder-el-4  el_after_av_one_full  el_before_av_hr  column-top-margin\" style='border-radius:0px; '><section class=\"av_textblock_section \"  itemscope=\"itemscope\" itemtype=\"https:\/\/schema.org\/BlogPosting\" itemprop=\"blogPost\" ><div class='avia_textblock  '   itemprop=\"text\" ><p style=\"text-align: justify;\"><i>Acci\u00f3n lograda gracias a la priorizaci\u00f3n con mirada local del Consejo Regional de Capacitaci\u00f3n de Sence.<\/i><\/p>\n<p style=\"text-align: justify;\">En una ceremonia realizada en Puerto Ays\u00e9n, el Servicio Nacional de Capacitaci\u00f3n y Empleo, Sence, de la Regi\u00f3n de Ays\u00e9n, certific\u00f3 a los 20 participantes del curso <strong>\u201cOperaciones B\u00e1sicas de Carga, Descarga y Protocolos de Seguridad en Recintos Portuarios\u201d<\/strong>, iniciativa impulsada gracias al compromiso y trabajo conjunto del\u00a0<strong>Consejo Regional de Capacitaci\u00f3n de Ays\u00e9n<\/strong>.<\/p>\n<p style=\"text-align: justify;\">Dicho plan formativo de 210 horas cronol\u00f3gicas y con una duraci\u00f3n de 42 d\u00edas, se desarroll\u00f3 con el objetivo de entregar herramientas y competencias t\u00e9cnicas clave para mejorar la empleabilidad de los participantes. La capacitaci\u00f3n abarc\u00f3 aspectos fundamentales en la operaci\u00f3n portuaria, como el manejo seguro de carga, normativas de seguridad, y procedimientos log\u00edsticos esenciales para el desempe\u00f1o en recintos portuarios.<\/p>\n<p style=\"text-align: justify;\">Valentina Gonz\u00e1lez, alumna del curso valor\u00f3 esta iniciativa, \u201cMe encuentro m\u00e1s preparada para ejercer y tener m\u00e1s oportunidades porque aprend\u00ed mucho y los profesores fueron muy simp\u00e1ticos, ten\u00edan muchas ganas de ense\u00f1ar, entonces a una le da m\u00e1s ganas de aprender. Mi experiencia tomando el curso fue s\u00faper buena, me encant\u00f3, sobre todo la de primeros auxilios porque me va a servir en cualquier momento para ayudar a mi familia o incluso ense\u00f1ar tambi\u00e9n o si en alg\u00fan momento alguien se accidenta, yo voy a saber qu\u00e9 hacer\u201d, mencion\u00f3.<\/p>\n<p style=\"text-align: justify;\">Uno de los aspectos m\u00e1s destacados de esta certificaci\u00f3n fue la\u00a0<strong>significativa participaci\u00f3n femenina<\/strong>, lo que representa un importante avance en la incorporaci\u00f3n de mujeres en un rubro hist\u00f3ricamente ocupado por hombres. La inclusi\u00f3n y la equidad de g\u00e9nero en oficios tradicionales se posicionan como prioridades en las pol\u00edticas p\u00fablicas de formaci\u00f3n laboral impulsadas por Sence y el Consejo Regional de Capacitaci\u00f3n.<\/p>\n<p style=\"text-align: justify;\">El Seremi del Trabajo y Previsi\u00f3n Social de Ays\u00e9n (S) Christian Aros, destac\u00f3 la relevancia de la mirada local del Consejo Regional de Capacitaci\u00f3n, \u201cEstuvimos en una importante ceremonia de cierre del curso de operaciones b\u00e1sicas de carga, descarga y protocolos de seguridad en recintos portuarios del Sence. Es una capacitaci\u00f3n con fondos de becas laborales priorizados por el Consejo Regional de Capacitaci\u00f3n que es una instancia tripartita, presidida por el Gobierno Regional, donde entidades de gobierno, representantes de los trabajadores y de los empleadores aportan su mirada local y su pertinencia regional para determinar los temas que se requieren en nuestra regi\u00f3n de Ays\u00e9n\u201d, manifest\u00f3.<\/p>\n<p style=\"text-align: justify;\">Desde Sence Ays\u00e9n, su director regional, Nelson Garrido, afirm\u00f3 \u201cEste curso de carga y descarga en recintos portuarios, tiene una relevancia importante, vivimos en un pa\u00eds con una costa incre\u00edble, tenemos muchos puertos y ac\u00e1 en la regi\u00f3n de Ays\u00e9n el poder estar preparando en personas que conozcan la manera en realizar estos trabajos de manera segura, con protocolos establecidos y entrega realmente la posibilidad de empleo\u201d, argument\u00f3.<\/p>\n<p style=\"text-align: justify;\">Esta ceremonia simboliza no solo el cierre exitoso de un proceso formativo, sino tambi\u00e9n el inicio de nuevas oportunidades laborales para quienes hoy reciben su certificaci\u00f3n, con miras a seguir construyendo una regi\u00f3n m\u00e1s preparada, equitativa y con mayores posibilidades de desarrollo econ\u00f3mico.<\/p>\n<\/div><\/section><\/div><div  style='height:50px' class='hr hr-invisible   avia-builder-el-6  el_after_av_one_full  el_before_av_social_share '><span class='hr-inner ' ><span class='hr-inner-style'><\/span><\/span><\/div><\/p>\n<div  class='av-social-sharing-box  avia-builder-el-7  el_after_av_hr  el_before_av_hr  '><div class='av-share-box'><h5 class='av-share-link-description av-no-toc '>Compartir esta noticia<\/h5><ul class='av-share-box-list noLightbox'><li class='av-share-link av-social-link-facebook' ><a target=\"_blank\" aria-label=\"Compartir en Facebook\" href='https:\/\/www.facebook.com\/sharer.php?u=https:\/\/radiorevelacionfm.cl\/?p=58162&#038;t=En%20Puerto%20Ays%C3%A9n%20Sence%20entreg%C3%B3%20diplomas%20de%20capacitaci%C3%B3n%20de%20%E2%80%9COperaciones%20B%C3%A1sicas%20de%20Carga%2C%20Descarga%20y%20Protocolos%20de%20Seguridad%20en%20Recintos%20Portuarios%E2%80%9D' aria-hidden='false' data-av_icon='\ue8f3' data-av_iconfont='entypo-fontello' title='' data-avia-related-tooltip='Compartir en Facebook' rel=\"noopener\"><span class='avia_hidden_link_text'>Compartir en Facebook<\/span><\/a><\/li><li class='av-share-link av-social-link-twitter' ><a target=\"_blank\" aria-label=\"Compartir en Twitter\" href='https:\/\/twitter.com\/share?text=En%20Puerto%20Ays%C3%A9n%20Sence%20entreg%C3%B3%20diplomas%20de%20capacitaci%C3%B3n%20de%20%E2%80%9COperaciones%20B%C3%A1sicas%20de%20Carga%2C%20Descarga%20y%20Protocolos%20de%20Seguridad%20en%20Recintos%20Portuarios%E2%80%9D&#038;url=https:\/\/radiorevelacionfm.cl\/?p=58162' aria-hidden='false' data-av_icon='\ue8f1' data-av_iconfont='entypo-fontello' title='' data-avia-related-tooltip='Compartir en Twitter' rel=\"noopener\"><span class='avia_hidden_link_text'>Compartir en Twitter<\/span><\/a><\/li><li class='av-share-link av-social-link-whatsapp' ><a target=\"_blank\" aria-label=\"Compartir en Whatsapp\" href='https:\/\/api.whatsapp.com\/send?text=https:\/\/radiorevelacionfm.cl\/?p=58162' aria-hidden='false' data-av_icon='\uf232' data-av_iconfont='entypo-fontello' title='' data-avia-related-tooltip='Compartir en Whatsapp' rel=\"noopener\"><span class='avia_hidden_link_text'>Compartir en Whatsapp<\/span><\/a><\/li><li class='av-share-link av-social-link-linkedin' ><a target=\"_blank\" aria-label=\"Compartir en LinkedIn\" href='https:\/\/linkedin.com\/shareArticle?mini=true&#038;title=En%20Puerto%20Ays%C3%A9n%20Sence%20entreg%C3%B3%20diplomas%20de%20capacitaci%C3%B3n%20de%20%E2%80%9COperaciones%20B%C3%A1sicas%20de%20Carga%2C%20Descarga%20y%20Protocolos%20de%20Seguridad%20en%20Recintos%20Portuarios%E2%80%9D&#038;url=https:\/\/radiorevelacionfm.cl\/?p=58162' aria-hidden='false' data-av_icon='\ue8fc' data-av_iconfont='entypo-fontello' title='' data-avia-related-tooltip='Compartir en LinkedIn' rel=\"noopener\"><span class='avia_hidden_link_text'>Compartir en LinkedIn<\/span><\/a><\/li><li class='av-share-link av-social-link-mail' ><a  aria-label=\"Compartir por correo\" href='mailto:?subject=En%20Puerto%20Ays%C3%A9n%20Sence%20entreg%C3%B3%20diplomas%20de%20capacitaci%C3%B3n%20de%20%E2%80%9COperaciones%20B%C3%A1sicas%20de%20Carga%2C%20Descarga%20y%20Protocolos%20de%20Seguridad%20en%20Recintos%20Portuarios%E2%80%9D&#038;body=https:\/\/radiorevelacionfm.cl\/?p=58162' aria-hidden='false' data-av_icon='\ue805' data-av_iconfont='entypo-fontello' title='' data-avia-related-tooltip='Compartir por correo'><span class='avia_hidden_link_text'>Compartir por correo<\/span><\/a><\/li><\/ul><\/div><\/div>\n<div  style='height:50px' class='hr hr-invisible   avia-builder-el-8  el_after_av_social_share  el_before_av_comments_list '><span class='hr-inner ' ><span class='hr-inner-style'><\/span><\/span><\/div>\n<div  class='av-buildercomment  av-blog-meta-html-info-disabled av-blog-meta-tag-disabled  '><\/div>\n","protected":false},"excerpt":{"rendered":"","protected":false},"author":1,"featured_media":58163,"comment_status":"closed","ping_status":"closed","sticky":false,"template":"","format":"standard","meta":{"footnotes":""},"categories":[56],"tags":[],"class_list":["post-58162","post","type-post","status-publish","format-standard","has-post-thumbnail","hentry","category-trabajo"],"jetpack_featured_media_url":"https:\/\/radiorevelacionfm.cl\/wp-content\/uploads\/2025\/08\/whatsapp-image-2025-08-22-at-14_optimized.44.03.jpeg","_links":{"self":[{"href":"https:\/\/radiorevelacionfm.cl\/index.php?rest_route=\/wp\/v2\/posts\/58162","targetHints":{"allow":["GET"]}}],"collection":[{"href":"https:\/\/radiorevelacionfm.cl\/index.php?rest_route=\/wp\/v2\/posts"}],"about":[{"href":"https:\/\/radiorevelacionfm.cl\/index.php?rest_route=\/wp\/v2\/types\/post"}],"author":[{"embeddable":true,"href":"https:\/\/radiorevelacionfm.cl\/index.php?rest_route=\/wp\/v2\/users\/1"}],"replies":[{"embeddable":true,"href":"https:\/\/radiorevelacionfm.cl\/index.php?rest_route=%2Fwp%2Fv2%2Fcomments&post=58162"}],"version-history":[{"count":2,"href":"https:\/\/radiorevelacionfm.cl\/index.php?rest_route=\/wp\/v2\/posts\/58162\/revisions"}],"predecessor-version":[{"id":58187,"href":"https:\/\/radiorevelacionfm.cl\/index.php?rest_route=\/wp\/v2\/posts\/58162\/revisions\/58187"}],"wp:featuredmedia":[{"embeddable":true,"href":"https:\/\/radiorevelacionfm.cl\/index.php?rest_route=\/wp\/v2\/media\/58163"}],"wp:attachment":[{"href":"https:\/\/radiorevelacionfm.cl\/index.php?rest_route=%2Fwp%2Fv2%2Fmedia&parent=58162"}],"wp:term":[{"taxonomy":"category","embeddable":true,"href":"https:\/\/radiorevelacionfm.cl\/index.php?rest_route=%2Fwp%2Fv2%2Fcategories&post=58162"},{"taxonomy":"post_tag","embeddable":true,"href":"https:\/\/radiorevelacionfm.cl\/index.php?rest_route=%2Fwp%2Fv2%2Ftags&post=58162"}],"curies":[{"name":"wp","href":"https:\/\/api.w.org\/{rel}","templated":true}]}}