{"id":5816,"date":"2021-07-01T12:48:40","date_gmt":"2021-07-01T15:48:40","guid":{"rendered":"https:\/\/radiorevelacionfm.cl\/?p=5816"},"modified":"2021-07-01T12:48:40","modified_gmt":"2021-07-01T15:48:40","slug":"calisto-asume-presidencia-de-comision-investigadora-por-colusion-del-gas-y-plantea-necesidad-de-regular-su-precio","status":"publish","type":"post","link":"https:\/\/radiorevelacionfm.cl\/?p=5816","title":{"rendered":"Calisto asume presidencia de comisi\u00f3n investigadora por colusi\u00f3n del gas y plantea necesidad de regular su precio"},"content":{"rendered":"<div class=\"flex_column av_one_full  flex_column_div av-zero-column-padding first  avia-builder-el-0  el_before_av_one_full  avia-builder-el-first  \" style='border-radius:0px; '><div  class='avia-image-container  av-styling-    avia-builder-el-1  avia-builder-el-no-sibling  avia-align-center '  itemprop=\"image\" itemscope=\"itemscope\" itemtype=\"https:\/\/schema.org\/ImageObject\"  ><div class='avia-image-container-inner'><div class='avia-image-overlay-wrap'><img decoding=\"async\" class='wp-image-5817 avia-img-lazy-loading-not-5817 avia_image' src=\"https:\/\/radiorevelacionfm.cl\/wp-content\/uploads\/2021\/07\/CALISTO-diputado-1-1.jpg\" alt='' title='CALISTO diputado (1) (1)' height=\"600\" width=\"954\"  itemprop=\"thumbnailUrl\" srcset=\"https:\/\/radiorevelacionfm.cl\/wp-content\/uploads\/2021\/07\/CALISTO-diputado-1-1.jpg 954w, https:\/\/radiorevelacionfm.cl\/wp-content\/uploads\/2021\/07\/CALISTO-diputado-1-1-300x189.jpg 300w, https:\/\/radiorevelacionfm.cl\/wp-content\/uploads\/2021\/07\/CALISTO-diputado-1-1-768x483.jpg 768w, https:\/\/radiorevelacionfm.cl\/wp-content\/uploads\/2021\/07\/CALISTO-diputado-1-1-705x443.jpg 705w, https:\/\/radiorevelacionfm.cl\/wp-content\/uploads\/2021\/07\/CALISTO-diputado-1-1-600x377.jpg 600w\" sizes=\"(max-width: 954px) 100vw, 954px\" \/><\/div><\/div><\/div><\/div><div class=\"flex_column av_one_full  flex_column_div av-zero-column-padding first  avia-builder-el-2  el_after_av_one_full  el_before_av_one_full  column-top-margin\" style='border-radius:0px; '><section class=\"av_textblock_section \"  itemscope=\"itemscope\" itemtype=\"https:\/\/schema.org\/BlogPosting\" itemprop=\"blogPost\" ><div class='avia_textblock  '   itemprop=\"text\" ><p style=\"text-align: center;\"><span style=\"font-size: 18pt;\"><b><span lang=\"ES\">Calisto asume presidencia de comisi\u00f3n investigadora por colusi\u00f3n del gas y plantea necesidad de regular su precio\u00a0<\/span><\/b><\/span><\/p>\n<div id=\"gtx-trans\" style=\"position: absolute; left: -50px; top: 4.31534px;\">\n<div class=\"gtx-trans-icon\"><\/div>\n<\/div>\n<\/div><\/section><\/div><div class=\"flex_column av_one_full  flex_column_div av-zero-column-padding first  avia-builder-el-4  el_after_av_one_full  el_before_av_hr  column-top-margin\" style='border-radius:0px; '><section class=\"av_textblock_section \"  itemscope=\"itemscope\" itemtype=\"https:\/\/schema.org\/BlogPosting\" itemprop=\"blogPost\" ><div class='avia_textblock  '   itemprop=\"text\" ><p style=\"font-weight: 400; text-align: justify;\">Esta ma\u00f1ana se constituy\u00f3 la comisi\u00f3n investigadora por colusi\u00f3n del precio del gas licuado, la que ser\u00e1 presidida por el diputado Miguel \u00c1ngel Calisto, quien resalt\u00f3 la importancia de aprovechar esta instancia legislativa para buscar un mecanismo que permita regular el precio de este elemento.<\/p>\n<p style=\"font-weight: 400; text-align: justify;\">Seg\u00fan el legislador, \u201cesta\u00a0comisi\u00f3n\u00a0busca investigar una eventual colusi\u00f3n en el precio del gas de las empresas proveedoras de este servicio a nivel nacional, pero tambi\u00e9n queremos usar este instrumento para buscar una alternativa que permita regular este elemento de primera necesidad de las familias chilenas\u201d.<\/p>\n<p style=\"font-weight: 400; text-align: justify;\">\u201cHemos visto desde el a\u00f1o pasado, incluso antes de la pandemia, un aumento de un 14% en el precio del gas licuado, lo que claramente afecta y atenta contra la econom\u00eda familiar de todos los chilenos. Creemos que es fundamental investigar si efectivamente existe una colusi\u00f3n, pero tambi\u00e9n buscar una alternativa que permita bajar los precios, sobre todo en las zonas extremas\u201d, asegur\u00f3.<\/p>\n<p style=\"font-weight: 400; text-align: justify;\">Calisto agreg\u00f3 que \u201cno es posible que un bal\u00f3n de gas de 15 kilos, que antes costaba 16 mil pesos, hoy en algunas comunas llegue a 34 mil pesos. Esto es insostenible, por esto vamos a requerir la presencia del sector privado para que d\u00e9 explicaciones\u201d.<\/p>\n<p style=\"font-weight: 400; text-align: justify;\">Finalmente, el parlamentario se\u00f1al\u00f3 que \u201cesta investigaci\u00f3n, ir\u00e1 en paralelo a la que est\u00e1 haciendo la fiscal\u00eda nacional econ\u00f3mica, pero por otra parte, reitero que el Gobierno junto con el parlamento tienen que buscar alternativas que permitan regular el precio de este elemento de primera necesidad para las familias chilenas\u201d.<\/p>\n<\/div><\/section><\/div><div  style='height:50px' class='hr hr-invisible   avia-builder-el-6  el_after_av_one_full  el_before_av_social_share '><span class='hr-inner ' ><span class='hr-inner-style'><\/span><\/span><\/div><\/p>\n<div  class='av-social-sharing-box  avia-builder-el-7  el_after_av_hr  el_before_av_hr  '><div class='av-share-box'><h5 class='av-share-link-description av-no-toc '>Compartir esta noticia<\/h5><ul class='av-share-box-list noLightbox'><li class='av-share-link av-social-link-facebook' ><a target=\"_blank\" aria-label=\"Compartir en Facebook\" href='https:\/\/www.facebook.com\/sharer.php?u=https:\/\/radiorevelacionfm.cl\/?p=5816&#038;t=Calisto%20asume%20presidencia%20de%20comisi%C3%B3n%20investigadora%20por%20colusi%C3%B3n%20del%20gas%20y%20plantea%20necesidad%20de%20regular%20su%20precio' aria-hidden='false' data-av_icon='\ue8f3' data-av_iconfont='entypo-fontello' title='' data-avia-related-tooltip='Compartir en Facebook' rel=\"noopener\"><span class='avia_hidden_link_text'>Compartir en Facebook<\/span><\/a><\/li><li class='av-share-link av-social-link-twitter' ><a target=\"_blank\" aria-label=\"Compartir en Twitter\" href='https:\/\/twitter.com\/share?text=Calisto%20asume%20presidencia%20de%20comisi%C3%B3n%20investigadora%20por%20colusi%C3%B3n%20del%20gas%20y%20plantea%20necesidad%20de%20regular%20su%20precio&#038;url=https:\/\/radiorevelacionfm.cl\/?p=5816' aria-hidden='false' data-av_icon='\ue8f1' data-av_iconfont='entypo-fontello' title='' data-avia-related-tooltip='Compartir en Twitter' rel=\"noopener\"><span class='avia_hidden_link_text'>Compartir en Twitter<\/span><\/a><\/li><li class='av-share-link av-social-link-whatsapp' ><a target=\"_blank\" aria-label=\"Compartir en Whatsapp\" href='https:\/\/api.whatsapp.com\/send?text=https:\/\/radiorevelacionfm.cl\/?p=5816' aria-hidden='false' data-av_icon='\uf232' data-av_iconfont='entypo-fontello' title='' data-avia-related-tooltip='Compartir en Whatsapp' rel=\"noopener\"><span class='avia_hidden_link_text'>Compartir en Whatsapp<\/span><\/a><\/li><li class='av-share-link av-social-link-linkedin' ><a target=\"_blank\" aria-label=\"Compartir en LinkedIn\" href='https:\/\/linkedin.com\/shareArticle?mini=true&#038;title=Calisto%20asume%20presidencia%20de%20comisi%C3%B3n%20investigadora%20por%20colusi%C3%B3n%20del%20gas%20y%20plantea%20necesidad%20de%20regular%20su%20precio&#038;url=https:\/\/radiorevelacionfm.cl\/?p=5816' aria-hidden='false' data-av_icon='\ue8fc' data-av_iconfont='entypo-fontello' title='' data-avia-related-tooltip='Compartir en LinkedIn' rel=\"noopener\"><span class='avia_hidden_link_text'>Compartir en LinkedIn<\/span><\/a><\/li><li class='av-share-link av-social-link-mail' ><a  aria-label=\"Compartir por correo\" href='mailto:?subject=Calisto%20asume%20presidencia%20de%20comisi%C3%B3n%20investigadora%20por%20colusi%C3%B3n%20del%20gas%20y%20plantea%20necesidad%20de%20regular%20su%20precio&#038;body=https:\/\/radiorevelacionfm.cl\/?p=5816' aria-hidden='false' data-av_icon='\ue805' data-av_iconfont='entypo-fontello' title='' data-avia-related-tooltip='Compartir por correo'><span class='avia_hidden_link_text'>Compartir por correo<\/span><\/a><\/li><\/ul><\/div><\/div>\n<div  style='height:50px' class='hr hr-invisible   avia-builder-el-8  el_after_av_social_share  el_before_av_comments_list '><span class='hr-inner ' ><span class='hr-inner-style'><\/span><\/span><\/div>\n<div  class='av-buildercomment  av-blog-meta-html-info-disabled av-blog-meta-tag-disabled  '><\/div>\n","protected":false},"excerpt":{"rendered":"","protected":false},"author":1,"featured_media":5817,"comment_status":"open","ping_status":"open","sticky":false,"template":"","format":"standard","meta":{"footnotes":""},"categories":[35],"tags":[],"class_list":["post-5816","post","type-post","status-publish","format-standard","has-post-thumbnail","hentry","category-politica"],"jetpack_featured_media_url":"https:\/\/radiorevelacionfm.cl\/wp-content\/uploads\/2021\/07\/CALISTO-diputado-1-1.jpg","_links":{"self":[{"href":"https:\/\/radiorevelacionfm.cl\/index.php?rest_route=\/wp\/v2\/posts\/5816","targetHints":{"allow":["GET"]}}],"collection":[{"href":"https:\/\/radiorevelacionfm.cl\/index.php?rest_route=\/wp\/v2\/posts"}],"about":[{"href":"https:\/\/radiorevelacionfm.cl\/index.php?rest_route=\/wp\/v2\/types\/post"}],"author":[{"embeddable":true,"href":"https:\/\/radiorevelacionfm.cl\/index.php?rest_route=\/wp\/v2\/users\/1"}],"replies":[{"embeddable":true,"href":"https:\/\/radiorevelacionfm.cl\/index.php?rest_route=%2Fwp%2Fv2%2Fcomments&post=5816"}],"version-history":[{"count":1,"href":"https:\/\/radiorevelacionfm.cl\/index.php?rest_route=\/wp\/v2\/posts\/5816\/revisions"}],"predecessor-version":[{"id":5818,"href":"https:\/\/radiorevelacionfm.cl\/index.php?rest_route=\/wp\/v2\/posts\/5816\/revisions\/5818"}],"wp:featuredmedia":[{"embeddable":true,"href":"https:\/\/radiorevelacionfm.cl\/index.php?rest_route=\/wp\/v2\/media\/5817"}],"wp:attachment":[{"href":"https:\/\/radiorevelacionfm.cl\/index.php?rest_route=%2Fwp%2Fv2%2Fmedia&parent=5816"}],"wp:term":[{"taxonomy":"category","embeddable":true,"href":"https:\/\/radiorevelacionfm.cl\/index.php?rest_route=%2Fwp%2Fv2%2Fcategories&post=5816"},{"taxonomy":"post_tag","embeddable":true,"href":"https:\/\/radiorevelacionfm.cl\/index.php?rest_route=%2Fwp%2Fv2%2Ftags&post=5816"}],"curies":[{"name":"wp","href":"https:\/\/api.w.org\/{rel}","templated":true}]}}