{"id":58159,"date":"2025-08-22T15:19:04","date_gmt":"2025-08-22T18:19:04","guid":{"rendered":"https:\/\/radiorevelacionfm.cl\/?p=58159"},"modified":"2025-08-22T15:19:04","modified_gmt":"2025-08-22T18:19:04","slug":"jardin-infantil-troperitos-del-valle-se-suma-a-la-campana-de-recoleccion-de-pilas-de-edelaysen","status":"publish","type":"post","link":"https:\/\/radiorevelacionfm.cl\/?p=58159","title":{"rendered":"Jard\u00edn Infantil Troperitos del Valle se suma a la campa\u00f1a de recolecci\u00f3n de pilas de Edelaysen"},"content":{"rendered":"<div class=\"flex_column av_one_full  flex_column_div av-zero-column-padding first  avia-builder-el-0  el_before_av_one_full  avia-builder-el-first  \" style='border-radius:0px; '><div  class='avia-image-container  av-styling-    avia-builder-el-1  avia-builder-el-no-sibling  avia-align-center '  itemprop=\"image\" itemscope=\"itemscope\" itemtype=\"https:\/\/schema.org\/ImageObject\"  ><div class='avia-image-container-inner'><div class='avia-image-overlay-wrap'><img decoding=\"async\" class='wp-image-58160 avia-img-lazy-loading-not-58160 avia_image' src=\"https:\/\/radiorevelacionfm.cl\/wp-content\/uploads\/2025\/08\/troperitos-del-valle-2-1_optimized.jpeg\" alt='' title='troperitos-del-valle-(2)-(1)_optimized' height=\"600\" width=\"800\"  itemprop=\"thumbnailUrl\" srcset=\"https:\/\/radiorevelacionfm.cl\/wp-content\/uploads\/2025\/08\/troperitos-del-valle-2-1_optimized.jpeg 800w, https:\/\/radiorevelacionfm.cl\/wp-content\/uploads\/2025\/08\/troperitos-del-valle-2-1_optimized-300x225.jpeg 300w, https:\/\/radiorevelacionfm.cl\/wp-content\/uploads\/2025\/08\/troperitos-del-valle-2-1_optimized-768x576.jpeg 768w, https:\/\/radiorevelacionfm.cl\/wp-content\/uploads\/2025\/08\/troperitos-del-valle-2-1_optimized-705x529.jpeg 705w, https:\/\/radiorevelacionfm.cl\/wp-content\/uploads\/2025\/08\/troperitos-del-valle-2-1_optimized-450x338.jpeg 450w, https:\/\/radiorevelacionfm.cl\/wp-content\/uploads\/2025\/08\/troperitos-del-valle-2-1_optimized-600x450.jpeg 600w\" sizes=\"(max-width: 800px) 100vw, 800px\" \/><\/div><\/div><\/div><\/div><div class=\"flex_column av_one_full  flex_column_div av-zero-column-padding first  avia-builder-el-2  el_after_av_one_full  el_before_av_one_full  column-top-margin\" style='border-radius:0px; '><section class=\"av_textblock_section \"  itemscope=\"itemscope\" itemtype=\"https:\/\/schema.org\/BlogPosting\" itemprop=\"blogPost\" ><div class='avia_textblock  '   itemprop=\"text\" ><p style=\"text-align: center;\"><strong><span style=\"font-size: 18pt;\">Jard\u00edn Infantil Troperitos del Valle se suma a la campa\u00f1a de recolecci\u00f3n de pilas de Edelaysen<\/span><\/strong><\/p>\n<div id=\"gtx-trans\" style=\"position: absolute; left: -50px; top: 4.31534px;\">\n<div class=\"gtx-trans-icon\"><\/div>\n<\/div>\n<\/div><\/section><\/div><div class=\"flex_column av_one_full  flex_column_div av-zero-column-padding first  avia-builder-el-4  el_after_av_one_full  el_before_av_hr  column-top-margin\" style='border-radius:0px; '><section class=\"av_textblock_section \"  itemscope=\"itemscope\" itemtype=\"https:\/\/schema.org\/BlogPosting\" itemprop=\"blogPost\" ><div class='avia_textblock  '   itemprop=\"text\" ><ul>\n<li style=\"text-align: justify;\"><em>Desde la localidad de Valle Simpson, los ni\u00f1os comenzaron a reunir pilas en desuso para dar un mensaje de cuidado del medio ambiente a toda la localidad.<\/em><\/li>\n<\/ul>\n<p style=\"text-align: justify;\">Edelaysen visit\u00f3 el jard\u00edn infantil Troperitos del Valle de la localidad de Valle Simpson en Coyhaique, quienes con entusiasmo y alegr\u00eda recibieron a la el\u00e9ctrica para sumarse a la campa\u00f1a regional \u201cPatagonia ponte las pilas\u201d.<\/p>\n<p style=\"text-align: justify;\">Durante la actividad los ni\u00f1os participaron activamente, demostrando su inter\u00e9s por ser parte de una iniciativa que busca recolectar pilas en desuso y evitar que estos residuos altamente contaminantes lleguen a los suelos y aguas de la regi\u00f3n.<\/p>\n<p style=\"text-align: justify;\">Por su parte la comunidad educativa se\u00f1al\u00f3 que el jard\u00edn refuerza constantemente mensajes de cuidado y ahorro de energ\u00eda, del agua y del medio ambiente, por lo que la campa\u00f1a se integra de manera natural al trabajo formativo del establecimiento.<\/p>\n<p style=\"text-align: justify;\">Mar\u00eda In\u00e9s Vera, directora del Jard\u00edn Infantil destac\u00f3 que: \u201cBueno, como Jard\u00edn Infantil, Troperitos del Valle, estamos orgullosos de que hoy d\u00eda se haya realizado esta hermosa actividad en convenio con Edelaysen, el cual realmente nos motiva a poder cuidar nuestro planeta, el cual hoy d\u00eda tenemos que todos en conjunto apoyar a esta labor, que es muy importante bueno tanto ni\u00f1os, ni\u00f1as, las familias, personal y la comunidad de Valle Simpson, igual est\u00e1 con las pilas puestas c\u00f3mo se dice para poder lograr juntar estas pilas\u201d.<\/p>\n<p style=\"text-align: justify;\">Desde Edelaysen valoraron la incorporaci\u00f3n del establecimiento. Al respecto, Yasna Vera, ejecutiva de relacionamiento, coment\u00f3: \u201cQue los ni\u00f1os de Valle Simpson se sumen a esta campa\u00f1a es algo profundamente valioso. Estamos sembrando conciencia ambiental en la primera infancia, y sabemos que ese aprendizaje no se queda solo en el jard\u00edn, sino que llega a los hogares y a toda la comunidad. Cada pila en desuso que se recolecta significa un paso hacia un entorno m\u00e1s limpio y saludable, y que esto se haga desde los m\u00e1s peque\u00f1os nos llena de orgullo y alegr\u00eda\u201d.<\/p>\n<p style=\"text-align: justify;\">Esta iniciativa que cuenta con el amplio respaldo de la comunidad regional tanto en instituciones p\u00fablicas como privadas, establecimientos y comercio local se encuentra vigente durante todo este 2025, con el objetivo de contribuir a un esfuerzo conjunto por el cuidado del medio ambiente en la regi\u00f3n de Ays\u00e9n.<\/p>\n<\/div><\/section><\/div><div  style='height:50px' class='hr hr-invisible   avia-builder-el-6  el_after_av_one_full  el_before_av_social_share '><span class='hr-inner ' ><span class='hr-inner-style'><\/span><\/span><\/div><\/p>\n<div  class='av-social-sharing-box  avia-builder-el-7  el_after_av_hr  el_before_av_hr  '><div class='av-share-box'><h5 class='av-share-link-description av-no-toc '>Compartir esta noticia<\/h5><ul class='av-share-box-list noLightbox'><li class='av-share-link av-social-link-facebook' ><a target=\"_blank\" aria-label=\"Compartir en Facebook\" href='https:\/\/www.facebook.com\/sharer.php?u=https:\/\/radiorevelacionfm.cl\/?p=58159&#038;t=Jard%C3%ADn%20Infantil%20Troperitos%20del%20Valle%20se%20suma%20a%20la%20campa%C3%B1a%20de%20recolecci%C3%B3n%20de%20pilas%20de%20Edelaysen' aria-hidden='false' data-av_icon='\ue8f3' data-av_iconfont='entypo-fontello' title='' data-avia-related-tooltip='Compartir en Facebook' rel=\"noopener\"><span class='avia_hidden_link_text'>Compartir en Facebook<\/span><\/a><\/li><li class='av-share-link av-social-link-twitter' ><a target=\"_blank\" aria-label=\"Compartir en Twitter\" href='https:\/\/twitter.com\/share?text=Jard%C3%ADn%20Infantil%20Troperitos%20del%20Valle%20se%20suma%20a%20la%20campa%C3%B1a%20de%20recolecci%C3%B3n%20de%20pilas%20de%20Edelaysen&#038;url=https:\/\/radiorevelacionfm.cl\/?p=58159' aria-hidden='false' data-av_icon='\ue8f1' data-av_iconfont='entypo-fontello' title='' data-avia-related-tooltip='Compartir en Twitter' rel=\"noopener\"><span class='avia_hidden_link_text'>Compartir en Twitter<\/span><\/a><\/li><li class='av-share-link av-social-link-whatsapp' ><a target=\"_blank\" aria-label=\"Compartir en Whatsapp\" href='https:\/\/api.whatsapp.com\/send?text=https:\/\/radiorevelacionfm.cl\/?p=58159' aria-hidden='false' data-av_icon='\uf232' data-av_iconfont='entypo-fontello' title='' data-avia-related-tooltip='Compartir en Whatsapp' rel=\"noopener\"><span class='avia_hidden_link_text'>Compartir en Whatsapp<\/span><\/a><\/li><li class='av-share-link av-social-link-linkedin' ><a target=\"_blank\" aria-label=\"Compartir en LinkedIn\" href='https:\/\/linkedin.com\/shareArticle?mini=true&#038;title=Jard%C3%ADn%20Infantil%20Troperitos%20del%20Valle%20se%20suma%20a%20la%20campa%C3%B1a%20de%20recolecci%C3%B3n%20de%20pilas%20de%20Edelaysen&#038;url=https:\/\/radiorevelacionfm.cl\/?p=58159' aria-hidden='false' data-av_icon='\ue8fc' data-av_iconfont='entypo-fontello' title='' data-avia-related-tooltip='Compartir en LinkedIn' rel=\"noopener\"><span class='avia_hidden_link_text'>Compartir en LinkedIn<\/span><\/a><\/li><li class='av-share-link av-social-link-mail' ><a  aria-label=\"Compartir por correo\" href='mailto:?subject=Jard%C3%ADn%20Infantil%20Troperitos%20del%20Valle%20se%20suma%20a%20la%20campa%C3%B1a%20de%20recolecci%C3%B3n%20de%20pilas%20de%20Edelaysen&#038;body=https:\/\/radiorevelacionfm.cl\/?p=58159' aria-hidden='false' data-av_icon='\ue805' data-av_iconfont='entypo-fontello' title='' data-avia-related-tooltip='Compartir por correo'><span class='avia_hidden_link_text'>Compartir por correo<\/span><\/a><\/li><\/ul><\/div><\/div>\n<div  style='height:50px' class='hr hr-invisible   avia-builder-el-8  el_after_av_social_share  el_before_av_comments_list '><span class='hr-inner ' ><span class='hr-inner-style'><\/span><\/span><\/div>\n<div  class='av-buildercomment  av-blog-meta-html-info-disabled av-blog-meta-tag-disabled  '><\/div>\n","protected":false},"excerpt":{"rendered":"","protected":false},"author":1,"featured_media":58160,"comment_status":"closed","ping_status":"closed","sticky":false,"template":"","format":"standard","meta":{"footnotes":""},"categories":[38],"tags":[],"class_list":["post-58159","post","type-post","status-publish","format-standard","has-post-thumbnail","hentry","category-regional"],"jetpack_featured_media_url":"https:\/\/radiorevelacionfm.cl\/wp-content\/uploads\/2025\/08\/troperitos-del-valle-2-1_optimized.jpeg","_links":{"self":[{"href":"https:\/\/radiorevelacionfm.cl\/index.php?rest_route=\/wp\/v2\/posts\/58159","targetHints":{"allow":["GET"]}}],"collection":[{"href":"https:\/\/radiorevelacionfm.cl\/index.php?rest_route=\/wp\/v2\/posts"}],"about":[{"href":"https:\/\/radiorevelacionfm.cl\/index.php?rest_route=\/wp\/v2\/types\/post"}],"author":[{"embeddable":true,"href":"https:\/\/radiorevelacionfm.cl\/index.php?rest_route=\/wp\/v2\/users\/1"}],"replies":[{"embeddable":true,"href":"https:\/\/radiorevelacionfm.cl\/index.php?rest_route=%2Fwp%2Fv2%2Fcomments&post=58159"}],"version-history":[{"count":2,"href":"https:\/\/radiorevelacionfm.cl\/index.php?rest_route=\/wp\/v2\/posts\/58159\/revisions"}],"predecessor-version":[{"id":58166,"href":"https:\/\/radiorevelacionfm.cl\/index.php?rest_route=\/wp\/v2\/posts\/58159\/revisions\/58166"}],"wp:featuredmedia":[{"embeddable":true,"href":"https:\/\/radiorevelacionfm.cl\/index.php?rest_route=\/wp\/v2\/media\/58160"}],"wp:attachment":[{"href":"https:\/\/radiorevelacionfm.cl\/index.php?rest_route=%2Fwp%2Fv2%2Fmedia&parent=58159"}],"wp:term":[{"taxonomy":"category","embeddable":true,"href":"https:\/\/radiorevelacionfm.cl\/index.php?rest_route=%2Fwp%2Fv2%2Fcategories&post=58159"},{"taxonomy":"post_tag","embeddable":true,"href":"https:\/\/radiorevelacionfm.cl\/index.php?rest_route=%2Fwp%2Fv2%2Ftags&post=58159"}],"curies":[{"name":"wp","href":"https:\/\/api.w.org\/{rel}","templated":true}]}}