{"id":58155,"date":"2025-08-22T16:54:02","date_gmt":"2025-08-22T19:54:02","guid":{"rendered":"https:\/\/radiorevelacionfm.cl\/?p=58155"},"modified":"2025-08-22T16:54:02","modified_gmt":"2025-08-22T19:54:02","slug":"colegios-de-aysen-se-sumaron-a-la-jornada-nacional-presentes-contra-la-violencia-convocada-por-el-ministerio-de-educacion","status":"publish","type":"post","link":"https:\/\/radiorevelacionfm.cl\/?p=58155","title":{"rendered":"Colegios de Ays\u00e9n se sumaron a la jornada nacional Presentes Contra la Violencia convocada por el Ministerio de Educaci\u00f3n"},"content":{"rendered":"<div class=\"flex_column av_one_full  flex_column_div av-zero-column-padding first  avia-builder-el-0  el_before_av_one_full  avia-builder-el-first  \" style='border-radius:0px; '><div  class='avia-image-container  av-styling-    avia-builder-el-1  avia-builder-el-no-sibling  avia-align-center '  itemprop=\"image\" itemscope=\"itemscope\" itemtype=\"https:\/\/schema.org\/ImageObject\"  ><div class='avia-image-container-inner'><div class='avia-image-overlay-wrap'><img decoding=\"async\" class='wp-image-58156 avia-img-lazy-loading-not-58156 avia_image' src=\"https:\/\/radiorevelacionfm.cl\/wp-content\/uploads\/2025\/08\/grupal-10-1_optimized.jpeg\" alt='' title='grupal-(10)-(1)_optimized' height=\"600\" width=\"900\"  itemprop=\"thumbnailUrl\" srcset=\"https:\/\/radiorevelacionfm.cl\/wp-content\/uploads\/2025\/08\/grupal-10-1_optimized.jpeg 900w, https:\/\/radiorevelacionfm.cl\/wp-content\/uploads\/2025\/08\/grupal-10-1_optimized-300x200.jpeg 300w, https:\/\/radiorevelacionfm.cl\/wp-content\/uploads\/2025\/08\/grupal-10-1_optimized-768x512.jpeg 768w, https:\/\/radiorevelacionfm.cl\/wp-content\/uploads\/2025\/08\/grupal-10-1_optimized-705x470.jpeg 705w, https:\/\/radiorevelacionfm.cl\/wp-content\/uploads\/2025\/08\/grupal-10-1_optimized-450x300.jpeg 450w, https:\/\/radiorevelacionfm.cl\/wp-content\/uploads\/2025\/08\/grupal-10-1_optimized-600x400.jpeg 600w\" sizes=\"(max-width: 900px) 100vw, 900px\" \/><\/div><\/div><\/div><\/div><div class=\"flex_column av_one_full  flex_column_div av-zero-column-padding first  avia-builder-el-2  el_after_av_one_full  el_before_av_one_full  column-top-margin\" style='border-radius:0px; '><section class=\"av_textblock_section \"  itemscope=\"itemscope\" itemtype=\"https:\/\/schema.org\/BlogPosting\" itemprop=\"blogPost\" ><div class='avia_textblock  '   itemprop=\"text\" ><p style=\"text-align: center;\"><span style=\"font-size: 18pt;\"><b>Colegios de Ays\u00e9n se sumaron a la jornada nacional Presentes Contra la Violencia convocada por el Ministerio de Educaci\u00f3n<\/b><\/span><\/p>\n<div id=\"gtx-trans\" style=\"position: absolute; left: -50px; top: 4.31534px;\">\n<div class=\"gtx-trans-icon\"><\/div>\n<\/div>\n<\/div><\/section><\/div><div class=\"flex_column av_one_full  flex_column_div av-zero-column-padding first  avia-builder-el-4  el_after_av_one_full  el_before_av_hr  column-top-margin\" style='border-radius:0px; '><section class=\"av_textblock_section \"  itemscope=\"itemscope\" itemtype=\"https:\/\/schema.org\/BlogPosting\" itemprop=\"blogPost\" ><div class='avia_textblock  '   itemprop=\"text\" ><p style=\"font-weight: 400; text-align: justify;\">El jueves 21 la Seremi Katherine Miqueles junto al Delegado Presidencial Regional Jorge D\u00edaz, autoridades regionales y Director del Slep Ays\u00e9n Sebasti\u00e1n Gonz\u00e1lez acompa\u00f1aron a la Escuela Baquedano de\u00a0<a href=\"https:\/\/www.facebook.com\/hashtag\/coyhaique?__eep__=6&amp;__cft__%5b0%5d=AZX5EjO_MnFxjsJO1HRbRuAew8p_jVd768jzV1LA_puCb2pWbbKOip6b4fUnV4heNSDxvCrdeW25RrDWE2jhIJah8lg34jpFuUp8jJMrpoZbZK0BIM6Vdzcl2nptaIcR2dWfn9b54dmJS_r4Z3UWqzgash7qrQteaWdk3zNVnMWo8w&amp;__tn__=*NK-R\" data-saferedirecturl=\"https:\/\/www.google.com\/url?q=https:\/\/www.facebook.com\/hashtag\/coyhaique?__eep__%3D6%26__cft__%255b0%255d%3DAZX5EjO_MnFxjsJO1HRbRuAew8p_jVd768jzV1LA_puCb2pWbbKOip6b4fUnV4heNSDxvCrdeW25RrDWE2jhIJah8lg34jpFuUp8jJMrpoZbZK0BIM6Vdzcl2nptaIcR2dWfn9b54dmJS_r4Z3UWqzgash7qrQteaWdk3zNVnMWo8w%26__tn__%3D*NK-R&amp;source=gmail&amp;ust=1755960840968000&amp;usg=AOvVaw0m3F_DedP1YzramFyUb2JA\">Coyhaique<\/a>\u00a0que se sum\u00f3 a la Jornada Nacional \u201cPresentes contra la violencia\u201d, espacio en el que las y los estudiantes, y todos los integrantes de esa comunidad educativa, reflexionaron y se comprometieron con la construcci\u00f3n de espacios educativos de cuidado y bienestar.<\/p>\n<p style=\"font-weight: 400; text-align: justify;\">En el hito participaron tambi\u00e9n la Seremi de la Mujer y Equidad de G\u00e9nero, Isidora Gacit\u00faa, y la encargada de Prevenci\u00f3n de SENDA Beatriz Gonz\u00e1lez. Las autoridades interactuaron con las ni\u00f1as y ni\u00f1os de Cuarto B\u00e1sico y sus profesoras durante el cierre de la jornada de reflexi\u00f3n.<\/p>\n<p style=\"font-weight: 400; text-align: justify;\">La convocatoria del Ministerio de Educaci\u00f3n fue a todos los establecimientos educacionales del pa\u00eds, sin distinci\u00f3n de dependencia (municipales, SLEP, particulares subvencionados, particulares pagados), para que de manera voluntaria generen espacios de conversaci\u00f3n, sensibilizaci\u00f3n y compromiso activo desde las comunidades educativas contra la violencia.<\/p>\n<p style=\"font-weight: 400; text-align: justify;\">La jornada ocup\u00f3 entre dos y tres horas pedag\u00f3gicas, cont\u00f3 con actividades diferenciadas, seg\u00fan la edad de las y los estudiantes, desde p\u00e1rvulos de jardines infantiles (nivel medio mayor) hasta estudiantes de 4\u00b0 medio. Para ello el Mineduc habilit\u00f3 el sitio\u00a0<a href=\"https:\/\/presentescontralaviolencia.mineduc.cl\/?fbclid=IwZXh0bgNhZW0CMTAAYnJpZBExUXFkeTB1NU5lSlhMa2lNSAEeiC30DDXpYoiU74I8ubFwgjV8Zc-32ejoSxW3dtjo0PuYIqR6Ra8tYDY51HQ_aem_ZexgfM6eOm1p47jX7MVAWw\" data-saferedirecturl=\"https:\/\/www.google.com\/url?q=https:\/\/presentescontralaviolencia.mineduc.cl\/?fbclid%3DIwZXh0bgNhZW0CMTAAYnJpZBExUXFkeTB1NU5lSlhMa2lNSAEeiC30DDXpYoiU74I8ubFwgjV8Zc-32ejoSxW3dtjo0PuYIqR6Ra8tYDY51HQ_aem_ZexgfM6eOm1p47jX7MVAWw&amp;source=gmail&amp;ust=1755960840968000&amp;usg=AOvVaw2WVL3gu5ovr9Cz_sUUFCXD\"><strong>presentescontralaviolencia.mineduc.cl<\/strong><\/a>, donde se pusieron a disposici\u00f3n pr\u00f3ximamente las propuestas metodol\u00f3gicas para que las comunidades educativas realicen su jornada de acuerdo a sus necesidades y matr\u00edcula. El material se orient\u00f3 a cuatro grupos educativos: nivel medio mayor; prek\u00ednder a 2\u00b0 b\u00e1sico; 3\u00b0 b\u00e1sico a 6\u00b0 b\u00e1sico; y 7\u00b0 b\u00e1sico a 4\u00b0 medio. Tambi\u00e9n hay material para trabajar con madres, padres y apoderados.<\/p>\n<p style=\"font-weight: 400; text-align: justify;\"><strong>Reacciones<\/strong><\/p>\n<p style=\"font-weight: 400; text-align: justify;\">Jorge D\u00edaz Guzm\u00e1n Delegado Presidencial. \u201cPara nuestro Gobierno que representamos hoy en esta actividad, estamos y las instituciones educativas es muy importante generar cambios positivos respecto a como los alumnos resuelven sus conflictos y como generan lazos de amistad y convivencia escolar y como eso se trasmite al interior de la comunidad escolar. Como sociedad nos preocupa que las personas no resuelvan adecuadamente sus diferencias. La jornada de hoy busca generar espacios de reflexi\u00f3n y conversaci\u00f3n en torno a c\u00f3mo estamos solucionando nuestras diferencias y ese mensaje queremos transmitir, que se abran m\u00e1s espacios de di\u00e1logo y conversaci\u00f3n en los hogares, en los colegios y en todos los \u00e1mbitos de la sociedad\u201d.<\/p>\n<p style=\"font-weight: 400; text-align: justify;\">Katherine Miqueles Seremi de Educaci\u00f3n. \u201cLa de hoy es una jornada nacional de car\u00e1cter voluntario para que\u00a0 los colegios dialoguen y reflexionen sobre los efectos de la violencia, que es un fen\u00f3meno complejo y que tiene que ser abordado integralmente con la participaci\u00f3n de todos los sectores y actores. Como ministerio de Educaci\u00f3n impulsamos diversas iniciativas como el programa A Convivir se Aprende, Habilidades para la Vida, Escuelas Protegidas. Hoy en la escuela Baquedano vemos con satisfacci\u00f3n que los ni\u00f1os y ni\u00f1as son buenos embajadores de este mensaje, que todos queremos y debemos estar presentes frente a la violencia\u201d.<\/p>\n<p style=\"font-weight: 400; text-align: justify;\">Sebasti\u00e1n Gonz\u00e1lez, Director Slep Ays\u00e9n. \u201dCreemos que la violencia afecta a los aprendizajes; la violencia tiene otros problemas detr\u00e1s, conversaciones que no se tienen en las casas,\u00a0 exceso en el uso de las redes sociales y por ello queremos hacer una invitaci\u00f3n a\u00a0 las familias a los padres y apoderados,\u00a0 a estar atentos porque la violencia muchas veces ingresa a trav\u00e9s de un mal uso de las redes sociales\u201d.<\/p>\n<p style=\"font-weight: 400; text-align: justify;\">Paula S\u00e1nchez, directora Escuela Baquedano. \u201cQuienes dirigimos una escuela tenemos un gran desaf\u00edo, tenemos que lograr aprendizajes, pero aprendizajes solo por aprender no tiene sentido si los ni\u00f1os no est\u00e1n en un espacio que los proteja, que los contenga y que les d\u00e9 afecto. Este espacio tambi\u00e9n tiene que considerar a quienes trabajamos ah\u00ed a quienes estamos diariamente con los ni\u00f1os. Hay un desaf\u00edo para las autoridades, para el sostenedor, y\u00a0 todos los que estamos relacionados con ni\u00f1os y ni\u00f1as\u201d.<\/p>\n<p style=\"font-weight: 400; text-align: justify;\">Ignacio Gam\u00edn Alumno de S\u00e9ptimo B\u00e1sico de la Escuela Baquedano. \u201dMi colegio ha estado fomentando el tema del buen trato y c\u00f3mo prevenir el bullying y el maltrato, es un tema delicado pero lo saben tratar bastante bien y pienso que logran que los chicos tomen consciencia de este problema\u201d:<\/p>\n<p style=\"font-weight: 400; text-align: justify;\">Isidora Gacit\u00faa Seremi de la Mujer y Equidad de G\u00e9nero. \u201dLa violencia es un tema que estamos abordando como intersector. Como serem\u00eda impulsamos el a\u00f1o pasado la campa\u00f1a Si es violencia no la hagas viral, orientada\u00a0 a ni\u00f1os, ni\u00f1as y adolescentes que se enfoc\u00f3 al uso de redes sociales. Estamos prontos a iniciar una nueva campa\u00f1a enfocada en la ley integral que aborda el tema de la violencia desde una perspectiva transversal\u201d.<\/p>\n<p style=\"font-weight: 400; text-align: justify;\">Beatriz Gonz\u00e1lez SENDA. \u201cNuestra mirada institucional se centra en c\u00f3mo fortalecer factores protectores frente la violencia. Es muy importante promover el buen trato, es necesario educar desde los primeros ciclos y reforzar factores como el compa\u00f1erismo, la resoluci\u00f3n temprana y pac\u00edfica de los conflictos que surgen en una comunidad educativa\u201d.<\/p>\n<\/div><\/section><\/div><div  style='height:50px' class='hr hr-invisible   avia-builder-el-6  el_after_av_one_full  el_before_av_social_share '><span class='hr-inner ' ><span class='hr-inner-style'><\/span><\/span><\/div><\/p>\n<div  class='av-social-sharing-box  avia-builder-el-7  el_after_av_hr  el_before_av_hr  '><div class='av-share-box'><h5 class='av-share-link-description av-no-toc '>Compartir esta noticia<\/h5><ul class='av-share-box-list noLightbox'><li class='av-share-link av-social-link-facebook' ><a target=\"_blank\" aria-label=\"Compartir en Facebook\" href='https:\/\/www.facebook.com\/sharer.php?u=https:\/\/radiorevelacionfm.cl\/?p=58155&#038;t=Colegios%20de%20Ays%C3%A9n%20se%20sumaron%20a%20la%20jornada%20nacional%20Presentes%20Contra%20la%20Violencia%20convocada%20por%20el%20Ministerio%20de%20Educaci%C3%B3n' aria-hidden='false' data-av_icon='\ue8f3' data-av_iconfont='entypo-fontello' title='' data-avia-related-tooltip='Compartir en Facebook' rel=\"noopener\"><span class='avia_hidden_link_text'>Compartir en Facebook<\/span><\/a><\/li><li class='av-share-link av-social-link-twitter' ><a target=\"_blank\" aria-label=\"Compartir en Twitter\" href='https:\/\/twitter.com\/share?text=Colegios%20de%20Ays%C3%A9n%20se%20sumaron%20a%20la%20jornada%20nacional%20Presentes%20Contra%20la%20Violencia%20convocada%20por%20el%20Ministerio%20de%20Educaci%C3%B3n&#038;url=https:\/\/radiorevelacionfm.cl\/?p=58155' aria-hidden='false' data-av_icon='\ue8f1' data-av_iconfont='entypo-fontello' title='' data-avia-related-tooltip='Compartir en Twitter' rel=\"noopener\"><span class='avia_hidden_link_text'>Compartir en Twitter<\/span><\/a><\/li><li class='av-share-link av-social-link-whatsapp' ><a target=\"_blank\" aria-label=\"Compartir en Whatsapp\" href='https:\/\/api.whatsapp.com\/send?text=https:\/\/radiorevelacionfm.cl\/?p=58155' aria-hidden='false' data-av_icon='\uf232' data-av_iconfont='entypo-fontello' title='' data-avia-related-tooltip='Compartir en Whatsapp' rel=\"noopener\"><span class='avia_hidden_link_text'>Compartir en Whatsapp<\/span><\/a><\/li><li class='av-share-link av-social-link-linkedin' ><a target=\"_blank\" aria-label=\"Compartir en LinkedIn\" href='https:\/\/linkedin.com\/shareArticle?mini=true&#038;title=Colegios%20de%20Ays%C3%A9n%20se%20sumaron%20a%20la%20jornada%20nacional%20Presentes%20Contra%20la%20Violencia%20convocada%20por%20el%20Ministerio%20de%20Educaci%C3%B3n&#038;url=https:\/\/radiorevelacionfm.cl\/?p=58155' aria-hidden='false' data-av_icon='\ue8fc' data-av_iconfont='entypo-fontello' title='' data-avia-related-tooltip='Compartir en LinkedIn' rel=\"noopener\"><span class='avia_hidden_link_text'>Compartir en LinkedIn<\/span><\/a><\/li><li class='av-share-link av-social-link-mail' ><a  aria-label=\"Compartir por correo\" href='mailto:?subject=Colegios%20de%20Ays%C3%A9n%20se%20sumaron%20a%20la%20jornada%20nacional%20Presentes%20Contra%20la%20Violencia%20convocada%20por%20el%20Ministerio%20de%20Educaci%C3%B3n&#038;body=https:\/\/radiorevelacionfm.cl\/?p=58155' aria-hidden='false' data-av_icon='\ue805' data-av_iconfont='entypo-fontello' title='' data-avia-related-tooltip='Compartir por correo'><span class='avia_hidden_link_text'>Compartir por correo<\/span><\/a><\/li><\/ul><\/div><\/div>\n<div  style='height:50px' class='hr hr-invisible   avia-builder-el-8  el_after_av_social_share  el_before_av_comments_list '><span class='hr-inner ' ><span class='hr-inner-style'><\/span><\/span><\/div>\n<div  class='av-buildercomment  av-blog-meta-html-info-disabled av-blog-meta-tag-disabled  '><\/div>\n","protected":false},"excerpt":{"rendered":"","protected":false},"author":1,"featured_media":58156,"comment_status":"closed","ping_status":"closed","sticky":false,"template":"","format":"standard","meta":{"footnotes":""},"categories":[49],"tags":[],"class_list":["post-58155","post","type-post","status-publish","format-standard","has-post-thumbnail","hentry","category-educacion"],"jetpack_featured_media_url":"https:\/\/radiorevelacionfm.cl\/wp-content\/uploads\/2025\/08\/grupal-10-1_optimized.jpeg","_links":{"self":[{"href":"https:\/\/radiorevelacionfm.cl\/index.php?rest_route=\/wp\/v2\/posts\/58155","targetHints":{"allow":["GET"]}}],"collection":[{"href":"https:\/\/radiorevelacionfm.cl\/index.php?rest_route=\/wp\/v2\/posts"}],"about":[{"href":"https:\/\/radiorevelacionfm.cl\/index.php?rest_route=\/wp\/v2\/types\/post"}],"author":[{"embeddable":true,"href":"https:\/\/radiorevelacionfm.cl\/index.php?rest_route=\/wp\/v2\/users\/1"}],"replies":[{"embeddable":true,"href":"https:\/\/radiorevelacionfm.cl\/index.php?rest_route=%2Fwp%2Fv2%2Fcomments&post=58155"}],"version-history":[{"count":2,"href":"https:\/\/radiorevelacionfm.cl\/index.php?rest_route=\/wp\/v2\/posts\/58155\/revisions"}],"predecessor-version":[{"id":58167,"href":"https:\/\/radiorevelacionfm.cl\/index.php?rest_route=\/wp\/v2\/posts\/58155\/revisions\/58167"}],"wp:featuredmedia":[{"embeddable":true,"href":"https:\/\/radiorevelacionfm.cl\/index.php?rest_route=\/wp\/v2\/media\/58156"}],"wp:attachment":[{"href":"https:\/\/radiorevelacionfm.cl\/index.php?rest_route=%2Fwp%2Fv2%2Fmedia&parent=58155"}],"wp:term":[{"taxonomy":"category","embeddable":true,"href":"https:\/\/radiorevelacionfm.cl\/index.php?rest_route=%2Fwp%2Fv2%2Fcategories&post=58155"},{"taxonomy":"post_tag","embeddable":true,"href":"https:\/\/radiorevelacionfm.cl\/index.php?rest_route=%2Fwp%2Fv2%2Ftags&post=58155"}],"curies":[{"name":"wp","href":"https:\/\/api.w.org\/{rel}","templated":true}]}}