{"id":58152,"date":"2025-08-23T12:12:44","date_gmt":"2025-08-23T15:12:44","guid":{"rendered":"https:\/\/radiorevelacionfm.cl\/?p=58152"},"modified":"2025-08-23T12:12:44","modified_gmt":"2025-08-23T15:12:44","slug":"semana-de-formacion-2025-fortaleciendo-el-rol-docente-desde-el-bienestar-la-innovacion-y-la-practica-pedagogica","status":"publish","type":"post","link":"https:\/\/radiorevelacionfm.cl\/?p=58152","title":{"rendered":"Semana de Formaci\u00f3n 2025: Fortaleciendo el Rol Docente desde el Bienestar, la Innovaci\u00f3n y la Pr\u00e1ctica Pedag\u00f3gica"},"content":{"rendered":"<div class=\"flex_column av_one_full  flex_column_div av-zero-column-padding first  avia-builder-el-0  el_before_av_one_full  avia-builder-el-first  \" style='border-radius:0px; '><div  class='avia-image-container  av-styling-    avia-builder-el-1  avia-builder-el-no-sibling  avia-align-center '  itemprop=\"image\" itemscope=\"itemscope\" itemtype=\"https:\/\/schema.org\/ImageObject\"  ><div class='avia-image-container-inner'><div class='avia-image-overlay-wrap'><img decoding=\"async\" class='wp-image-58153 avia-img-lazy-loading-not-58153 avia_image' src=\"https:\/\/radiorevelacionfm.cl\/wp-content\/uploads\/2025\/08\/taller-docente-1-1-1.jpg\" alt='' title='taller docente 1 (1) (1)' height=\"600\" width=\"800\"  itemprop=\"thumbnailUrl\" srcset=\"https:\/\/radiorevelacionfm.cl\/wp-content\/uploads\/2025\/08\/taller-docente-1-1-1.jpg 800w, https:\/\/radiorevelacionfm.cl\/wp-content\/uploads\/2025\/08\/taller-docente-1-1-1-300x225.jpg 300w, https:\/\/radiorevelacionfm.cl\/wp-content\/uploads\/2025\/08\/taller-docente-1-1-1-768x576.jpg 768w, https:\/\/radiorevelacionfm.cl\/wp-content\/uploads\/2025\/08\/taller-docente-1-1-1-705x529.jpg 705w, https:\/\/radiorevelacionfm.cl\/wp-content\/uploads\/2025\/08\/taller-docente-1-1-1-450x338.jpg 450w, https:\/\/radiorevelacionfm.cl\/wp-content\/uploads\/2025\/08\/taller-docente-1-1-1-600x450.jpg 600w\" sizes=\"(max-width: 800px) 100vw, 800px\" \/><\/div><\/div><\/div><\/div><div class=\"flex_column av_one_full  flex_column_div av-zero-column-padding first  avia-builder-el-2  el_after_av_one_full  el_before_av_one_full  column-top-margin\" style='border-radius:0px; '><section class=\"av_textblock_section \"  itemscope=\"itemscope\" itemtype=\"https:\/\/schema.org\/BlogPosting\" itemprop=\"blogPost\" ><div class='avia_textblock  '   itemprop=\"text\" ><p style=\"text-align: center;\"><strong><span style=\"font-size: 18pt;\">Semana de Formaci\u00f3n 2025: Fortaleciendo el Rol Docente desde el Bienestar, la Innovaci\u00f3n y la Pr\u00e1ctica Pedag\u00f3gica<\/span><\/strong><\/p>\n<div id=\"gtx-trans\" style=\"position: absolute; left: -50px; top: 4.31534px;\">\n<div class=\"gtx-trans-icon\"><\/div>\n<\/div>\n<\/div><\/section><\/div><div class=\"flex_column av_one_full  flex_column_div av-zero-column-padding first  avia-builder-el-4  el_after_av_one_full  el_before_av_hr  column-top-margin\" style='border-radius:0px; '><section class=\"av_textblock_section \"  itemscope=\"itemscope\" itemtype=\"https:\/\/schema.org\/BlogPosting\" itemprop=\"blogPost\" ><div class='avia_textblock  '   itemprop=\"text\" ><p style=\"text-align: justify;\">Durante el mes de agosto se llev\u00f3 a cabo la\u00a0<strong>Semana de Formaci\u00f3n 2025<\/strong>, una instancia acad\u00e9mica que convoc\u00f3 a docentes del \u00e1mbito t\u00e9cnico-profesional en torno a tres talleres formativos dise\u00f1ados para fortalecer su quehacer pedag\u00f3gico, promover el bienestar integral y explorar nuevas herramientas tecnol\u00f3gicas aplicadas a la educaci\u00f3n.<\/p>\n<p style=\"text-align: justify;\"><strong>Taller de Autocuidado: Bienestar para una Docencia Sostenible<\/strong><\/p>\n<p style=\"text-align: justify;\">Este taller entreg\u00f3 herramientas pr\u00e1cticas orientadas al fortalecimiento de la salud mental y el bienestar integral de los y las docentes. A trav\u00e9s de actividades experienciales y reflexivas, se abordaron estrategias para el manejo emocional, la gesti\u00f3n del estr\u00e9s, la resoluci\u00f3n saludable de conflictos y el desarrollo de una comunicaci\u00f3n asertiva. Estos elementos son clave para un desempe\u00f1o docente equilibrado y sostenible.<\/p>\n<p style=\"text-align: justify;\"><strong>Estrategias y T\u00e9cnicas Did\u00e1cticas para una Docencia Efectiva<\/strong><\/p>\n<p style=\"text-align: justify;\">Con foco en el fortalecimiento de las competencias pedag\u00f3gicas, este taller ofreci\u00f3 un conjunto de estrategias y t\u00e9cnicas did\u00e1cticas aplicables a contextos de ense\u00f1anza t\u00e9cnico-profesional. Fue un espacio formativo que invit\u00f3 a repensar la pr\u00e1ctica docente desde una mirada activa, participativa y centrada en el aprendizaje de los estudiantes, promoviendo una ense\u00f1anza m\u00e1s significativa y contextualizada.<\/p>\n<p style=\"text-align: justify;\"><strong>Taller de Inteligencia Artificial para Docentes en Educaci\u00f3n Superior<\/strong><\/p>\n<p style=\"text-align: justify;\">Dise\u00f1ado para docentes del \u00e1mbito t\u00e9cnico-profesional, este taller acerc\u00f3 de manera pr\u00e1ctica y reflexiva al mundo de la Inteligencia Artificial (IA). Se exploraron conceptos fundamentales, aplicaciones concretas en el aula y los desaf\u00edos \u00e9ticos que surgen del uso de estas tecnolog\u00edas emergentes. El objetivo fue promover una comprensi\u00f3n cr\u00edtica y pedag\u00f3gica de la IA, fortaleciendo el rol docente en la era digital y entregando herramientas para innovar en los procesos de ense\u00f1anza-aprendizaje.<\/p>\n<p style=\"text-align: justify;\"><strong>Andrea Rojas Barrientos<\/strong>, Asesora Pedag\u00f3gica de INACAP Sede Coyhaique, destac\u00f3 que \u00abLa Semana de Formaci\u00f3n 2025 fue una oportunidad valiosa para reencontrarnos con el sentido profundo de la labor docente. Cada taller fue pensado para responder a las necesidades reales de nuestros equipos educativos, desde el cuidado personal hasta la innovaci\u00f3n pedag\u00f3gica. El compromiso y participaci\u00f3n de los docentes nos confirma que estos espacios son fundamentales para seguir construyendo una educaci\u00f3n t\u00e9cnica de calidad.<\/p>\n<p style=\"text-align: justify;\">Por su parte <strong>Mario P\u00e9rez Colina<\/strong>, Director Acad\u00e9mico de INACAP Sede Coyhaique, se\u00f1al\u00f3 \u00abEsta semana formativa refleja nuestro compromiso institucional con el desarrollo profesional de nuestros docentes. Apostamos por una formaci\u00f3n que no solo entrega herramientas, sino que tambi\u00e9n inspira y transforma. La incorporaci\u00f3n de tem\u00e1ticas como la inteligencia artificial y el autocuidado nos permite avanzar hacia una docencia m\u00e1s integral, pertinente y conectada con los desaf\u00edos actuales.\u00bb<\/p>\n<\/div><\/section><\/div><div  style='height:50px' class='hr hr-invisible   avia-builder-el-6  el_after_av_one_full  el_before_av_social_share '><span class='hr-inner ' ><span class='hr-inner-style'><\/span><\/span><\/div><\/p>\n<div  class='av-social-sharing-box  avia-builder-el-7  el_after_av_hr  el_before_av_hr  '><div class='av-share-box'><h5 class='av-share-link-description av-no-toc '>Compartir esta noticia<\/h5><ul class='av-share-box-list noLightbox'><li class='av-share-link av-social-link-facebook' ><a target=\"_blank\" aria-label=\"Compartir en Facebook\" href='https:\/\/www.facebook.com\/sharer.php?u=https:\/\/radiorevelacionfm.cl\/?p=58152&#038;t=Semana%20de%20Formaci%C3%B3n%202025%3A%20Fortaleciendo%20el%20Rol%20Docente%20desde%20el%20Bienestar%2C%20la%20Innovaci%C3%B3n%20y%20la%20Pr%C3%A1ctica%20Pedag%C3%B3gica' aria-hidden='false' data-av_icon='\ue8f3' data-av_iconfont='entypo-fontello' title='' data-avia-related-tooltip='Compartir en Facebook' rel=\"noopener\"><span class='avia_hidden_link_text'>Compartir en Facebook<\/span><\/a><\/li><li class='av-share-link av-social-link-twitter' ><a target=\"_blank\" aria-label=\"Compartir en Twitter\" href='https:\/\/twitter.com\/share?text=Semana%20de%20Formaci%C3%B3n%202025%3A%20Fortaleciendo%20el%20Rol%20Docente%20desde%20el%20Bienestar%2C%20la%20Innovaci%C3%B3n%20y%20la%20Pr%C3%A1ctica%20Pedag%C3%B3gica&#038;url=https:\/\/radiorevelacionfm.cl\/?p=58152' aria-hidden='false' data-av_icon='\ue8f1' data-av_iconfont='entypo-fontello' title='' data-avia-related-tooltip='Compartir en Twitter' rel=\"noopener\"><span class='avia_hidden_link_text'>Compartir en Twitter<\/span><\/a><\/li><li class='av-share-link av-social-link-whatsapp' ><a target=\"_blank\" aria-label=\"Compartir en Whatsapp\" href='https:\/\/api.whatsapp.com\/send?text=https:\/\/radiorevelacionfm.cl\/?p=58152' aria-hidden='false' data-av_icon='\uf232' data-av_iconfont='entypo-fontello' title='' data-avia-related-tooltip='Compartir en Whatsapp' rel=\"noopener\"><span class='avia_hidden_link_text'>Compartir en Whatsapp<\/span><\/a><\/li><li class='av-share-link av-social-link-linkedin' ><a target=\"_blank\" aria-label=\"Compartir en LinkedIn\" href='https:\/\/linkedin.com\/shareArticle?mini=true&#038;title=Semana%20de%20Formaci%C3%B3n%202025%3A%20Fortaleciendo%20el%20Rol%20Docente%20desde%20el%20Bienestar%2C%20la%20Innovaci%C3%B3n%20y%20la%20Pr%C3%A1ctica%20Pedag%C3%B3gica&#038;url=https:\/\/radiorevelacionfm.cl\/?p=58152' aria-hidden='false' data-av_icon='\ue8fc' data-av_iconfont='entypo-fontello' title='' data-avia-related-tooltip='Compartir en LinkedIn' rel=\"noopener\"><span class='avia_hidden_link_text'>Compartir en LinkedIn<\/span><\/a><\/li><li class='av-share-link av-social-link-mail' ><a  aria-label=\"Compartir por correo\" href='mailto:?subject=Semana%20de%20Formaci%C3%B3n%202025%3A%20Fortaleciendo%20el%20Rol%20Docente%20desde%20el%20Bienestar%2C%20la%20Innovaci%C3%B3n%20y%20la%20Pr%C3%A1ctica%20Pedag%C3%B3gica&#038;body=https:\/\/radiorevelacionfm.cl\/?p=58152' aria-hidden='false' data-av_icon='\ue805' data-av_iconfont='entypo-fontello' title='' data-avia-related-tooltip='Compartir por correo'><span class='avia_hidden_link_text'>Compartir por correo<\/span><\/a><\/li><\/ul><\/div><\/div>\n<div  style='height:50px' class='hr hr-invisible   avia-builder-el-8  el_after_av_social_share  el_before_av_comments_list '><span class='hr-inner ' ><span class='hr-inner-style'><\/span><\/span><\/div>\n<div  class='av-buildercomment  av-blog-meta-html-info-disabled av-blog-meta-tag-disabled  '><\/div>\n","protected":false},"excerpt":{"rendered":"","protected":false},"author":1,"featured_media":58153,"comment_status":"closed","ping_status":"closed","sticky":false,"template":"","format":"standard","meta":{"footnotes":""},"categories":[49],"tags":[],"class_list":["post-58152","post","type-post","status-publish","format-standard","has-post-thumbnail","hentry","category-educacion"],"jetpack_featured_media_url":"https:\/\/radiorevelacionfm.cl\/wp-content\/uploads\/2025\/08\/taller-docente-1-1-1.jpg","_links":{"self":[{"href":"https:\/\/radiorevelacionfm.cl\/index.php?rest_route=\/wp\/v2\/posts\/58152","targetHints":{"allow":["GET"]}}],"collection":[{"href":"https:\/\/radiorevelacionfm.cl\/index.php?rest_route=\/wp\/v2\/posts"}],"about":[{"href":"https:\/\/radiorevelacionfm.cl\/index.php?rest_route=\/wp\/v2\/types\/post"}],"author":[{"embeddable":true,"href":"https:\/\/radiorevelacionfm.cl\/index.php?rest_route=\/wp\/v2\/users\/1"}],"replies":[{"embeddable":true,"href":"https:\/\/radiorevelacionfm.cl\/index.php?rest_route=%2Fwp%2Fv2%2Fcomments&post=58152"}],"version-history":[{"count":2,"href":"https:\/\/radiorevelacionfm.cl\/index.php?rest_route=\/wp\/v2\/posts\/58152\/revisions"}],"predecessor-version":[{"id":58188,"href":"https:\/\/radiorevelacionfm.cl\/index.php?rest_route=\/wp\/v2\/posts\/58152\/revisions\/58188"}],"wp:featuredmedia":[{"embeddable":true,"href":"https:\/\/radiorevelacionfm.cl\/index.php?rest_route=\/wp\/v2\/media\/58153"}],"wp:attachment":[{"href":"https:\/\/radiorevelacionfm.cl\/index.php?rest_route=%2Fwp%2Fv2%2Fmedia&parent=58152"}],"wp:term":[{"taxonomy":"category","embeddable":true,"href":"https:\/\/radiorevelacionfm.cl\/index.php?rest_route=%2Fwp%2Fv2%2Fcategories&post=58152"},{"taxonomy":"post_tag","embeddable":true,"href":"https:\/\/radiorevelacionfm.cl\/index.php?rest_route=%2Fwp%2Fv2%2Ftags&post=58152"}],"curies":[{"name":"wp","href":"https:\/\/api.w.org\/{rel}","templated":true}]}}