{"id":58149,"date":"2025-08-22T13:03:21","date_gmt":"2025-08-22T16:03:21","guid":{"rendered":"https:\/\/radiorevelacionfm.cl\/?p=58149"},"modified":"2025-08-22T13:03:21","modified_gmt":"2025-08-22T16:03:21","slug":"estudiantes-del-liceo-politecnico-buscan-alianza-con-la-corporacion-de-deportes-para-apoyar-a-la-juventud-aysenina","status":"publish","type":"post","link":"https:\/\/radiorevelacionfm.cl\/?p=58149","title":{"rendered":"Estudiantes del Liceo Polit\u00e9cnico buscan alianza con la Corporaci\u00f3n de Deportes para apoyar a la juventud aysenina"},"content":{"rendered":"<div class=\"flex_column av_one_full  flex_column_div av-zero-column-padding first  avia-builder-el-0  el_before_av_one_full  avia-builder-el-first  \" style='border-radius:0px; '><div  class='avia-image-container  av-styling-    avia-builder-el-1  avia-builder-el-no-sibling  avia-align-center '  itemprop=\"image\" itemscope=\"itemscope\" itemtype=\"https:\/\/schema.org\/ImageObject\"  ><div class='avia-image-container-inner'><div class='avia-image-overlay-wrap'><img decoding=\"async\" class='wp-image-58150 avia-img-lazy-loading-not-58150 avia_image' src=\"https:\/\/radiorevelacionfm.cl\/wp-content\/uploads\/2025\/08\/cgeenpolideportivo200825-1_optimized.jpg\" alt='' title='cgeenpolideportivo200825-(1)_optimized' height=\"600\" width=\"900\"  itemprop=\"thumbnailUrl\" srcset=\"https:\/\/radiorevelacionfm.cl\/wp-content\/uploads\/2025\/08\/cgeenpolideportivo200825-1_optimized.jpg 900w, https:\/\/radiorevelacionfm.cl\/wp-content\/uploads\/2025\/08\/cgeenpolideportivo200825-1_optimized-300x200.jpg 300w, https:\/\/radiorevelacionfm.cl\/wp-content\/uploads\/2025\/08\/cgeenpolideportivo200825-1_optimized-768x512.jpg 768w, https:\/\/radiorevelacionfm.cl\/wp-content\/uploads\/2025\/08\/cgeenpolideportivo200825-1_optimized-705x470.jpg 705w, https:\/\/radiorevelacionfm.cl\/wp-content\/uploads\/2025\/08\/cgeenpolideportivo200825-1_optimized-450x300.jpg 450w, https:\/\/radiorevelacionfm.cl\/wp-content\/uploads\/2025\/08\/cgeenpolideportivo200825-1_optimized-600x400.jpg 600w\" sizes=\"(max-width: 900px) 100vw, 900px\" \/><\/div><\/div><\/div><\/div><div class=\"flex_column av_one_full  flex_column_div av-zero-column-padding first  avia-builder-el-2  el_after_av_one_full  el_before_av_one_full  column-top-margin\" style='border-radius:0px; '><section class=\"av_textblock_section \"  itemscope=\"itemscope\" itemtype=\"https:\/\/schema.org\/BlogPosting\" itemprop=\"blogPost\" ><div class='avia_textblock  '   itemprop=\"text\" ><p style=\"text-align: center;\"><strong><span style=\"font-size: 18pt;\">Estudiantes del Liceo Polit\u00e9cnico buscan alianza con la Corporaci\u00f3n de Deportes para apoyar a la juventud aysenina<\/span><\/strong><\/p>\n<div id=\"gtx-trans\" style=\"position: absolute; left: -50px; top: 4.31534px;\">\n<div class=\"gtx-trans-icon\"><\/div>\n<\/div>\n<\/div><\/section><\/div><div class=\"flex_column av_one_full  flex_column_div av-zero-column-padding first  avia-builder-el-4  el_after_av_one_full  el_before_av_hr  column-top-margin\" style='border-radius:0px; '><section class=\"av_textblock_section \"  itemscope=\"itemscope\" itemtype=\"https:\/\/schema.org\/BlogPosting\" itemprop=\"blogPost\" ><div class='avia_textblock  '   itemprop=\"text\" ><p dir=\"ltr\" style=\"text-align: justify;\">En un gesto espont\u00e1neo y con la motivaci\u00f3n de generar nuevas oportunidades para sus compa\u00f1eros, el Centro General de Estudiantes (CGE) del Liceo Polit\u00e9cnico A-1 de Puerto Ays\u00e9n sostuvo una reuni\u00f3n con Jorge Villegas, Director Ejecutivo de la Corporaci\u00f3n de Deportes y Recreaci\u00f3n de la Municipalidad de Ays\u00e9n, y con Carlos Ballesteros, nuevo administrador del Polideportivo 21 de Abril.<\/p>\n<p dir=\"ltr\" style=\"text-align: justify;\">La iniciativa surgi\u00f3 desde los propios estudiantes, quienes se acercaron para conocer m\u00e1s sobre el trabajo de la Corporaci\u00f3n y solicitar apoyo en la promoci\u00f3n de acciones que beneficien a la comunidad educativa, tales como accesos gratuitos al Polideportivo y la organizaci\u00f3n de actividades recreativas que aporten a la formaci\u00f3n integral de los alumnos.<\/p>\n<p dir=\"ltr\" style=\"text-align: justify;\">Al respecto, Fabi\u00e1n C\u00e1rdenas, vicepresidente del CGE, se\u00f1al\u00f3 que: \u00abHay compa\u00f1eros que necesitan motivaci\u00f3n, un espacio para esforzarse y salir adelante. Conseguimos que se abriera una puerta, pero primero se aplicar\u00e1 una encuesta para conocer lo que realmente queremos como estudiantes y luego concretar un acuerdo. Representamos a cerca de 300 alumnos, muchos de ellos deportistas en disciplinas como ciclismo, boxeo o judo. Creo que, si se nos da esta oportunidad, puede ser un verdadero escape de problemas y una ayuda para todos\u201d.<\/p>\n<p dir=\"ltr\" style=\"text-align: justify;\">Desde la Corporaci\u00f3n de Deportes la respuesta fue positiva, aunque se enfatiz\u00f3 la importancia de levantar informaci\u00f3n directamente desde los j\u00f3venes. Por ello, se realizar\u00e1 una encuesta a la comunidad educativa del Polit\u00e9cnico con el fin de conocer sus necesidades y anhelos, la cual servir\u00e1 de base para definir un convenio de colaboraci\u00f3n.<\/p>\n<p dir=\"ltr\" style=\"text-align: justify;\">Estas encuestas tambi\u00e9n se replicar\u00e1n en otros establecimientos de la comuna, como parte de una estrategia mayor que busca escuchar la voz de los j\u00f3venes ayseninos y generar pol\u00edticas deportivas que los acerquen a estilos de vida saludables, alej\u00e1ndolos de problem\u00e1ticas como el alcohol, la drogadicci\u00f3n y otros flagelos.<\/p>\n<\/div><\/section><\/div><div  style='height:50px' class='hr hr-invisible   avia-builder-el-6  el_after_av_one_full  el_before_av_social_share '><span class='hr-inner ' ><span class='hr-inner-style'><\/span><\/span><\/div><\/p>\n<div  class='av-social-sharing-box  avia-builder-el-7  el_after_av_hr  el_before_av_hr  '><div class='av-share-box'><h5 class='av-share-link-description av-no-toc '>Compartir esta noticia<\/h5><ul class='av-share-box-list noLightbox'><li class='av-share-link av-social-link-facebook' ><a target=\"_blank\" aria-label=\"Compartir en Facebook\" href='https:\/\/www.facebook.com\/sharer.php?u=https:\/\/radiorevelacionfm.cl\/?p=58149&#038;t=Estudiantes%20del%20Liceo%20Polit%C3%A9cnico%20buscan%20alianza%20con%20la%20Corporaci%C3%B3n%20de%20Deportes%20para%20apoyar%20a%20la%20juventud%20aysenina' aria-hidden='false' data-av_icon='\ue8f3' data-av_iconfont='entypo-fontello' title='' data-avia-related-tooltip='Compartir en Facebook' rel=\"noopener\"><span class='avia_hidden_link_text'>Compartir en Facebook<\/span><\/a><\/li><li class='av-share-link av-social-link-twitter' ><a target=\"_blank\" aria-label=\"Compartir en Twitter\" href='https:\/\/twitter.com\/share?text=Estudiantes%20del%20Liceo%20Polit%C3%A9cnico%20buscan%20alianza%20con%20la%20Corporaci%C3%B3n%20de%20Deportes%20para%20apoyar%20a%20la%20juventud%20aysenina&#038;url=https:\/\/radiorevelacionfm.cl\/?p=58149' aria-hidden='false' data-av_icon='\ue8f1' data-av_iconfont='entypo-fontello' title='' data-avia-related-tooltip='Compartir en Twitter' rel=\"noopener\"><span class='avia_hidden_link_text'>Compartir en Twitter<\/span><\/a><\/li><li class='av-share-link av-social-link-whatsapp' ><a target=\"_blank\" aria-label=\"Compartir en Whatsapp\" href='https:\/\/api.whatsapp.com\/send?text=https:\/\/radiorevelacionfm.cl\/?p=58149' aria-hidden='false' data-av_icon='\uf232' data-av_iconfont='entypo-fontello' title='' data-avia-related-tooltip='Compartir en Whatsapp' rel=\"noopener\"><span class='avia_hidden_link_text'>Compartir en Whatsapp<\/span><\/a><\/li><li class='av-share-link av-social-link-linkedin' ><a target=\"_blank\" aria-label=\"Compartir en LinkedIn\" href='https:\/\/linkedin.com\/shareArticle?mini=true&#038;title=Estudiantes%20del%20Liceo%20Polit%C3%A9cnico%20buscan%20alianza%20con%20la%20Corporaci%C3%B3n%20de%20Deportes%20para%20apoyar%20a%20la%20juventud%20aysenina&#038;url=https:\/\/radiorevelacionfm.cl\/?p=58149' aria-hidden='false' data-av_icon='\ue8fc' data-av_iconfont='entypo-fontello' title='' data-avia-related-tooltip='Compartir en LinkedIn' rel=\"noopener\"><span class='avia_hidden_link_text'>Compartir en LinkedIn<\/span><\/a><\/li><li class='av-share-link av-social-link-mail' ><a  aria-label=\"Compartir por correo\" href='mailto:?subject=Estudiantes%20del%20Liceo%20Polit%C3%A9cnico%20buscan%20alianza%20con%20la%20Corporaci%C3%B3n%20de%20Deportes%20para%20apoyar%20a%20la%20juventud%20aysenina&#038;body=https:\/\/radiorevelacionfm.cl\/?p=58149' aria-hidden='false' data-av_icon='\ue805' data-av_iconfont='entypo-fontello' title='' data-avia-related-tooltip='Compartir por correo'><span class='avia_hidden_link_text'>Compartir por correo<\/span><\/a><\/li><\/ul><\/div><\/div>\n<div  style='height:50px' class='hr hr-invisible   avia-builder-el-8  el_after_av_social_share  el_before_av_comments_list '><span class='hr-inner ' ><span class='hr-inner-style'><\/span><\/span><\/div>\n<div  class='av-buildercomment  av-blog-meta-html-info-disabled av-blog-meta-tag-disabled  '><\/div>\n","protected":false},"excerpt":{"rendered":"","protected":false},"author":1,"featured_media":58150,"comment_status":"closed","ping_status":"closed","sticky":false,"template":"","format":"standard","meta":{"footnotes":""},"categories":[38],"tags":[],"class_list":["post-58149","post","type-post","status-publish","format-standard","has-post-thumbnail","hentry","category-regional"],"jetpack_featured_media_url":"https:\/\/radiorevelacionfm.cl\/wp-content\/uploads\/2025\/08\/cgeenpolideportivo200825-1_optimized.jpg","_links":{"self":[{"href":"https:\/\/radiorevelacionfm.cl\/index.php?rest_route=\/wp\/v2\/posts\/58149","targetHints":{"allow":["GET"]}}],"collection":[{"href":"https:\/\/radiorevelacionfm.cl\/index.php?rest_route=\/wp\/v2\/posts"}],"about":[{"href":"https:\/\/radiorevelacionfm.cl\/index.php?rest_route=\/wp\/v2\/types\/post"}],"author":[{"embeddable":true,"href":"https:\/\/radiorevelacionfm.cl\/index.php?rest_route=\/wp\/v2\/users\/1"}],"replies":[{"embeddable":true,"href":"https:\/\/radiorevelacionfm.cl\/index.php?rest_route=%2Fwp%2Fv2%2Fcomments&post=58149"}],"version-history":[{"count":2,"href":"https:\/\/radiorevelacionfm.cl\/index.php?rest_route=\/wp\/v2\/posts\/58149\/revisions"}],"predecessor-version":[{"id":58158,"href":"https:\/\/radiorevelacionfm.cl\/index.php?rest_route=\/wp\/v2\/posts\/58149\/revisions\/58158"}],"wp:featuredmedia":[{"embeddable":true,"href":"https:\/\/radiorevelacionfm.cl\/index.php?rest_route=\/wp\/v2\/media\/58150"}],"wp:attachment":[{"href":"https:\/\/radiorevelacionfm.cl\/index.php?rest_route=%2Fwp%2Fv2%2Fmedia&parent=58149"}],"wp:term":[{"taxonomy":"category","embeddable":true,"href":"https:\/\/radiorevelacionfm.cl\/index.php?rest_route=%2Fwp%2Fv2%2Fcategories&post=58149"},{"taxonomy":"post_tag","embeddable":true,"href":"https:\/\/radiorevelacionfm.cl\/index.php?rest_route=%2Fwp%2Fv2%2Ftags&post=58149"}],"curies":[{"name":"wp","href":"https:\/\/api.w.org\/{rel}","templated":true}]}}