{"id":58146,"date":"2025-08-22T14:59:17","date_gmt":"2025-08-22T17:59:17","guid":{"rendered":"https:\/\/radiorevelacionfm.cl\/?p=58146"},"modified":"2025-08-22T14:59:17","modified_gmt":"2025-08-22T17:59:17","slug":"chile-chico-inicia-ejecucion-de-proyecto-adjudicado-al-fondo-para-el-reciclaje","status":"publish","type":"post","link":"https:\/\/radiorevelacionfm.cl\/?p=58146","title":{"rendered":"Chile Chico inicia ejecuci\u00f3n de proyecto adjudicado al Fondo para el Reciclaje"},"content":{"rendered":"<div class=\"flex_column av_one_full  flex_column_div av-zero-column-padding first  avia-builder-el-0  el_before_av_one_full  avia-builder-el-first  \" style='border-radius:0px; '><div  class='avia-image-container  av-styling-    avia-builder-el-1  avia-builder-el-no-sibling  avia-align-center '  itemprop=\"image\" itemscope=\"itemscope\" itemtype=\"https:\/\/schema.org\/ImageObject\"  ><div class='avia-image-container-inner'><div class='avia-image-overlay-wrap'><img decoding=\"async\" class='wp-image-58147 avia-img-lazy-loading-not-58147 avia_image' src=\"https:\/\/radiorevelacionfm.cl\/wp-content\/uploads\/2025\/08\/1-2025-08-22t122858_optimized.573-1.jpeg\" alt='' title='1 - -2025-08-22t122858_optimized.573-(1)' height=\"600\" width=\"800\"  itemprop=\"thumbnailUrl\" srcset=\"https:\/\/radiorevelacionfm.cl\/wp-content\/uploads\/2025\/08\/1-2025-08-22t122858_optimized.573-1.jpeg 800w, https:\/\/radiorevelacionfm.cl\/wp-content\/uploads\/2025\/08\/1-2025-08-22t122858_optimized.573-1-300x225.jpeg 300w, https:\/\/radiorevelacionfm.cl\/wp-content\/uploads\/2025\/08\/1-2025-08-22t122858_optimized.573-1-768x576.jpeg 768w, https:\/\/radiorevelacionfm.cl\/wp-content\/uploads\/2025\/08\/1-2025-08-22t122858_optimized.573-1-705x529.jpeg 705w, https:\/\/radiorevelacionfm.cl\/wp-content\/uploads\/2025\/08\/1-2025-08-22t122858_optimized.573-1-450x338.jpeg 450w, https:\/\/radiorevelacionfm.cl\/wp-content\/uploads\/2025\/08\/1-2025-08-22t122858_optimized.573-1-600x450.jpeg 600w\" sizes=\"(max-width: 800px) 100vw, 800px\" \/><\/div><\/div><\/div><\/div><div class=\"flex_column av_one_full  flex_column_div av-zero-column-padding first  avia-builder-el-2  el_after_av_one_full  el_before_av_one_full  column-top-margin\" style='border-radius:0px; '><section class=\"av_textblock_section \"  itemscope=\"itemscope\" itemtype=\"https:\/\/schema.org\/BlogPosting\" itemprop=\"blogPost\" ><div class='avia_textblock  '   itemprop=\"text\" ><p style=\"text-align: center;\"><span style=\"font-size: 18pt;\"><strong>Chile Chico inicia ejecuci\u00f3n de proyecto adjudicado al Fondo para el Reciclaje <\/strong><\/span><\/p>\n<div id=\"gtx-trans\" style=\"position: absolute; left: -50px; top: 4.31534px;\">\n<div class=\"gtx-trans-icon\"><\/div>\n<\/div>\n<\/div><\/section><\/div><div class=\"flex_column av_one_full  flex_column_div av-zero-column-padding first  avia-builder-el-4  el_after_av_one_full  el_before_av_hr  column-top-margin\" style='border-radius:0px; '><section class=\"av_textblock_section \"  itemscope=\"itemscope\" itemtype=\"https:\/\/schema.org\/BlogPosting\" itemprop=\"blogPost\" ><div class='avia_textblock  '   itemprop=\"text\" ><p style=\"text-align: justify;\">Desde Chile Chico y con la instalaci\u00f3n del primer punto verde, el Seremi del Medio Ambiente y el Alcalde de la comuna de Chile Chico anunciaron el comienzo de la ejecuci\u00f3n del proyecto \u201cChile Chico Tierra M\u00e1gica y Recicla\u201d del Fondo para el Reciclaje del ministerio del Medio Ambiente<\/p>\n<p style=\"text-align: justify;\">El fondo del ministerio del Medio Ambiente, es un instrumento que nace como un mecanismo de apoyo a la Responsabilidad Extendida del Productor Ley REP y busca promover h\u00e1bitos m\u00e1s sustentables en el manejo de residuos, instalar conocimiento t\u00e9cnico y contar con infraestructura apta para la separaci\u00f3n y reciclaje; disponible para Municipalidades y Asociaciones de Municipalidades<\/p>\n<p style=\"text-align: justify;\">\u201cEstamos dando inicio a lo que es la instalaci\u00f3n de los puntos limpios que vamos a estar instalando en toda nuestra comuna, partimos con tres ac\u00e1 en Chile Chico, justamente en la l\u00ednea de lo que es este Fondo para el Reciclaje, que tambi\u00e9n viene acompa\u00f1ado del trabajo que estamos desarrollando como municipio y el compromiso que tenemos tambi\u00e9n con el cuidado de medio ambiente\u201d, anunci\u00f3 el Alcalde de Chile Chico, Ariel Keim, agregado que el logro es gracias a un trabajo conjunto desde la Seremi de Medio Ambiente y con el mundo privado, va a permitir llevar los residuos para darles una nueva vida o bien a\u00a0 disposici\u00f3n final.<\/p>\n<p style=\"text-align: justify;\">El hito de inicio se realiz\u00f3 en el Jard\u00edn Infantil Rayito de Sol, que cuenta con certificaci\u00f3n ambiental de excelencia, donde las y los p\u00e1rvulos inauguraron e hicieron uso del primer punto verde. Posteriormente, las autoridades se dirigieron al centro cultural a realizar junto a reciclajes Martino y la red reinventa Ays\u00e9n, una amplia charla sobre gesti\u00f3n de residuos y econom\u00eda circular.<\/p>\n<p style=\"text-align: justify;\">El Seremi del Medio Ambiente, Yoal D\u00edaz valor\u00f3\u00a0 la adjudicaci\u00f3n del municipio por cuanto \u201cEl Fondo para el reciclaje es un fondo que otorga el Ministerio del Medio Ambiente y estamos muy orgullosos que llegue a todos los rincones de nuestra regi\u00f3n, vamos a tener varias actividades en el marco de este fondo como educaci\u00f3n ambiental, algunas jornadas de limpieza, la instalaci\u00f3n de infraestructura y eso tambi\u00e9n permite que haya tambi\u00e9n oportunidades para las familias que quieren reciclar y no tienen el espacio, pero ahora tenemos y estamos materializando acciones\u201d.<\/p>\n<p style=\"text-align: justify;\">El proyecto adjudicado a la Municipalidad de Chile Chico destaca por cuanto est\u00e1 orientado a sensibilizar a la ciudadan\u00eda para prevenir la generaci\u00f3n de residuos y fomentar la separaci\u00f3n en origen, reutilizaci\u00f3n, reciclaje y otro tipo de valorizaci\u00f3n, comienza con la instalaci\u00f3n de tres puntos verdes en la capital comunal, y pronto se sumar\u00e1 las instalaciones de nuevos puntos para las familias de Bah\u00eda Jara, Fachinal, Mall\u00edn Grande y Puerto Bertrand.<\/p>\n<\/div><\/section><\/div><div  style='height:50px' class='hr hr-invisible   avia-builder-el-6  el_after_av_one_full  el_before_av_social_share '><span class='hr-inner ' ><span class='hr-inner-style'><\/span><\/span><\/div><\/p>\n<div  class='av-social-sharing-box  avia-builder-el-7  el_after_av_hr  el_before_av_hr  '><div class='av-share-box'><h5 class='av-share-link-description av-no-toc '>Compartir esta noticia<\/h5><ul class='av-share-box-list noLightbox'><li class='av-share-link av-social-link-facebook' ><a target=\"_blank\" aria-label=\"Compartir en Facebook\" href='https:\/\/www.facebook.com\/sharer.php?u=https:\/\/radiorevelacionfm.cl\/?p=58146&#038;t=Chile%20Chico%20inicia%20ejecuci%C3%B3n%20de%20proyecto%20adjudicado%20al%20Fondo%20para%20el%20Reciclaje' aria-hidden='false' data-av_icon='\ue8f3' data-av_iconfont='entypo-fontello' title='' data-avia-related-tooltip='Compartir en Facebook' rel=\"noopener\"><span class='avia_hidden_link_text'>Compartir en Facebook<\/span><\/a><\/li><li class='av-share-link av-social-link-twitter' ><a target=\"_blank\" aria-label=\"Compartir en Twitter\" href='https:\/\/twitter.com\/share?text=Chile%20Chico%20inicia%20ejecuci%C3%B3n%20de%20proyecto%20adjudicado%20al%20Fondo%20para%20el%20Reciclaje&#038;url=https:\/\/radiorevelacionfm.cl\/?p=58146' aria-hidden='false' data-av_icon='\ue8f1' data-av_iconfont='entypo-fontello' title='' data-avia-related-tooltip='Compartir en Twitter' rel=\"noopener\"><span class='avia_hidden_link_text'>Compartir en Twitter<\/span><\/a><\/li><li class='av-share-link av-social-link-whatsapp' ><a target=\"_blank\" aria-label=\"Compartir en Whatsapp\" href='https:\/\/api.whatsapp.com\/send?text=https:\/\/radiorevelacionfm.cl\/?p=58146' aria-hidden='false' data-av_icon='\uf232' data-av_iconfont='entypo-fontello' title='' data-avia-related-tooltip='Compartir en Whatsapp' rel=\"noopener\"><span class='avia_hidden_link_text'>Compartir en Whatsapp<\/span><\/a><\/li><li class='av-share-link av-social-link-linkedin' ><a target=\"_blank\" aria-label=\"Compartir en LinkedIn\" href='https:\/\/linkedin.com\/shareArticle?mini=true&#038;title=Chile%20Chico%20inicia%20ejecuci%C3%B3n%20de%20proyecto%20adjudicado%20al%20Fondo%20para%20el%20Reciclaje&#038;url=https:\/\/radiorevelacionfm.cl\/?p=58146' aria-hidden='false' data-av_icon='\ue8fc' data-av_iconfont='entypo-fontello' title='' data-avia-related-tooltip='Compartir en LinkedIn' rel=\"noopener\"><span class='avia_hidden_link_text'>Compartir en LinkedIn<\/span><\/a><\/li><li class='av-share-link av-social-link-mail' ><a  aria-label=\"Compartir por correo\" href='mailto:?subject=Chile%20Chico%20inicia%20ejecuci%C3%B3n%20de%20proyecto%20adjudicado%20al%20Fondo%20para%20el%20Reciclaje&#038;body=https:\/\/radiorevelacionfm.cl\/?p=58146' aria-hidden='false' data-av_icon='\ue805' data-av_iconfont='entypo-fontello' title='' data-avia-related-tooltip='Compartir por correo'><span class='avia_hidden_link_text'>Compartir por correo<\/span><\/a><\/li><\/ul><\/div><\/div>\n<div  style='height:50px' class='hr hr-invisible   avia-builder-el-8  el_after_av_social_share  el_before_av_comments_list '><span class='hr-inner ' ><span class='hr-inner-style'><\/span><\/span><\/div>\n<div  class='av-buildercomment  av-blog-meta-html-info-disabled av-blog-meta-tag-disabled  '><\/div>\n","protected":false},"excerpt":{"rendered":"","protected":false},"author":1,"featured_media":58147,"comment_status":"closed","ping_status":"closed","sticky":false,"template":"","format":"standard","meta":{"footnotes":""},"categories":[39],"tags":[],"class_list":["post-58146","post","type-post","status-publish","format-standard","has-post-thumbnail","hentry","category-medio-ambiente"],"jetpack_featured_media_url":"https:\/\/radiorevelacionfm.cl\/wp-content\/uploads\/2025\/08\/1-2025-08-22t122858_optimized.573-1.jpeg","_links":{"self":[{"href":"https:\/\/radiorevelacionfm.cl\/index.php?rest_route=\/wp\/v2\/posts\/58146","targetHints":{"allow":["GET"]}}],"collection":[{"href":"https:\/\/radiorevelacionfm.cl\/index.php?rest_route=\/wp\/v2\/posts"}],"about":[{"href":"https:\/\/radiorevelacionfm.cl\/index.php?rest_route=\/wp\/v2\/types\/post"}],"author":[{"embeddable":true,"href":"https:\/\/radiorevelacionfm.cl\/index.php?rest_route=\/wp\/v2\/users\/1"}],"replies":[{"embeddable":true,"href":"https:\/\/radiorevelacionfm.cl\/index.php?rest_route=%2Fwp%2Fv2%2Fcomments&post=58146"}],"version-history":[{"count":2,"href":"https:\/\/radiorevelacionfm.cl\/index.php?rest_route=\/wp\/v2\/posts\/58146\/revisions"}],"predecessor-version":[{"id":58165,"href":"https:\/\/radiorevelacionfm.cl\/index.php?rest_route=\/wp\/v2\/posts\/58146\/revisions\/58165"}],"wp:featuredmedia":[{"embeddable":true,"href":"https:\/\/radiorevelacionfm.cl\/index.php?rest_route=\/wp\/v2\/media\/58147"}],"wp:attachment":[{"href":"https:\/\/radiorevelacionfm.cl\/index.php?rest_route=%2Fwp%2Fv2%2Fmedia&parent=58146"}],"wp:term":[{"taxonomy":"category","embeddable":true,"href":"https:\/\/radiorevelacionfm.cl\/index.php?rest_route=%2Fwp%2Fv2%2Fcategories&post=58146"},{"taxonomy":"post_tag","embeddable":true,"href":"https:\/\/radiorevelacionfm.cl\/index.php?rest_route=%2Fwp%2Fv2%2Ftags&post=58146"}],"curies":[{"name":"wp","href":"https:\/\/api.w.org\/{rel}","templated":true}]}}