{"id":58137,"date":"2025-08-22T11:58:59","date_gmt":"2025-08-22T14:58:59","guid":{"rendered":"https:\/\/radiorevelacionfm.cl\/?p=58137"},"modified":"2025-08-22T11:58:59","modified_gmt":"2025-08-22T14:58:59","slug":"inspeccion-provincial-del-trabajo-de-chile-chico-recibe-camioneta-todo-terreno-para-reforzar-fiscalizaciones-hasta-villa-ohiggins","status":"publish","type":"post","link":"https:\/\/radiorevelacionfm.cl\/?p=58137","title":{"rendered":"Inspecci\u00f3n Provincial del Trabajo de Chile Chico recibe camioneta todo terreno para reforzar fiscalizaciones hasta Villa O\u00b4Higgins"},"content":{"rendered":"<div class=\"flex_column av_one_full  flex_column_div av-zero-column-padding first  avia-builder-el-0  el_before_av_one_full  avia-builder-el-first  \" style='border-radius:0px; '><div  class='avia-image-container  av-styling-    avia-builder-el-1  avia-builder-el-no-sibling  avia-align-center '  itemprop=\"image\" itemscope=\"itemscope\" itemtype=\"https:\/\/schema.org\/ImageObject\"  ><div class='avia-image-container-inner'><div class='avia-image-overlay-wrap'><img decoding=\"async\" class='wp-image-58138 avia-img-lazy-loading-not-58138 avia_image' src=\"https:\/\/radiorevelacionfm.cl\/wp-content\/uploads\/2025\/08\/Nuevo-Auto-4x4_DireccionDelTrabajo_IPTGralCarrera-2-1-1.jpg\" alt='' title='Nuevo Auto 4x4_DireccionDelTrabajo_IPTGralCarrera (2) (1) (1)' height=\"600\" width=\"861\"  itemprop=\"thumbnailUrl\" srcset=\"https:\/\/radiorevelacionfm.cl\/wp-content\/uploads\/2025\/08\/Nuevo-Auto-4x4_DireccionDelTrabajo_IPTGralCarrera-2-1-1.jpg 861w, https:\/\/radiorevelacionfm.cl\/wp-content\/uploads\/2025\/08\/Nuevo-Auto-4x4_DireccionDelTrabajo_IPTGralCarrera-2-1-1-300x209.jpg 300w, https:\/\/radiorevelacionfm.cl\/wp-content\/uploads\/2025\/08\/Nuevo-Auto-4x4_DireccionDelTrabajo_IPTGralCarrera-2-1-1-768x535.jpg 768w, https:\/\/radiorevelacionfm.cl\/wp-content\/uploads\/2025\/08\/Nuevo-Auto-4x4_DireccionDelTrabajo_IPTGralCarrera-2-1-1-705x491.jpg 705w, https:\/\/radiorevelacionfm.cl\/wp-content\/uploads\/2025\/08\/Nuevo-Auto-4x4_DireccionDelTrabajo_IPTGralCarrera-2-1-1-450x314.jpg 450w, https:\/\/radiorevelacionfm.cl\/wp-content\/uploads\/2025\/08\/Nuevo-Auto-4x4_DireccionDelTrabajo_IPTGralCarrera-2-1-1-600x418.jpg 600w\" sizes=\"(max-width: 861px) 100vw, 861px\" \/><\/div><\/div><\/div><\/div><div class=\"flex_column av_one_full  flex_column_div av-zero-column-padding first  avia-builder-el-2  el_after_av_one_full  el_before_av_one_full  column-top-margin\" style='border-radius:0px; '><section class=\"av_textblock_section \"  itemscope=\"itemscope\" itemtype=\"https:\/\/schema.org\/BlogPosting\" itemprop=\"blogPost\" ><div class='avia_textblock  '   itemprop=\"text\" ><p style=\"text-align: center;\"><span style=\"font-size: 18pt;\"><b>Inspecci\u00f3n Provincial del Trabajo de Chile Chico recibe camioneta todo terreno para reforzar fiscalizaciones hasta Villa O\u00b4Higgins<\/b><\/span><\/p>\n<div id=\"gtx-trans\" style=\"position: absolute; left: -50px; top: 4.31534px;\">\n<div class=\"gtx-trans-icon\"><\/div>\n<\/div>\n<\/div><\/section><\/div><div class=\"flex_column av_one_full  flex_column_div av-zero-column-padding first  avia-builder-el-4  el_after_av_one_full  el_before_av_hr  column-top-margin\" style='border-radius:0px; '><section class=\"av_textblock_section \"  itemscope=\"itemscope\" itemtype=\"https:\/\/schema.org\/BlogPosting\" itemprop=\"blogPost\" ><div class='avia_textblock  '   itemprop=\"text\" ><ul>\n<li style=\"font-weight: 400; text-align: justify;\"><em>Veh\u00edculo a\u00f1o 2025 refuerza la flota con que el organismo inspectivo cumple con su labor inspectiva.<\/em><\/li>\n<li style=\"font-weight: 400; text-align: justify;\"><em> Entre 2024 y lo que va de 2025 en la regi\u00f3n se han recibido 1.397 denuncias de trabajadores y trabajadoras.<\/em><\/li>\n<\/ul>\n<p style=\"font-weight: 400; text-align: justify;\">La Inspecci\u00f3n Provincial del Trabajo General Carrera (IPT General Carrera) recibi\u00f3 un nuevo veh\u00edculo todo terreno para reforzar sus labores inspectivas desde Chile Chico hasta Villa O\u2019Higgins.<\/p>\n<p style=\"font-weight: 400; text-align: justify;\">Se trata de una camioneta Mitsubishi, modelo Katana XRT, a\u00f1o 2025, con combustible Diesel, que fue entregada por el director regional del Trabajo y Seremi (s) del Trabajo y Previsi\u00f3n Social, Christian Aros, al inspector de la oficina, inaugurada en mayo de este a\u00f1o, H\u00e9ctor Paredes. Con ello, esta regi\u00f3n cuenta con 5 veh\u00edculos aptos para desplazarse en toda la regi\u00f3n en labores fiscalizadoras.<\/p>\n<p style=\"font-weight: 400; text-align: justify;\">En la actividad realizada en el sector El Mirador, junto al r\u00edo Simpson, participaron tambi\u00e9n el Inspector jefe de la Oficina de Coyhaique, \u00d3scar Avenda\u00f1o Torres y la Seremi de Gobierno, \u00darsula Mix Jim\u00e9nez, quien afirm\u00f3 sobre la adquisici\u00f3n, \u201cPara el Gobierno del Presidente Gabriel Boric poder fortalecer esta instituci\u00f3n es muy relevante. La entrega de este veh\u00edculo a la Inspecci\u00f3n de General Carrera nos va a permitir desarrollar el trabajo hasta Villa O\u00b4Higgins, por lo tanto, fortalecer los derechos laborales en todo nuestro territorio diverso y disperso es s\u00faper relevante para nosotros como Gobierno\u201d.<\/p>\n<p style=\"font-weight: 400; text-align: justify;\">A su vez, Aros Troncoso detall\u00f3, \u201cComo Direcci\u00f3n del Trabajo en la Regi\u00f3n de Ays\u00e9n, desde enero del 2024 hasta julio del 2005 hemos recibido m\u00e1s de 1.300 denuncias y hemos realizado m\u00e1s de 2.500 fiscalizaciones. Este nuevo veh\u00edculo 4&#215;4 con tecnolog\u00eda de tel\u00e9fono satelital, preparado para fiscalizar en las faenas mineras, de construcci\u00f3n y a lo largo de la carretera, viene a reforzar nuestra capacidad inspectiva, para poder responder a todas las necesidades de los habitantes del extremo sur de nuestra regi\u00f3n\u201d.<\/p>\n<p style=\"font-weight: 400; text-align: justify;\">La autoridad laboral a\u00f1adi\u00f3 que \u201cesta mejora permitir\u00e1 aumentar la seguridad de los funcionarios y funcionarias, optimizar la eficiencia y ampliar el alcance territorial, reforzando el compromiso institucional de fiscalizaci\u00f3n en faenas alejadas, en beneficio directo de trabajadores y trabajadoras que principalmente laboran en empresas ganaderas, tur\u00edsticas, constructoras y mineras\u201d, manifest\u00f3 el Seremi(s) y director regional del Trabajo.<\/p>\n<p style=\"font-weight: 400; text-align: justify;\">Con este veh\u00edculo se dar\u00e1 una mayor cobertura fiscalizadora a las empresas ganaderas, tur\u00edsticas, constructoras y mineras y territorialmente a una zona comprendida entre Chile Chico y Villa O\u2019Higgins. Tal como mencion\u00f3 Aros Troncoso, la magnitud de la tarea inspectiva en esta regi\u00f3n la grafican las 1.397 denuncias y 2.515 fiscalizaciones verificadas entre enero de 2024 y julio de 2025, las que se han traducido en 1.030 sanciones con multas por $3.253.753.933.<\/p>\n<p style=\"font-weight: 400; text-align: justify;\">\u201cEste veh\u00edculo nos permitir\u00e1 llegar a los rincones m\u00e1s lejanos de ambas provincias y entregar un mejor servicio a los usuarios y usuarias. Este veh\u00edculo est\u00e1 especialmente equipado para transitar en las zonas en que nos desenvolvemos, en los caminos de ripio y que muchas veces son muy complicados, sobre todo en invierno\u201d, destac\u00f3 el Inspector jefe de la Inspecci\u00f3n de General Carrera, H\u00e9ctor Paredes Paredes.<\/p>\n<p style=\"font-weight: 400; text-align: justify;\"><strong><u>Renovaci\u00f3n vehicular en todo Chile<\/u><\/strong><\/p>\n<p style=\"font-weight: 400; text-align: justify;\">El nuevo veh\u00edculo para la IPT General Carrera es parte de una renovaci\u00f3n de flota de la DT a nivel nacional.<\/p>\n<p style=\"font-weight: 400; text-align: justify;\">Otros 15 veh\u00edculos tambi\u00e9n adaptados para las exigencias fiscalizadoras en sectores urbanos y rurales han sido entregados en los \u00faltimos d\u00edas en otras regiones. En estas adquisiciones se invirtieron $445.180.900 (cuatrocientos cuarenta y cinco millones ciento ochenta mil novecientos pesos).<\/p>\n<p style=\"font-weight: 400; text-align: justify;\">En paralelo, 13 funcionarios de las regiones Metropolitana, Valpara\u00edso, O&#8217;Higgins y Maule aprobaron un curso de conducci\u00f3n segura de veh\u00edculos 4&#215;4 en terrenos dificultosos dictado por la Asociaci\u00f3n Chilena de Seguridad. En total, 143 fiscalizadores y fiscalizadoras han aprobado estos cursos desde 2023 y son capaces de conducir en condiciones adversas y terrenos escarpados.<\/p>\n<p style=\"font-weight: 400; text-align: justify;\"><strong>Flota de 167 veh\u00edculos<\/strong><\/p>\n<p style=\"font-weight: 400; text-align: justify;\">La flota vehicular de la DT en todo el pa\u00eds alcanza los 167 veh\u00edculos, n\u00famero que se mantiene estable por disposiciones del Estado.<\/p>\n<p style=\"font-weight: 400; text-align: justify;\">El promedio de antig\u00fcedad del parque corresponde al a\u00f1o 2018.<\/p>\n<p style=\"font-weight: 400; text-align: justify;\">Bajo la administraci\u00f3n encabezada por el director nacional Pablo Zenteno (2022-2026), se han adquirido 57 veh\u00edculos nuevos con una inversi\u00f3n superior a los $1.560 millones versus 45 veh\u00edculos del per\u00edodo anterior.<\/p>\n<p style=\"font-weight: 400; text-align: justify;\">La flota ha sido reforzada con camionetas y veh\u00edculos todo terreno, todos acondicionados para enfrentar condiciones geogr\u00e1ficas y operativas exigentes.<\/p>\n<p style=\"font-weight: 400; text-align: justify;\">Estos veh\u00edculos cuentan con tracci\u00f3n 4&#215;4, motorizaci\u00f3n di\u00e9sel de alto rendimiento y transmisi\u00f3n manual. A las camionetas se les incluy\u00f3 equipamiento con kit minero, compuesto por barra antivuelco, baliza y otros elementos.<\/p>\n<p style=\"font-weight: 400; text-align: justify;\">Estas caracter\u00edsticas permiten operar de manera segura en zonas rurales, cordilleranas o industriales. As\u00ed se ha aumentado significativamente la capacidad de respuesta en terrenos accidentados y seguridad para los equipos fiscalizadores.<\/p>\n<p style=\"font-weight: 400; text-align: justify;\"><strong>Drones y tel\u00e9fonos satelitales<\/strong><\/p>\n<p style=\"font-weight: 400; text-align: justify;\">Adem\u00e1s de los veh\u00edculos, tambi\u00e9n fueron incorporados a la infraestructura de la DT 19 tel\u00e9fonos satelitales ($12.634.894) y dos drones con tres tarjetas de memoria y cursos ($5.060.000) para mejorar la conectividad de las fiscalizaciones en zonas remotas.<\/p>\n<\/div><\/section><\/div><div  style='height:50px' class='hr hr-invisible   avia-builder-el-6  el_after_av_one_full  el_before_av_social_share '><span class='hr-inner ' ><span class='hr-inner-style'><\/span><\/span><\/div><\/p>\n<div  class='av-social-sharing-box  avia-builder-el-7  el_after_av_hr  el_before_av_hr  '><div class='av-share-box'><h5 class='av-share-link-description av-no-toc '>Compartir esta noticia<\/h5><ul class='av-share-box-list noLightbox'><li class='av-share-link av-social-link-facebook' ><a target=\"_blank\" aria-label=\"Compartir en Facebook\" href='https:\/\/www.facebook.com\/sharer.php?u=https:\/\/radiorevelacionfm.cl\/?p=58137&#038;t=Inspecci%C3%B3n%20Provincial%20del%20Trabajo%20de%20Chile%20Chico%20recibe%20camioneta%20todo%20terreno%20para%20reforzar%20fiscalizaciones%20hasta%20Villa%20O%C2%B4Higgins' aria-hidden='false' data-av_icon='\ue8f3' data-av_iconfont='entypo-fontello' title='' data-avia-related-tooltip='Compartir en Facebook' rel=\"noopener\"><span class='avia_hidden_link_text'>Compartir en Facebook<\/span><\/a><\/li><li class='av-share-link av-social-link-twitter' ><a target=\"_blank\" aria-label=\"Compartir en Twitter\" href='https:\/\/twitter.com\/share?text=Inspecci%C3%B3n%20Provincial%20del%20Trabajo%20de%20Chile%20Chico%20recibe%20camioneta%20todo%20terreno%20para%20reforzar%20fiscalizaciones%20hasta%20Villa%20O%C2%B4Higgins&#038;url=https:\/\/radiorevelacionfm.cl\/?p=58137' aria-hidden='false' data-av_icon='\ue8f1' data-av_iconfont='entypo-fontello' title='' data-avia-related-tooltip='Compartir en Twitter' rel=\"noopener\"><span class='avia_hidden_link_text'>Compartir en Twitter<\/span><\/a><\/li><li class='av-share-link av-social-link-whatsapp' ><a target=\"_blank\" aria-label=\"Compartir en Whatsapp\" href='https:\/\/api.whatsapp.com\/send?text=https:\/\/radiorevelacionfm.cl\/?p=58137' aria-hidden='false' data-av_icon='\uf232' data-av_iconfont='entypo-fontello' title='' data-avia-related-tooltip='Compartir en Whatsapp' rel=\"noopener\"><span class='avia_hidden_link_text'>Compartir en Whatsapp<\/span><\/a><\/li><li class='av-share-link av-social-link-linkedin' ><a target=\"_blank\" aria-label=\"Compartir en LinkedIn\" href='https:\/\/linkedin.com\/shareArticle?mini=true&#038;title=Inspecci%C3%B3n%20Provincial%20del%20Trabajo%20de%20Chile%20Chico%20recibe%20camioneta%20todo%20terreno%20para%20reforzar%20fiscalizaciones%20hasta%20Villa%20O%C2%B4Higgins&#038;url=https:\/\/radiorevelacionfm.cl\/?p=58137' aria-hidden='false' data-av_icon='\ue8fc' data-av_iconfont='entypo-fontello' title='' data-avia-related-tooltip='Compartir en LinkedIn' rel=\"noopener\"><span class='avia_hidden_link_text'>Compartir en LinkedIn<\/span><\/a><\/li><li class='av-share-link av-social-link-mail' ><a  aria-label=\"Compartir por correo\" href='mailto:?subject=Inspecci%C3%B3n%20Provincial%20del%20Trabajo%20de%20Chile%20Chico%20recibe%20camioneta%20todo%20terreno%20para%20reforzar%20fiscalizaciones%20hasta%20Villa%20O%C2%B4Higgins&#038;body=https:\/\/radiorevelacionfm.cl\/?p=58137' aria-hidden='false' data-av_icon='\ue805' data-av_iconfont='entypo-fontello' title='' data-avia-related-tooltip='Compartir por correo'><span class='avia_hidden_link_text'>Compartir por correo<\/span><\/a><\/li><\/ul><\/div><\/div>\n<div  style='height:50px' class='hr hr-invisible   avia-builder-el-8  el_after_av_social_share  el_before_av_comments_list '><span class='hr-inner ' ><span class='hr-inner-style'><\/span><\/span><\/div>\n<div  class='av-buildercomment  av-blog-meta-html-info-disabled av-blog-meta-tag-disabled  '><\/div>\n","protected":false},"excerpt":{"rendered":"","protected":false},"author":1,"featured_media":58138,"comment_status":"closed","ping_status":"closed","sticky":false,"template":"","format":"standard","meta":{"footnotes":""},"categories":[56],"tags":[],"class_list":["post-58137","post","type-post","status-publish","format-standard","has-post-thumbnail","hentry","category-trabajo"],"jetpack_featured_media_url":"https:\/\/radiorevelacionfm.cl\/wp-content\/uploads\/2025\/08\/Nuevo-Auto-4x4_DireccionDelTrabajo_IPTGralCarrera-2-1-1.jpg","_links":{"self":[{"href":"https:\/\/radiorevelacionfm.cl\/index.php?rest_route=\/wp\/v2\/posts\/58137","targetHints":{"allow":["GET"]}}],"collection":[{"href":"https:\/\/radiorevelacionfm.cl\/index.php?rest_route=\/wp\/v2\/posts"}],"about":[{"href":"https:\/\/radiorevelacionfm.cl\/index.php?rest_route=\/wp\/v2\/types\/post"}],"author":[{"embeddable":true,"href":"https:\/\/radiorevelacionfm.cl\/index.php?rest_route=\/wp\/v2\/users\/1"}],"replies":[{"embeddable":true,"href":"https:\/\/radiorevelacionfm.cl\/index.php?rest_route=%2Fwp%2Fv2%2Fcomments&post=58137"}],"version-history":[{"count":2,"href":"https:\/\/radiorevelacionfm.cl\/index.php?rest_route=\/wp\/v2\/posts\/58137\/revisions"}],"predecessor-version":[{"id":58144,"href":"https:\/\/radiorevelacionfm.cl\/index.php?rest_route=\/wp\/v2\/posts\/58137\/revisions\/58144"}],"wp:featuredmedia":[{"embeddable":true,"href":"https:\/\/radiorevelacionfm.cl\/index.php?rest_route=\/wp\/v2\/media\/58138"}],"wp:attachment":[{"href":"https:\/\/radiorevelacionfm.cl\/index.php?rest_route=%2Fwp%2Fv2%2Fmedia&parent=58137"}],"wp:term":[{"taxonomy":"category","embeddable":true,"href":"https:\/\/radiorevelacionfm.cl\/index.php?rest_route=%2Fwp%2Fv2%2Fcategories&post=58137"},{"taxonomy":"post_tag","embeddable":true,"href":"https:\/\/radiorevelacionfm.cl\/index.php?rest_route=%2Fwp%2Fv2%2Ftags&post=58137"}],"curies":[{"name":"wp","href":"https:\/\/api.w.org\/{rel}","templated":true}]}}