{"id":58134,"date":"2025-08-22T11:47:36","date_gmt":"2025-08-22T14:47:36","guid":{"rendered":"https:\/\/radiorevelacionfm.cl\/?p=58134"},"modified":"2025-08-22T11:47:36","modified_gmt":"2025-08-22T14:47:36","slug":"plan-de-zonas-extremas-pdze-destinara-mas-del-50-del-presupuesto-a-mejorar-la-conectividad-en-la-region-de-aysen","status":"publish","type":"post","link":"https:\/\/radiorevelacionfm.cl\/?p=58134","title":{"rendered":"Plan de Zonas Extremas (PDZE) destinar\u00e1 m\u00e1s del 50% del presupuesto a mejorar la conectividad en la Regi\u00f3n de Ays\u00e9n"},"content":{"rendered":"<div class=\"flex_column av_one_full  flex_column_div av-zero-column-padding first  avia-builder-el-0  el_before_av_one_full  avia-builder-el-first  \" style='border-radius:0px; '><div  class='avia-image-container  av-styling-    avia-builder-el-1  avia-builder-el-no-sibling  avia-align-center '  itemprop=\"image\" itemscope=\"itemscope\" itemtype=\"https:\/\/schema.org\/ImageObject\"  ><div class='avia-image-container-inner'><div class='avia-image-overlay-wrap'><img decoding=\"async\" class='wp-image-58135 avia-img-lazy-loading-not-58135 avia_image' src=\"https:\/\/radiorevelacionfm.cl\/wp-content\/uploads\/2025\/08\/Conectividad-Lago-Verde-1-1-1.jpg\" alt='' title='Conectividad Lago Verde 1 (1) (1)' height=\"600\" width=\"947\"  itemprop=\"thumbnailUrl\" srcset=\"https:\/\/radiorevelacionfm.cl\/wp-content\/uploads\/2025\/08\/Conectividad-Lago-Verde-1-1-1.jpg 947w, https:\/\/radiorevelacionfm.cl\/wp-content\/uploads\/2025\/08\/Conectividad-Lago-Verde-1-1-1-300x190.jpg 300w, https:\/\/radiorevelacionfm.cl\/wp-content\/uploads\/2025\/08\/Conectividad-Lago-Verde-1-1-1-768x487.jpg 768w, https:\/\/radiorevelacionfm.cl\/wp-content\/uploads\/2025\/08\/Conectividad-Lago-Verde-1-1-1-705x447.jpg 705w, https:\/\/radiorevelacionfm.cl\/wp-content\/uploads\/2025\/08\/Conectividad-Lago-Verde-1-1-1-450x285.jpg 450w, https:\/\/radiorevelacionfm.cl\/wp-content\/uploads\/2025\/08\/Conectividad-Lago-Verde-1-1-1-600x380.jpg 600w\" sizes=\"(max-width: 947px) 100vw, 947px\" \/><\/div><\/div><\/div><\/div><div class=\"flex_column av_one_full  flex_column_div av-zero-column-padding first  avia-builder-el-2  el_after_av_one_full  el_before_av_one_full  column-top-margin\" style='border-radius:0px; '><section class=\"av_textblock_section \"  itemscope=\"itemscope\" itemtype=\"https:\/\/schema.org\/BlogPosting\" itemprop=\"blogPost\" ><div class='avia_textblock  '   itemprop=\"text\" ><p style=\"text-align: center;\"><span style=\"font-size: 18pt;\"><strong>Plan de Zonas Extremas (PDZE) destinar\u00e1 m\u00e1s del 50% del presupuesto a mejorar la conectividad en la Regi\u00f3n de Ays\u00e9n<\/strong><\/span><\/p>\n<div id=\"gtx-trans\" style=\"position: absolute; left: -50px; top: 4.31534px;\">\n<div class=\"gtx-trans-icon\"><\/div>\n<\/div>\n<\/div><\/section><\/div><div class=\"flex_column av_one_full  flex_column_div av-zero-column-padding first  avia-builder-el-4  el_after_av_one_full  el_before_av_hr  column-top-margin\" style='border-radius:0px; '><section class=\"av_textblock_section \"  itemscope=\"itemscope\" itemtype=\"https:\/\/schema.org\/BlogPosting\" itemprop=\"blogPost\" ><div class='avia_textblock  '   itemprop=\"text\" ><p style=\"text-align: justify;\">El Plan de Desarrollo de Zonas Extremas, aprobado recientemente por el Gobierno Regional de Ays\u00e9n y su Consejo, comprende una inversi\u00f3n total de 1.6 billones de pesos. Entre las iniciativas, 54 de ellas corresponden a obras de mejoramiento de la carretera austral, puentes, pasarelas y otras rutas.<\/p>\n<p style=\"text-align: justify;\">Seg\u00fan la encuesta Bar\u00f3metro 2025 de la Universidad de Ays\u00e9n, un 28,2% de los ayseninos encuestados declar\u00f3 que parte de las principales preocupaciones son conectividad e infraestructura. En esta l\u00ednea, el Plan de Desarrollo de Zonas Extremas (PDZE) 2025-20235, aprobado recientemente por el Gobierno Regional y su Consejo, apunta precisamente a resolver problem\u00e1ticas en estas \u00e1reas.<\/p>\n<p style=\"text-align: justify;\">El PDZE, que impulsa el gobernador regional de Ays\u00e9n, Marcelo Santana Vargas, contempla un total de 169 proyectos con una inversi\u00f3n estimada de 1.6 billones de pesos, equivalente a 1.600 millones de d\u00f3lares. Esto con la visi\u00f3n de impulsar grandes obras en la asignaci\u00f3n de recursos, de las cuales 54 est\u00e1n orientadas a fortalecer la conectividad regional: 14 proyectos contemplan el mejoramiento de la Carretera Austral (Ruta 7), con una inversi\u00f3n de M$ 188.915.076; 21 iniciativas se relacionan a la construcci\u00f3n y rehabilitaci\u00f3n de puentes y pasarelas, por M$ 154.960.793; y 19 son proyectos de otras rutas, con una inversi\u00f3n de M$ 300.779.285.<\/p>\n<p style=\"text-align: justify;\">Asimismo, son clave los proyectos enfocados en potenciar el transporte mar\u00edtimo y a\u00e9reo. Se impulsar\u00e1n 20 iniciativas de inversi\u00f3n en infraestructura portuaria por un monto de M$163.367.226, y 4 proyectos de mejoramiento en aer\u00f3dromos por M$19.815.540.<\/p>\n<p style=\"text-align: justify;\">Sumado a la pavimentaci\u00f3n de 235 kil\u00f3metros de la Carretera Austral, destaca la ampliaci\u00f3n del muelle de Puerto Chacabuco, donde opera Emporcha, principal operador log\u00edstico portuario de la Regi\u00f3n de Ays\u00e9n. Esta obra, con una inversi\u00f3n de 37 millones de d\u00f3lares, permitir\u00e1 incrementar significativamente la capacidad comercial del puerto.<\/p>\n<p style=\"text-align: justify;\">El objetivo de estas iniciativas de inversi\u00f3n es crear nueva estructura habilitante para Ays\u00e9n, adem\u00e1s de contribuir con la creaci\u00f3n de empleos y la reactivaci\u00f3n econ\u00f3mica de la regi\u00f3n.<\/p>\n<\/div><\/section><\/div><div  style='height:50px' class='hr hr-invisible   avia-builder-el-6  el_after_av_one_full  el_before_av_social_share '><span class='hr-inner ' ><span class='hr-inner-style'><\/span><\/span><\/div><\/p>\n<div  class='av-social-sharing-box  avia-builder-el-7  el_after_av_hr  el_before_av_hr  '><div class='av-share-box'><h5 class='av-share-link-description av-no-toc '>Compartir esta noticia<\/h5><ul class='av-share-box-list noLightbox'><li class='av-share-link av-social-link-facebook' ><a target=\"_blank\" aria-label=\"Compartir en Facebook\" href='https:\/\/www.facebook.com\/sharer.php?u=https:\/\/radiorevelacionfm.cl\/?p=58134&#038;t=Plan%20de%20Zonas%20Extremas%20%28PDZE%29%20destinar%C3%A1%20m%C3%A1s%20del%2050%25%20del%20presupuesto%20a%20mejorar%20la%20conectividad%20en%20la%20Regi%C3%B3n%20de%20Ays%C3%A9n' aria-hidden='false' data-av_icon='\ue8f3' data-av_iconfont='entypo-fontello' title='' data-avia-related-tooltip='Compartir en Facebook' rel=\"noopener\"><span class='avia_hidden_link_text'>Compartir en Facebook<\/span><\/a><\/li><li class='av-share-link av-social-link-twitter' ><a target=\"_blank\" aria-label=\"Compartir en Twitter\" href='https:\/\/twitter.com\/share?text=Plan%20de%20Zonas%20Extremas%20%28PDZE%29%20destinar%C3%A1%20m%C3%A1s%20del%2050%25%20del%20presupuesto%20a%20mejorar%20la%20conectividad%20en%20la%20Regi%C3%B3n%20de%20Ays%C3%A9n&#038;url=https:\/\/radiorevelacionfm.cl\/?p=58134' aria-hidden='false' data-av_icon='\ue8f1' data-av_iconfont='entypo-fontello' title='' data-avia-related-tooltip='Compartir en Twitter' rel=\"noopener\"><span class='avia_hidden_link_text'>Compartir en Twitter<\/span><\/a><\/li><li class='av-share-link av-social-link-whatsapp' ><a target=\"_blank\" aria-label=\"Compartir en Whatsapp\" href='https:\/\/api.whatsapp.com\/send?text=https:\/\/radiorevelacionfm.cl\/?p=58134' aria-hidden='false' data-av_icon='\uf232' data-av_iconfont='entypo-fontello' title='' data-avia-related-tooltip='Compartir en Whatsapp' rel=\"noopener\"><span class='avia_hidden_link_text'>Compartir en Whatsapp<\/span><\/a><\/li><li class='av-share-link av-social-link-linkedin' ><a target=\"_blank\" aria-label=\"Compartir en LinkedIn\" href='https:\/\/linkedin.com\/shareArticle?mini=true&#038;title=Plan%20de%20Zonas%20Extremas%20%28PDZE%29%20destinar%C3%A1%20m%C3%A1s%20del%2050%25%20del%20presupuesto%20a%20mejorar%20la%20conectividad%20en%20la%20Regi%C3%B3n%20de%20Ays%C3%A9n&#038;url=https:\/\/radiorevelacionfm.cl\/?p=58134' aria-hidden='false' data-av_icon='\ue8fc' data-av_iconfont='entypo-fontello' title='' data-avia-related-tooltip='Compartir en LinkedIn' rel=\"noopener\"><span class='avia_hidden_link_text'>Compartir en LinkedIn<\/span><\/a><\/li><li class='av-share-link av-social-link-mail' ><a  aria-label=\"Compartir por correo\" href='mailto:?subject=Plan%20de%20Zonas%20Extremas%20%28PDZE%29%20destinar%C3%A1%20m%C3%A1s%20del%2050%25%20del%20presupuesto%20a%20mejorar%20la%20conectividad%20en%20la%20Regi%C3%B3n%20de%20Ays%C3%A9n&#038;body=https:\/\/radiorevelacionfm.cl\/?p=58134' aria-hidden='false' data-av_icon='\ue805' data-av_iconfont='entypo-fontello' title='' data-avia-related-tooltip='Compartir por correo'><span class='avia_hidden_link_text'>Compartir por correo<\/span><\/a><\/li><\/ul><\/div><\/div>\n<div  style='height:50px' class='hr hr-invisible   avia-builder-el-8  el_after_av_social_share  el_before_av_comments_list '><span class='hr-inner ' ><span class='hr-inner-style'><\/span><\/span><\/div>\n<div  class='av-buildercomment  av-blog-meta-html-info-disabled av-blog-meta-tag-disabled  '><\/div>\n","protected":false},"excerpt":{"rendered":"","protected":false},"author":1,"featured_media":58135,"comment_status":"closed","ping_status":"closed","sticky":false,"template":"","format":"standard","meta":{"footnotes":""},"categories":[38],"tags":[],"class_list":["post-58134","post","type-post","status-publish","format-standard","has-post-thumbnail","hentry","category-regional"],"jetpack_featured_media_url":"https:\/\/radiorevelacionfm.cl\/wp-content\/uploads\/2025\/08\/Conectividad-Lago-Verde-1-1-1.jpg","_links":{"self":[{"href":"https:\/\/radiorevelacionfm.cl\/index.php?rest_route=\/wp\/v2\/posts\/58134","targetHints":{"allow":["GET"]}}],"collection":[{"href":"https:\/\/radiorevelacionfm.cl\/index.php?rest_route=\/wp\/v2\/posts"}],"about":[{"href":"https:\/\/radiorevelacionfm.cl\/index.php?rest_route=\/wp\/v2\/types\/post"}],"author":[{"embeddable":true,"href":"https:\/\/radiorevelacionfm.cl\/index.php?rest_route=\/wp\/v2\/users\/1"}],"replies":[{"embeddable":true,"href":"https:\/\/radiorevelacionfm.cl\/index.php?rest_route=%2Fwp%2Fv2%2Fcomments&post=58134"}],"version-history":[{"count":2,"href":"https:\/\/radiorevelacionfm.cl\/index.php?rest_route=\/wp\/v2\/posts\/58134\/revisions"}],"predecessor-version":[{"id":58143,"href":"https:\/\/radiorevelacionfm.cl\/index.php?rest_route=\/wp\/v2\/posts\/58134\/revisions\/58143"}],"wp:featuredmedia":[{"embeddable":true,"href":"https:\/\/radiorevelacionfm.cl\/index.php?rest_route=\/wp\/v2\/media\/58135"}],"wp:attachment":[{"href":"https:\/\/radiorevelacionfm.cl\/index.php?rest_route=%2Fwp%2Fv2%2Fmedia&parent=58134"}],"wp:term":[{"taxonomy":"category","embeddable":true,"href":"https:\/\/radiorevelacionfm.cl\/index.php?rest_route=%2Fwp%2Fv2%2Fcategories&post=58134"},{"taxonomy":"post_tag","embeddable":true,"href":"https:\/\/radiorevelacionfm.cl\/index.php?rest_route=%2Fwp%2Fv2%2Ftags&post=58134"}],"curies":[{"name":"wp","href":"https:\/\/api.w.org\/{rel}","templated":true}]}}