{"id":58128,"date":"2025-08-21T17:19:39","date_gmt":"2025-08-21T20:19:39","guid":{"rendered":"https:\/\/radiorevelacionfm.cl\/?p=58128"},"modified":"2025-08-21T17:19:39","modified_gmt":"2025-08-21T20:19:39","slug":"coyhaique-carabineros-de-la-siat-indaga-causa-basal-de-fatal-colision-en-sector-el-arenal","status":"publish","type":"post","link":"https:\/\/radiorevelacionfm.cl\/?p=58128","title":{"rendered":"Coyhaique: Carabineros de la SIAT indaga causa basal de fatal colisi\u00f3n en sector El Arenal\u00a0"},"content":{"rendered":"<div class=\"flex_column av_one_full  flex_column_div av-zero-column-padding first  avia-builder-el-0  el_before_av_one_full  avia-builder-el-first  \" style='border-radius:0px; '><div  class='avia-image-container  av-styling-    avia-builder-el-1  avia-builder-el-no-sibling  avia-align-center '  itemprop=\"image\" itemscope=\"itemscope\" itemtype=\"https:\/\/schema.org\/ImageObject\"  ><div class='avia-image-container-inner'><div class='avia-image-overlay-wrap'><img decoding=\"async\" class='wp-image-58129 avia-img-lazy-loading-not-58129 avia_image' src=\"https:\/\/radiorevelacionfm.cl\/wp-content\/uploads\/2025\/08\/af59be02-cab3-4506-9709-b3e610e13797-1-1.jpg\" alt='' title='af59be02-cab3-4506-9709-b3e610e13797 (1) (1)' height=\"600\" width=\"1285\"  itemprop=\"thumbnailUrl\" srcset=\"https:\/\/radiorevelacionfm.cl\/wp-content\/uploads\/2025\/08\/af59be02-cab3-4506-9709-b3e610e13797-1-1.jpg 1285w, https:\/\/radiorevelacionfm.cl\/wp-content\/uploads\/2025\/08\/af59be02-cab3-4506-9709-b3e610e13797-1-1-300x140.jpg 300w, https:\/\/radiorevelacionfm.cl\/wp-content\/uploads\/2025\/08\/af59be02-cab3-4506-9709-b3e610e13797-1-1-1030x481.jpg 1030w, https:\/\/radiorevelacionfm.cl\/wp-content\/uploads\/2025\/08\/af59be02-cab3-4506-9709-b3e610e13797-1-1-768x359.jpg 768w, https:\/\/radiorevelacionfm.cl\/wp-content\/uploads\/2025\/08\/af59be02-cab3-4506-9709-b3e610e13797-1-1-705x329.jpg 705w, https:\/\/radiorevelacionfm.cl\/wp-content\/uploads\/2025\/08\/af59be02-cab3-4506-9709-b3e610e13797-1-1-450x210.jpg 450w, https:\/\/radiorevelacionfm.cl\/wp-content\/uploads\/2025\/08\/af59be02-cab3-4506-9709-b3e610e13797-1-1-600x280.jpg 600w\" sizes=\"(max-width: 1285px) 100vw, 1285px\" \/><\/div><\/div><\/div><\/div><div class=\"flex_column av_one_full  flex_column_div av-zero-column-padding first  avia-builder-el-2  el_after_av_one_full  el_before_av_one_full  column-top-margin\" style='border-radius:0px; '><section class=\"av_textblock_section \"  itemscope=\"itemscope\" itemtype=\"https:\/\/schema.org\/BlogPosting\" itemprop=\"blogPost\" ><div class='avia_textblock  '   itemprop=\"text\" ><p style=\"text-align: center;\"><strong><span style=\"font-size: 18pt;\">Coyhaique: Carabineros de la SIAT indaga causa basal de fatal colisi\u00f3n en sector El Arenal\u00a0<\/span><\/strong><\/p>\n<\/div><\/section><\/div><div class=\"flex_column av_one_full  flex_column_div av-zero-column-padding first  avia-builder-el-4  el_after_av_one_full  el_before_av_hr  column-top-margin\" style='border-radius:0px; '><section class=\"av_textblock_section \"  itemscope=\"itemscope\" itemtype=\"https:\/\/schema.org\/BlogPosting\" itemprop=\"blogPost\" ><div class='avia_textblock  '   itemprop=\"text\" ><ul>\n<li dir=\"ltr\">\n<p dir=\"ltr\" style=\"text-align: justify;\" role=\"presentation\"><em>Un cami\u00f3n de matr\u00edcula argentina y un autom\u00f3vil impactaron de frente en una curva, tras lo cual el conductor del veh\u00edculo menor fue trasladado al hospital regional de esta ciudad, donde m\u00e1s tarde se report\u00f3 su lamentable deceso.<\/em><\/p>\n<\/li>\n<\/ul>\n<p dir=\"ltr\" style=\"text-align: justify;\">Por causas que son materia de investigaci\u00f3n, un conductor de 67 a\u00f1os de edad y que guiaba un veh\u00edculo menor- result\u00f3 lamentablemente fallecido tras una colisi\u00f3n de alta energ\u00eda con un cami\u00f3n de matr\u00edcula argentina en la Ruta 7 sector El Arenal, en el acceso norte a la ciudad de Coyhaique.<\/p>\n<p dir=\"ltr\" style=\"text-align: justify;\">La emergencia registrada alrededor de las 18:20 horas del mi\u00e9rcoles reci\u00e9n pasado, gener\u00f3 la activaci\u00f3n y traslado del ABC de la emergencia hasta el lugar. Carabineros de la 1ra Comisar\u00eda de esta ciudad realiz\u00f3 un corte de tr\u00e1nsito posibilitando el trabajo de Bomberos y el Samu, logrando retirar a la persona lesionada siendo trasladado de urgencia hasta el Hospital Regional de esta ciudad, donde m\u00e1s tarde, lamentablemente se confirm\u00f3 su deceso.<\/p>\n<p dir=\"ltr\" style=\"text-align: justify;\">Los antecedentes del procedimiento fueron remitidos a la Fiscal\u00eda, permaneciendo el conductor del veh\u00edculo de carga en espera de citaci\u00f3n por parte del organismo persecutor. Asimismo, fue dispuesta la concurrencia de la Secci\u00f3n de Investigaci\u00f3n de Accidentes del Tr\u00e1nsito (SIAT) de Carabineros para el trabajo del sitio del suceso.<\/p>\n<p dir=\"ltr\" style=\"text-align: justify;\">Al respecto el Oficial de esta Unidad, Teniente Manuel C\u00e1ceres Baeza indic\u00f3 que \u201cpor instrucci\u00f3n del Ministerio P\u00fablico, esta Unidad especializada concurri\u00f3 a realizar todas las diligencias t\u00e9cnicas y pericias para poder establecer la din\u00e1mica y la causa basal del accidente\u201d, indic\u00f3.<\/p>\n<p dir=\"ltr\" style=\"text-align: justify;\">Cabe consignar que entre el mes de enero al 20 de agosto de 2025, se han registrado 341 accidentes de tr\u00e1nsito con un saldo de siete personas fallecidas.<\/p>\n<p dir=\"ltr\" style=\"text-align: justify;\">Asimismo, en comparaci\u00f3n a igual periodo del a\u00f1o 2024, se report\u00f3 un total de 381 siniestros viales con nueve v\u00edctimas fatales, lo que se traduce en una reducci\u00f3n de cerca de un 11% menos de accidentes.<\/p>\n<p dir=\"ltr\" style=\"text-align: justify;\">El Teniente C\u00e1ceres reiter\u00f3 una vez m\u00e1s el llamado a los conductores y usuarios de las v\u00edas a transitar con precauci\u00f3n, estar atento a las condiciones del tr\u00e1nsito, respetar los l\u00edmites de velocidad, no efectuar maniobras de adelantamientos en zonas prohibidas o l\u00ednea contin\u00faa.<\/p>\n<p dir=\"ltr\" style=\"text-align: justify;\">Carabineros record\u00f3 tambi\u00e9n prestar atenci\u00f3n y reducir la velocidad ante condiciones clim\u00e1ticas de lluvia, escarcha, nieve o niebla, considerando que se trata de factores que influyen en la capacidad de adherencia y visibilidad, pudiendo afectar en las distancias de frenado del veh\u00edculo, ocasionado una p\u00e9rdida de control.<\/p>\n<\/div><\/section><\/div><div  style='height:50px' class='hr hr-invisible   avia-builder-el-6  el_after_av_one_full  el_before_av_social_share '><span class='hr-inner ' ><span class='hr-inner-style'><\/span><\/span><\/div><\/p>\n<div  class='av-social-sharing-box  avia-builder-el-7  el_after_av_hr  el_before_av_hr  '><div class='av-share-box'><h5 class='av-share-link-description av-no-toc '>Compartir esta noticia<\/h5><ul class='av-share-box-list noLightbox'><li class='av-share-link av-social-link-facebook' ><a target=\"_blank\" aria-label=\"Compartir en Facebook\" href='https:\/\/www.facebook.com\/sharer.php?u=https:\/\/radiorevelacionfm.cl\/?p=58128&#038;t=Coyhaique%3A%20Carabineros%20de%20la%20SIAT%20indaga%20causa%20basal%20de%20fatal%20colisi%C3%B3n%20en%20sector%20El%20Arenal%C2%A0' aria-hidden='false' data-av_icon='\ue8f3' data-av_iconfont='entypo-fontello' title='' data-avia-related-tooltip='Compartir en Facebook' rel=\"noopener\"><span class='avia_hidden_link_text'>Compartir en Facebook<\/span><\/a><\/li><li class='av-share-link av-social-link-twitter' ><a target=\"_blank\" aria-label=\"Compartir en Twitter\" href='https:\/\/twitter.com\/share?text=Coyhaique%3A%20Carabineros%20de%20la%20SIAT%20indaga%20causa%20basal%20de%20fatal%20colisi%C3%B3n%20en%20sector%20El%20Arenal%C2%A0&#038;url=https:\/\/radiorevelacionfm.cl\/?p=58128' aria-hidden='false' data-av_icon='\ue8f1' data-av_iconfont='entypo-fontello' title='' data-avia-related-tooltip='Compartir en Twitter' rel=\"noopener\"><span class='avia_hidden_link_text'>Compartir en Twitter<\/span><\/a><\/li><li class='av-share-link av-social-link-whatsapp' ><a target=\"_blank\" aria-label=\"Compartir en Whatsapp\" href='https:\/\/api.whatsapp.com\/send?text=https:\/\/radiorevelacionfm.cl\/?p=58128' aria-hidden='false' data-av_icon='\uf232' data-av_iconfont='entypo-fontello' title='' data-avia-related-tooltip='Compartir en Whatsapp' rel=\"noopener\"><span class='avia_hidden_link_text'>Compartir en Whatsapp<\/span><\/a><\/li><li class='av-share-link av-social-link-linkedin' ><a target=\"_blank\" aria-label=\"Compartir en LinkedIn\" href='https:\/\/linkedin.com\/shareArticle?mini=true&#038;title=Coyhaique%3A%20Carabineros%20de%20la%20SIAT%20indaga%20causa%20basal%20de%20fatal%20colisi%C3%B3n%20en%20sector%20El%20Arenal%C2%A0&#038;url=https:\/\/radiorevelacionfm.cl\/?p=58128' aria-hidden='false' data-av_icon='\ue8fc' data-av_iconfont='entypo-fontello' title='' data-avia-related-tooltip='Compartir en LinkedIn' rel=\"noopener\"><span class='avia_hidden_link_text'>Compartir en LinkedIn<\/span><\/a><\/li><li class='av-share-link av-social-link-mail' ><a  aria-label=\"Compartir por correo\" href='mailto:?subject=Coyhaique%3A%20Carabineros%20de%20la%20SIAT%20indaga%20causa%20basal%20de%20fatal%20colisi%C3%B3n%20en%20sector%20El%20Arenal%C2%A0&#038;body=https:\/\/radiorevelacionfm.cl\/?p=58128' aria-hidden='false' data-av_icon='\ue805' data-av_iconfont='entypo-fontello' title='' data-avia-related-tooltip='Compartir por correo'><span class='avia_hidden_link_text'>Compartir por correo<\/span><\/a><\/li><\/ul><\/div><\/div>\n<div  style='height:50px' class='hr hr-invisible   avia-builder-el-8  el_after_av_social_share  el_before_av_comments_list '><span class='hr-inner ' ><span class='hr-inner-style'><\/span><\/span><\/div>\n<div  class='av-buildercomment  av-blog-meta-html-info-disabled av-blog-meta-tag-disabled  '><\/div>\n","protected":false},"excerpt":{"rendered":"","protected":false},"author":1,"featured_media":58129,"comment_status":"closed","ping_status":"closed","sticky":false,"template":"","format":"standard","meta":{"footnotes":""},"categories":[36],"tags":[],"class_list":["post-58128","post","type-post","status-publish","format-standard","has-post-thumbnail","hentry","category-policial"],"jetpack_featured_media_url":"https:\/\/radiorevelacionfm.cl\/wp-content\/uploads\/2025\/08\/af59be02-cab3-4506-9709-b3e610e13797-1-1.jpg","_links":{"self":[{"href":"https:\/\/radiorevelacionfm.cl\/index.php?rest_route=\/wp\/v2\/posts\/58128","targetHints":{"allow":["GET"]}}],"collection":[{"href":"https:\/\/radiorevelacionfm.cl\/index.php?rest_route=\/wp\/v2\/posts"}],"about":[{"href":"https:\/\/radiorevelacionfm.cl\/index.php?rest_route=\/wp\/v2\/types\/post"}],"author":[{"embeddable":true,"href":"https:\/\/radiorevelacionfm.cl\/index.php?rest_route=\/wp\/v2\/users\/1"}],"replies":[{"embeddable":true,"href":"https:\/\/radiorevelacionfm.cl\/index.php?rest_route=%2Fwp%2Fv2%2Fcomments&post=58128"}],"version-history":[{"count":2,"href":"https:\/\/radiorevelacionfm.cl\/index.php?rest_route=\/wp\/v2\/posts\/58128\/revisions"}],"predecessor-version":[{"id":58131,"href":"https:\/\/radiorevelacionfm.cl\/index.php?rest_route=\/wp\/v2\/posts\/58128\/revisions\/58131"}],"wp:featuredmedia":[{"embeddable":true,"href":"https:\/\/radiorevelacionfm.cl\/index.php?rest_route=\/wp\/v2\/media\/58129"}],"wp:attachment":[{"href":"https:\/\/radiorevelacionfm.cl\/index.php?rest_route=%2Fwp%2Fv2%2Fmedia&parent=58128"}],"wp:term":[{"taxonomy":"category","embeddable":true,"href":"https:\/\/radiorevelacionfm.cl\/index.php?rest_route=%2Fwp%2Fv2%2Fcategories&post=58128"},{"taxonomy":"post_tag","embeddable":true,"href":"https:\/\/radiorevelacionfm.cl\/index.php?rest_route=%2Fwp%2Fv2%2Ftags&post=58128"}],"curies":[{"name":"wp","href":"https:\/\/api.w.org\/{rel}","templated":true}]}}