{"id":58125,"date":"2025-08-22T12:08:03","date_gmt":"2025-08-22T15:08:03","guid":{"rendered":"https:\/\/radiorevelacionfm.cl\/?p=58125"},"modified":"2025-08-22T12:08:03","modified_gmt":"2025-08-22T15:08:03","slug":"mujeres-que-sostienen-el-llamado-a-visibilizar-el-trabajo-de-las-dirigentas","status":"publish","type":"post","link":"https:\/\/radiorevelacionfm.cl\/?p=58125","title":{"rendered":"\u201cMujeres que Sostienen\u201d: el llamado a visibilizar el trabajo de las dirigentas"},"content":{"rendered":"<div class=\"flex_column av_one_full  flex_column_div av-zero-column-padding first  avia-builder-el-0  el_before_av_one_full  avia-builder-el-first  \" style='border-radius:0px; '><div  class='avia-image-container  av-styling-    avia-builder-el-1  avia-builder-el-no-sibling  avia-align-center '  itemprop=\"image\" itemscope=\"itemscope\" itemtype=\"https:\/\/schema.org\/ImageObject\"  ><div class='avia-image-container-inner'><div class='avia-image-overlay-wrap'><img decoding=\"async\" class='wp-image-58126 avia-img-lazy-loading-not-58126 avia_image' src=\"https:\/\/radiorevelacionfm.cl\/wp-content\/uploads\/2025\/08\/mujeres-que-sostienen-1_optimized-1.jpeg\" alt='' title='mujeres-que-sostienen-(1)_optimized (1)' height=\"1000\" width=\"799\"  itemprop=\"thumbnailUrl\" srcset=\"https:\/\/radiorevelacionfm.cl\/wp-content\/uploads\/2025\/08\/mujeres-que-sostienen-1_optimized-1.jpeg 799w, https:\/\/radiorevelacionfm.cl\/wp-content\/uploads\/2025\/08\/mujeres-que-sostienen-1_optimized-1-240x300.jpeg 240w, https:\/\/radiorevelacionfm.cl\/wp-content\/uploads\/2025\/08\/mujeres-que-sostienen-1_optimized-1-768x961.jpeg 768w, https:\/\/radiorevelacionfm.cl\/wp-content\/uploads\/2025\/08\/mujeres-que-sostienen-1_optimized-1-563x705.jpeg 563w, https:\/\/radiorevelacionfm.cl\/wp-content\/uploads\/2025\/08\/mujeres-que-sostienen-1_optimized-1-450x563.jpeg 450w, https:\/\/radiorevelacionfm.cl\/wp-content\/uploads\/2025\/08\/mujeres-que-sostienen-1_optimized-1-600x751.jpeg 600w\" sizes=\"(max-width: 799px) 100vw, 799px\" \/><\/div><\/div><\/div><\/div><div class=\"flex_column av_one_full  flex_column_div av-zero-column-padding first  avia-builder-el-2  el_after_av_one_full  el_before_av_one_full  column-top-margin\" style='border-radius:0px; '><section class=\"av_textblock_section \"  itemscope=\"itemscope\" itemtype=\"https:\/\/schema.org\/BlogPosting\" itemprop=\"blogPost\" ><div class='avia_textblock  '   itemprop=\"text\" ><p style=\"text-align: center;\"><strong><span style=\"font-size: 18pt;\">\u201cMujeres que Sostienen\u201d: el llamado a visibilizar el trabajo de las dirigentas<\/span><\/strong><\/p>\n<div id=\"gtx-trans\" style=\"position: absolute; left: -50px; top: 4.31534px;\">\n<div class=\"gtx-trans-icon\"><\/div>\n<\/div>\n<\/div><\/section><\/div><div class=\"flex_column av_one_full  flex_column_div av-zero-column-padding first  avia-builder-el-4  el_after_av_one_full  el_before_av_hr  column-top-margin\" style='border-radius:0px; '><section class=\"av_textblock_section \"  itemscope=\"itemscope\" itemtype=\"https:\/\/schema.org\/BlogPosting\" itemprop=\"blogPost\" ><div class='avia_textblock  '   itemprop=\"text\" ><p style=\"text-align: justify;\">La desigualdad de g\u00e9nero sigue siendo un problema, por lo que enfrentar desaf\u00edos en espacios de participaci\u00f3n que, adem\u00e1s, conllevan el liderazgo de mujeres resulta un problema social que debemos abordar en nuestras pol\u00edticas p\u00fablicas para eliminar las brechas que impiden que las mujeres puedan ejercer roles de liderazgo en organizaciones sociales y comunitarias.<\/p>\n<p style=\"text-align: justify;\">Con el objetivo de visibilizar las dificultades que enfrentan las mujeres que sostienen los espacios de participaci\u00f3n, y de valorar la labor y la responsabilidad que asumen las dirigentas, en el marco del Mes de las Dirigencias, la Divisi\u00f3n de Organizaciones Sociales (DOS) est\u00e1 llevando a cabo la Consulta Ciudadana \u201cMujeres que Sostienen\u201d.<\/p>\n<p style=\"text-align: justify;\">Esta consulta permitir\u00e1 conocer y describir la participaci\u00f3n de las mujeres en organizaciones de la sociedad civil, as\u00ed como visibilizar sus trayectorias, la tensi\u00f3n que enfrentan, el trabajo de cuidados que realizan, y el rol de sost\u00e9n emocional que desempe\u00f1an en sus comunidades.<\/p>\n<p style=\"text-align: justify;\">Sobre esto, la Seremi de Gobierno, \u00darsula Mix indic\u00f3 \u201cEn este Mes de la Dirigencia Social y Comunitaria lanzamos la Consulta Ciudadana \u201cMujeres que Sostienen\u201d, porque como gobierno es esencial reconocer el trabajo y compromiso que implica para las dirigentas ejercer liderazgos en sus organizaciones\u201d.<\/p>\n<p style=\"text-align: justify;\">Pueden participar hasta el 31 de agosto mujeres desde los 15 a\u00f1os que actualmente participan o hayan participado en organizaciones sociales y\/o comunitarias, de sectores urbanos o rurales pueden hacerlo ingresando a <a href=\"https:\/\/es.surveymonkey.com\/r\/SCXHT2Z\">https:\/\/es.surveymonkey.com\/r\/SCXHT2Z<\/a>.<\/p>\n<p style=\"text-align: justify;\">Los datos recabados permitir\u00e1n elaborar un estudio que oriente futuras acciones formativas, estrat\u00e9gicas y de fortalecimiento de liderazgos, incorporando perspectiva de g\u00e9nero. Adem\u00e1s, contribuir\u00e1n a visibilizar el aporte de la dirigencia social femenina como las condiciones en las que se desarrolla en los territorios.<\/p>\n<p style=\"text-align: justify;\">\u201cInvitamos a todas las dirigentas de la regi\u00f3n de Ays\u00e9n a participar en la consulta. Reconocemos las m\u00faltiples tareas que realizan, por lo que es fundamental conocer su trabajo para generar acciones que permitan construir pol\u00edticas p\u00fablicas efectivas y con perspectiva de g\u00e9nero en materia dirigencial\u201d, concluy\u00f3 la Seremi de Gobierno.<\/p>\n<\/div><\/section><\/div><div  style='height:50px' class='hr hr-invisible   avia-builder-el-6  el_after_av_one_full  el_before_av_social_share '><span class='hr-inner ' ><span class='hr-inner-style'><\/span><\/span><\/div><\/p>\n<div  class='av-social-sharing-box  avia-builder-el-7  el_after_av_hr  el_before_av_hr  '><div class='av-share-box'><h5 class='av-share-link-description av-no-toc '>Compartir esta noticia<\/h5><ul class='av-share-box-list noLightbox'><li class='av-share-link av-social-link-facebook' ><a target=\"_blank\" aria-label=\"Compartir en Facebook\" href='https:\/\/www.facebook.com\/sharer.php?u=https:\/\/radiorevelacionfm.cl\/?p=58125&#038;t=%E2%80%9CMujeres%20que%20Sostienen%E2%80%9D%3A%20el%20llamado%20a%20visibilizar%20el%20trabajo%20de%20las%20dirigentas' aria-hidden='false' data-av_icon='\ue8f3' data-av_iconfont='entypo-fontello' title='' data-avia-related-tooltip='Compartir en Facebook' rel=\"noopener\"><span class='avia_hidden_link_text'>Compartir en Facebook<\/span><\/a><\/li><li class='av-share-link av-social-link-twitter' ><a target=\"_blank\" aria-label=\"Compartir en Twitter\" href='https:\/\/twitter.com\/share?text=%E2%80%9CMujeres%20que%20Sostienen%E2%80%9D%3A%20el%20llamado%20a%20visibilizar%20el%20trabajo%20de%20las%20dirigentas&#038;url=https:\/\/radiorevelacionfm.cl\/?p=58125' aria-hidden='false' data-av_icon='\ue8f1' data-av_iconfont='entypo-fontello' title='' data-avia-related-tooltip='Compartir en Twitter' rel=\"noopener\"><span class='avia_hidden_link_text'>Compartir en Twitter<\/span><\/a><\/li><li class='av-share-link av-social-link-whatsapp' ><a target=\"_blank\" aria-label=\"Compartir en Whatsapp\" href='https:\/\/api.whatsapp.com\/send?text=https:\/\/radiorevelacionfm.cl\/?p=58125' aria-hidden='false' data-av_icon='\uf232' data-av_iconfont='entypo-fontello' title='' data-avia-related-tooltip='Compartir en Whatsapp' rel=\"noopener\"><span class='avia_hidden_link_text'>Compartir en Whatsapp<\/span><\/a><\/li><li class='av-share-link av-social-link-linkedin' ><a target=\"_blank\" aria-label=\"Compartir en LinkedIn\" href='https:\/\/linkedin.com\/shareArticle?mini=true&#038;title=%E2%80%9CMujeres%20que%20Sostienen%E2%80%9D%3A%20el%20llamado%20a%20visibilizar%20el%20trabajo%20de%20las%20dirigentas&#038;url=https:\/\/radiorevelacionfm.cl\/?p=58125' aria-hidden='false' data-av_icon='\ue8fc' data-av_iconfont='entypo-fontello' title='' data-avia-related-tooltip='Compartir en LinkedIn' rel=\"noopener\"><span class='avia_hidden_link_text'>Compartir en LinkedIn<\/span><\/a><\/li><li class='av-share-link av-social-link-mail' ><a  aria-label=\"Compartir por correo\" href='mailto:?subject=%E2%80%9CMujeres%20que%20Sostienen%E2%80%9D%3A%20el%20llamado%20a%20visibilizar%20el%20trabajo%20de%20las%20dirigentas&#038;body=https:\/\/radiorevelacionfm.cl\/?p=58125' aria-hidden='false' data-av_icon='\ue805' data-av_iconfont='entypo-fontello' title='' data-avia-related-tooltip='Compartir por correo'><span class='avia_hidden_link_text'>Compartir por correo<\/span><\/a><\/li><\/ul><\/div><\/div>\n<div  style='height:50px' class='hr hr-invisible   avia-builder-el-8  el_after_av_social_share  el_before_av_comments_list '><span class='hr-inner ' ><span class='hr-inner-style'><\/span><\/span><\/div>\n<div  class='av-buildercomment  av-blog-meta-html-info-disabled av-blog-meta-tag-disabled  '><\/div>\n","protected":false},"excerpt":{"rendered":"","protected":false},"author":1,"featured_media":58126,"comment_status":"closed","ping_status":"closed","sticky":false,"template":"","format":"standard","meta":{"footnotes":""},"categories":[38],"tags":[],"class_list":["post-58125","post","type-post","status-publish","format-standard","has-post-thumbnail","hentry","category-regional"],"jetpack_featured_media_url":"https:\/\/radiorevelacionfm.cl\/wp-content\/uploads\/2025\/08\/mujeres-que-sostienen-1_optimized-1.jpeg","_links":{"self":[{"href":"https:\/\/radiorevelacionfm.cl\/index.php?rest_route=\/wp\/v2\/posts\/58125","targetHints":{"allow":["GET"]}}],"collection":[{"href":"https:\/\/radiorevelacionfm.cl\/index.php?rest_route=\/wp\/v2\/posts"}],"about":[{"href":"https:\/\/radiorevelacionfm.cl\/index.php?rest_route=\/wp\/v2\/types\/post"}],"author":[{"embeddable":true,"href":"https:\/\/radiorevelacionfm.cl\/index.php?rest_route=\/wp\/v2\/users\/1"}],"replies":[{"embeddable":true,"href":"https:\/\/radiorevelacionfm.cl\/index.php?rest_route=%2Fwp%2Fv2%2Fcomments&post=58125"}],"version-history":[{"count":2,"href":"https:\/\/radiorevelacionfm.cl\/index.php?rest_route=\/wp\/v2\/posts\/58125\/revisions"}],"predecessor-version":[{"id":58145,"href":"https:\/\/radiorevelacionfm.cl\/index.php?rest_route=\/wp\/v2\/posts\/58125\/revisions\/58145"}],"wp:featuredmedia":[{"embeddable":true,"href":"https:\/\/radiorevelacionfm.cl\/index.php?rest_route=\/wp\/v2\/media\/58126"}],"wp:attachment":[{"href":"https:\/\/radiorevelacionfm.cl\/index.php?rest_route=%2Fwp%2Fv2%2Fmedia&parent=58125"}],"wp:term":[{"taxonomy":"category","embeddable":true,"href":"https:\/\/radiorevelacionfm.cl\/index.php?rest_route=%2Fwp%2Fv2%2Fcategories&post=58125"},{"taxonomy":"post_tag","embeddable":true,"href":"https:\/\/radiorevelacionfm.cl\/index.php?rest_route=%2Fwp%2Fv2%2Ftags&post=58125"}],"curies":[{"name":"wp","href":"https:\/\/api.w.org\/{rel}","templated":true}]}}