{"id":58119,"date":"2025-08-21T20:31:32","date_gmt":"2025-08-21T23:31:32","guid":{"rendered":"https:\/\/radiorevelacionfm.cl\/?p=58119"},"modified":"2025-08-21T20:31:32","modified_gmt":"2025-08-21T23:31:32","slug":"fndr-fortalecimiento-caprino-productores-de-ibanez-participan-de-primera-gira-regional","status":"publish","type":"post","link":"https:\/\/radiorevelacionfm.cl\/?p=58119","title":{"rendered":"FNDR Fortalecimiento Caprino: Productores de Ib\u00e1\u00f1ez participan de primera gira regional"},"content":{"rendered":"<div class=\"flex_column av_one_full  flex_column_div av-zero-column-padding first  avia-builder-el-0  el_before_av_one_full  avia-builder-el-first  \" style='border-radius:0px; '><div  class='avia-image-container  av-styling-    avia-builder-el-1  avia-builder-el-no-sibling  avia-align-center '  itemprop=\"image\" itemscope=\"itemscope\" itemtype=\"https:\/\/schema.org\/ImageObject\"  ><div class='avia-image-container-inner'><div class='avia-image-overlay-wrap'><img decoding=\"async\" class='wp-image-58120 avia-img-lazy-loading-not-58120 avia_image' src=\"https:\/\/radiorevelacionfm.cl\/wp-content\/uploads\/2025\/08\/giracaprino_001-1_optimized-1.jpeg\" alt='' title='giracaprino_001-(1)_optimized (1)' height=\"600\" width=\"807\"  itemprop=\"thumbnailUrl\" srcset=\"https:\/\/radiorevelacionfm.cl\/wp-content\/uploads\/2025\/08\/giracaprino_001-1_optimized-1.jpeg 807w, https:\/\/radiorevelacionfm.cl\/wp-content\/uploads\/2025\/08\/giracaprino_001-1_optimized-1-300x223.jpeg 300w, https:\/\/radiorevelacionfm.cl\/wp-content\/uploads\/2025\/08\/giracaprino_001-1_optimized-1-768x571.jpeg 768w, https:\/\/radiorevelacionfm.cl\/wp-content\/uploads\/2025\/08\/giracaprino_001-1_optimized-1-705x524.jpeg 705w, https:\/\/radiorevelacionfm.cl\/wp-content\/uploads\/2025\/08\/giracaprino_001-1_optimized-1-450x335.jpeg 450w, https:\/\/radiorevelacionfm.cl\/wp-content\/uploads\/2025\/08\/giracaprino_001-1_optimized-1-600x446.jpeg 600w\" sizes=\"(max-width: 807px) 100vw, 807px\" \/><\/div><\/div><\/div><\/div><div class=\"flex_column av_one_full  flex_column_div av-zero-column-padding first  avia-builder-el-2  el_after_av_one_full  el_before_av_one_full  column-top-margin\" style='border-radius:0px; '><section class=\"av_textblock_section \"  itemscope=\"itemscope\" itemtype=\"https:\/\/schema.org\/BlogPosting\" itemprop=\"blogPost\" ><div class='avia_textblock  '   itemprop=\"text\" ><p style=\"text-align: center;\"><strong><span style=\"font-size: 18pt;\">FNDR Fortalecimiento Caprino: Productores de Ib\u00e1\u00f1ez participan de primera gira regional<\/span><\/strong><\/p>\n<div id=\"gtx-trans\" style=\"position: absolute; left: -50px; top: 4.31534px;\">\n<div class=\"gtx-trans-icon\"><\/div>\n<\/div>\n<\/div><\/section><\/div><div class=\"flex_column av_one_full  flex_column_div av-zero-column-padding first  avia-builder-el-4  el_after_av_one_full  el_before_av_hr  column-top-margin\" style='border-radius:0px; '><section class=\"av_textblock_section \"  itemscope=\"itemscope\" itemtype=\"https:\/\/schema.org\/BlogPosting\" itemprop=\"blogPost\" ><div class='avia_textblock  '   itemprop=\"text\" ><p style=\"text-align: justify;\"><em>La oportunidad se enmarca en las acciones desarrolladas por la SEREMI del Ministerio de Agricultura en Ays\u00e9n para consolidar el rubro caprino en la regi\u00f3n.<\/em><\/p>\n<p style=\"text-align: justify;\">Desde noviembre de 2024 a la fecha la Secretar\u00eda Regional Ministerial de Agricultura de Ays\u00e9n, con el apoyo del Gobierno Regional de Ays\u00e9n y su Consejo, comenz\u00f3 la ejecuci\u00f3n del programa FNDR de Transferencia al Fortalecimiento Caprino que impulsa el desarrollo de la ganader\u00eda caprina emergente para alcanzar su consolidaci\u00f3n a nivel regional. En este marco, este lunes 18 de agosto se desarroll\u00f3 la primera gira regional de productores caprinos vinculados al programa.<\/p>\n<p style=\"text-align: justify;\">Un total de 12 socias y socios del Comit\u00e9 Caprino de R\u00edo Ib\u00e1\u00f1ez llegaron a la capital regional de Coyhaique para participar de una jornada que contempl\u00f3 dos visitas t\u00e9cnicas e inspectivas a salas de proceso de productos c\u00e1rnicos, Estancia Punta el Monte y Entre Pampa y Fiordo, con el objetivo de conocer su funcionamiento, equipamiento y log\u00edstica de trabajo.<\/p>\n<p style=\"text-align: justify;\">\u201cEn la ma\u00f1ana fuimos arriba a El Claro (Estancia Punta el Monte) donde ah\u00ed ten\u00edan a los animales carneados, el proceso de enfriamiento, y nos explic\u00f3 c\u00f3mo funciona. Muy parecido a lo que vimos ac\u00e1 (Entre Pampa y Fiordo), pero ac\u00e1 hacen charqui y all\u00e1 envasan la carne, que es diferente, entonces cada proceso tiene sus diferencias\u201d, coment\u00f3 el productor de ganader\u00eda caprina y ovina, Gilberto Troncoso, quien reside en Ib\u00e1\u00f1ez y forma parte del programa que ejecuta Agricultura.<\/p>\n<p style=\"text-align: justify;\">\u201cLa gente tiene que aprender a conocer al chivo porque la gente de campo lo conoce, pero en la ciudad muchas veces no conocen las carnes, y la de chivo es m\u00e1s sana (magra). Entonces lo que estamos pensando es que la gente conozca m\u00e1s la carne de caprino para vender el producto en m\u00e1s cantidad. Ahora vendemos de a 1, de a 2, o 10, pero no hay una sala de proceso donde tengas todos tus productos y lo vendas de una buena vez. Nosotros no podemos hacer una, es muy dif\u00edcil, tiene que idealmente apoyarnos el Gobierno\u201d, agreg\u00f3 Troncoso.<\/p>\n<p style=\"text-align: justify;\">La importancia de esta inducci\u00f3n se relaciona con el impulso que dio origen a la formulaci\u00f3n de este programa, el cual surgi\u00f3 de la solicitud de los mismos integrantes del Comit\u00e9 y como continuidad del Programa Marco de Desarrollo Territorial que estuvo orientado a fortalecer el desarrollo de la ganader\u00eda caprina en la comuna de R\u00edo Ib\u00e1\u00f1ez.<\/p>\n<p style=\"text-align: justify;\">As\u00ed lo detall\u00f3 el seremi de Agricultura, Eugenio Ruiz, quien acompa\u00f1\u00f3 en la jornada de apoyo a peque\u00f1os productores de la agricultura familiar campesina. \u201cEn la proyecci\u00f3n que tiene este programa, abarca un total de 60 productores regionales que desarrollan el rubro caprino porque buscamos consolidarlo en toda la regi\u00f3n de Ays\u00e9n. A trav\u00e9s de esta jornada de capacitaci\u00f3n, donde valoramos la colaboraci\u00f3n p\u00fablico-privada junto a los representantes de dichas empresas, se les permitir\u00e1 conocer el modelo de negocio que puede generar mejores resultados desde el punto de vista de la productividad, lo que es fundamental para lo que ellos quieren hacer a futuro\u201d.<\/p>\n<p style=\"text-align: justify;\">De esta manera, el equipo de Agricultura detall\u00f3 que dar cuenta de la implementaci\u00f3n y funcionamiento de este modelo permite apoyar la eventual instalaci\u00f3n o implementaci\u00f3n de una sala de proceso para la elaboraci\u00f3n de productos de origen caprino que mediante este FNDR tendr\u00eda destino en la comuna de R\u00edo Ib\u00e1\u00f1ez, y su financiamiento ser\u00eda a trav\u00e9s del Programa de Inversiones Asociativo (PDI).<\/p>\n<p style=\"text-align: justify;\">En tanto, el programa FNDR avanza, entre otras materias, en la integraci\u00f3n de 30 productoras y productores ajenos a Ib\u00e1\u00f1ez, para avanzar con pertinencia regional, y permitir beneficiar a familias de La Junta, Coyhaique, Chile Chico, O\u2019Higgins y Cochrane.<\/p>\n<p style=\"text-align: justify;\">\u201cQuiz\u00e1s no aprendimos todo, pero ahora tenemos una base de c\u00f3mo se pueden hacer las cosas, y tiene que haber gente para todo; el productor, quien lo hace, y quien lo vende\u201d, concluy\u00f3 Troncoso al cierre de la jornada.<\/p>\n<\/div><\/section><\/div><div  style='height:50px' class='hr hr-invisible   avia-builder-el-6  el_after_av_one_full  el_before_av_social_share '><span class='hr-inner ' ><span class='hr-inner-style'><\/span><\/span><\/div><\/p>\n<div  class='av-social-sharing-box  avia-builder-el-7  el_after_av_hr  el_before_av_hr  '><div class='av-share-box'><h5 class='av-share-link-description av-no-toc '>Compartir esta noticia<\/h5><ul class='av-share-box-list noLightbox'><li class='av-share-link av-social-link-facebook' ><a target=\"_blank\" aria-label=\"Compartir en Facebook\" href='https:\/\/www.facebook.com\/sharer.php?u=https:\/\/radiorevelacionfm.cl\/?p=58119&#038;t=FNDR%20Fortalecimiento%20Caprino%3A%20Productores%20de%20Ib%C3%A1%C3%B1ez%20participan%20de%20primera%20gira%20regional' aria-hidden='false' data-av_icon='\ue8f3' data-av_iconfont='entypo-fontello' title='' data-avia-related-tooltip='Compartir en Facebook' rel=\"noopener\"><span class='avia_hidden_link_text'>Compartir en Facebook<\/span><\/a><\/li><li class='av-share-link av-social-link-twitter' ><a target=\"_blank\" aria-label=\"Compartir en Twitter\" href='https:\/\/twitter.com\/share?text=FNDR%20Fortalecimiento%20Caprino%3A%20Productores%20de%20Ib%C3%A1%C3%B1ez%20participan%20de%20primera%20gira%20regional&#038;url=https:\/\/radiorevelacionfm.cl\/?p=58119' aria-hidden='false' data-av_icon='\ue8f1' data-av_iconfont='entypo-fontello' title='' data-avia-related-tooltip='Compartir en Twitter' rel=\"noopener\"><span class='avia_hidden_link_text'>Compartir en Twitter<\/span><\/a><\/li><li class='av-share-link av-social-link-whatsapp' ><a target=\"_blank\" aria-label=\"Compartir en Whatsapp\" href='https:\/\/api.whatsapp.com\/send?text=https:\/\/radiorevelacionfm.cl\/?p=58119' aria-hidden='false' data-av_icon='\uf232' data-av_iconfont='entypo-fontello' title='' data-avia-related-tooltip='Compartir en Whatsapp' rel=\"noopener\"><span class='avia_hidden_link_text'>Compartir en Whatsapp<\/span><\/a><\/li><li class='av-share-link av-social-link-linkedin' ><a target=\"_blank\" aria-label=\"Compartir en LinkedIn\" href='https:\/\/linkedin.com\/shareArticle?mini=true&#038;title=FNDR%20Fortalecimiento%20Caprino%3A%20Productores%20de%20Ib%C3%A1%C3%B1ez%20participan%20de%20primera%20gira%20regional&#038;url=https:\/\/radiorevelacionfm.cl\/?p=58119' aria-hidden='false' data-av_icon='\ue8fc' data-av_iconfont='entypo-fontello' title='' data-avia-related-tooltip='Compartir en LinkedIn' rel=\"noopener\"><span class='avia_hidden_link_text'>Compartir en LinkedIn<\/span><\/a><\/li><li class='av-share-link av-social-link-mail' ><a  aria-label=\"Compartir por correo\" href='mailto:?subject=FNDR%20Fortalecimiento%20Caprino%3A%20Productores%20de%20Ib%C3%A1%C3%B1ez%20participan%20de%20primera%20gira%20regional&#038;body=https:\/\/radiorevelacionfm.cl\/?p=58119' aria-hidden='false' data-av_icon='\ue805' data-av_iconfont='entypo-fontello' title='' data-avia-related-tooltip='Compartir por correo'><span class='avia_hidden_link_text'>Compartir por correo<\/span><\/a><\/li><\/ul><\/div><\/div>\n<div  style='height:50px' class='hr hr-invisible   avia-builder-el-8  el_after_av_social_share  el_before_av_comments_list '><span class='hr-inner ' ><span class='hr-inner-style'><\/span><\/span><\/div>\n<div  class='av-buildercomment  av-blog-meta-html-info-disabled av-blog-meta-tag-disabled  '><\/div>\n","protected":false},"excerpt":{"rendered":"","protected":false},"author":1,"featured_media":58120,"comment_status":"closed","ping_status":"closed","sticky":false,"template":"","format":"standard","meta":{"footnotes":""},"categories":[58],"tags":[],"class_list":["post-58119","post","type-post","status-publish","format-standard","has-post-thumbnail","hentry","category-agricultura"],"jetpack_featured_media_url":"https:\/\/radiorevelacionfm.cl\/wp-content\/uploads\/2025\/08\/giracaprino_001-1_optimized-1.jpeg","_links":{"self":[{"href":"https:\/\/radiorevelacionfm.cl\/index.php?rest_route=\/wp\/v2\/posts\/58119","targetHints":{"allow":["GET"]}}],"collection":[{"href":"https:\/\/radiorevelacionfm.cl\/index.php?rest_route=\/wp\/v2\/posts"}],"about":[{"href":"https:\/\/radiorevelacionfm.cl\/index.php?rest_route=\/wp\/v2\/types\/post"}],"author":[{"embeddable":true,"href":"https:\/\/radiorevelacionfm.cl\/index.php?rest_route=\/wp\/v2\/users\/1"}],"replies":[{"embeddable":true,"href":"https:\/\/radiorevelacionfm.cl\/index.php?rest_route=%2Fwp%2Fv2%2Fcomments&post=58119"}],"version-history":[{"count":2,"href":"https:\/\/radiorevelacionfm.cl\/index.php?rest_route=\/wp\/v2\/posts\/58119\/revisions"}],"predecessor-version":[{"id":58140,"href":"https:\/\/radiorevelacionfm.cl\/index.php?rest_route=\/wp\/v2\/posts\/58119\/revisions\/58140"}],"wp:featuredmedia":[{"embeddable":true,"href":"https:\/\/radiorevelacionfm.cl\/index.php?rest_route=\/wp\/v2\/media\/58120"}],"wp:attachment":[{"href":"https:\/\/radiorevelacionfm.cl\/index.php?rest_route=%2Fwp%2Fv2%2Fmedia&parent=58119"}],"wp:term":[{"taxonomy":"category","embeddable":true,"href":"https:\/\/radiorevelacionfm.cl\/index.php?rest_route=%2Fwp%2Fv2%2Fcategories&post=58119"},{"taxonomy":"post_tag","embeddable":true,"href":"https:\/\/radiorevelacionfm.cl\/index.php?rest_route=%2Fwp%2Fv2%2Ftags&post=58119"}],"curies":[{"name":"wp","href":"https:\/\/api.w.org\/{rel}","templated":true}]}}