{"id":58116,"date":"2025-08-22T11:09:57","date_gmt":"2025-08-22T14:09:57","guid":{"rendered":"https:\/\/radiorevelacionfm.cl\/?p=58116"},"modified":"2025-08-22T11:09:57","modified_gmt":"2025-08-22T14:09:57","slug":"funcionarios-publicos-participaron-en-capacitacion-sobre-delito-de-trata-de-personas-y-protocolos-de-atencion-a-victimas-en-coyhaique","status":"publish","type":"post","link":"https:\/\/radiorevelacionfm.cl\/?p=58116","title":{"rendered":"Funcionarios p\u00fablicos participaron en capacitaci\u00f3n sobre \u201cDelito de Trata de Personas y Protocolos de Atenci\u00f3n a V\u00edctimas\u201d en Coyhaique"},"content":{"rendered":"<div class=\"flex_column av_one_full  flex_column_div av-zero-column-padding first  avia-builder-el-0  el_before_av_one_full  avia-builder-el-first  \" style='border-radius:0px; '><div  class='avia-image-container  av-styling-    avia-builder-el-1  avia-builder-el-no-sibling  avia-align-center '  itemprop=\"image\" itemscope=\"itemscope\" itemtype=\"https:\/\/schema.org\/ImageObject\"  ><div class='avia-image-container-inner'><div class='avia-image-overlay-wrap'><img decoding=\"async\" class='wp-image-58117 avia-img-lazy-loading-not-58117 avia_image' src=\"https:\/\/radiorevelacionfm.cl\/wp-content\/uploads\/2025\/08\/capacitacion-3-2-1-1.jpg\" alt='' title='capacitacion 3 (2) (1) (1)' height=\"600\" width=\"800\"  itemprop=\"thumbnailUrl\" srcset=\"https:\/\/radiorevelacionfm.cl\/wp-content\/uploads\/2025\/08\/capacitacion-3-2-1-1.jpg 800w, https:\/\/radiorevelacionfm.cl\/wp-content\/uploads\/2025\/08\/capacitacion-3-2-1-1-300x225.jpg 300w, https:\/\/radiorevelacionfm.cl\/wp-content\/uploads\/2025\/08\/capacitacion-3-2-1-1-768x576.jpg 768w, https:\/\/radiorevelacionfm.cl\/wp-content\/uploads\/2025\/08\/capacitacion-3-2-1-1-705x529.jpg 705w, https:\/\/radiorevelacionfm.cl\/wp-content\/uploads\/2025\/08\/capacitacion-3-2-1-1-450x338.jpg 450w, https:\/\/radiorevelacionfm.cl\/wp-content\/uploads\/2025\/08\/capacitacion-3-2-1-1-600x450.jpg 600w\" sizes=\"(max-width: 800px) 100vw, 800px\" \/><\/div><\/div><\/div><\/div><div class=\"flex_column av_one_full  flex_column_div av-zero-column-padding first  avia-builder-el-2  el_after_av_one_full  el_before_av_one_full  column-top-margin\" style='border-radius:0px; '><section class=\"av_textblock_section \"  itemscope=\"itemscope\" itemtype=\"https:\/\/schema.org\/BlogPosting\" itemprop=\"blogPost\" ><div class='avia_textblock  '   itemprop=\"text\" ><p style=\"text-align: center;\"><span style=\"font-size: 18pt;\"><strong>Funcionarios p\u00fablicos participaron en capacitaci\u00f3n sobre \u201c<\/strong><strong>Delito de Trata de Personas y Protocolos de Atenci\u00f3n a V\u00edctimas<\/strong><strong>\u201d en Coyhaique <\/strong><\/span><\/p>\n<div id=\"gtx-trans\" style=\"position: absolute; left: -50px; top: 4.31534px;\">\n<div class=\"gtx-trans-icon\"><\/div>\n<\/div>\n<\/div><\/section><\/div><div class=\"flex_column av_one_full  flex_column_div av-zero-column-padding first  avia-builder-el-4  el_after_av_one_full  el_before_av_hr  column-top-margin\" style='border-radius:0px; '><section class=\"av_textblock_section \"  itemscope=\"itemscope\" itemtype=\"https:\/\/schema.org\/BlogPosting\" itemprop=\"blogPost\" ><div class='avia_textblock  '   itemprop=\"text\" ><p style=\"text-align: justify;\">M\u00e1s de 50 funcionarios p\u00fablicos participaron este mi\u00e9rcoles de la capacitaci\u00f3n denominada \u201cDelito de Trata de Personas y Protocolos de Atenci\u00f3n a V\u00edctimas\u201d, actividad enmarcada en el trabajo que ha venido realizando la Mesa Regional de Trata de Personas encabezada por el seremi de Justicia y Derechos Humanos, Samuel Navarro Castro.<\/p>\n<p style=\"text-align: justify;\">Cabe se\u00f1alar que la iniciativa se desarroll\u00f3 en el auditorio del MOP y cont\u00f3 con la presencia de funcionarios encargados de atenci\u00f3n a p\u00fablico de distintas reparticiones del Estado, quienes pudieron conocer diversos aspectos de este grave delito, esto a trav\u00e9s de las exposiciones \u201cTrata de Personas y tr\u00e1fico de migrantes\u201d a cargo del Subcomisario de la PDI Sebasti\u00e1n Flores y \u201cProtocolo de Apoyo y Protecci\u00f3n de V\u00edctimas de Trata de Personas\u201d realizada por la coordinadora del Centro de Apoyo a V\u00edctimas del Delito del Ministerio de Seguridad P\u00fablica, Andrea Campos Mu\u00f1oz, quienes desde sus \u00e1mbitos de competencia abordaron dicha tem\u00e1tica.<\/p>\n<p style=\"text-align: justify;\">El Subcomisario de la PDI Sebasti\u00e1n Flores se refiri\u00f3 a lo abordado en su exposici\u00f3n se\u00f1alando que \u201cme correspondi\u00f3 participar de esta capacitaci\u00f3n donde abord\u00e9 el delito de Trata de Personas y el tr\u00e1fico de Migrantes dirigida a personas que ejercen funciones de atenci\u00f3n a p\u00fablico y consisti\u00f3 en entregarles a estos funcionarios conocimientos b\u00e1sicos a fin de que sean capaces de detectar se\u00f1ales referentes a este delito y de estar en presencia de \u00e9ste o alg\u00fan indicio puedan realizar la denuncia respectiva ante la autoridad competente\u201d.<\/p>\n<p style=\"text-align: justify;\">Por su parte, la coordinadora del Centro de Apoyo a V\u00edctimas del Delito del Ministerio de Seguridad P\u00fablica, Andrea Campos Mu\u00f1oz se refiri\u00f3 al protocolo y protecci\u00f3n a v\u00edctimas, indicando que \u201cabord\u00e9 el protocolo que existe para este delito en el marco del trabajo que desarrollamos en la Mesa Regional de Trata de Personas y donde se ha hecho un trabajo interesante en relaci\u00f3n a la sensibilizaci\u00f3n, hoy mismo con todo lo que fue el abordaje del delito de Trata y a la pr\u00e1ctica del protocolo, la intervenci\u00f3n que existe en materia de protecci\u00f3n a las v\u00edctimas de delito de Trata, se ha hecho un trabajo de sensibilizaci\u00f3n, de publicidad a efectos de poder generar un impacto en la comunidad, que puedan conocer este delito y estar atentos para poder realizar las denuncias\u201d.<\/p>\n<p style=\"text-align: justify;\">En tanto, el seremi de Justicia y Derechos Humanos Samuel Navarro abord\u00f3 la importancia\u00a0 de realizar estas instancias informativas se\u00f1alando que \u201c fue una importante capacitaci\u00f3n que tuvo una importante afluencia de funcionarios p\u00fablicos que trabajan precisamente con atenci\u00f3n de p\u00fablico y eso nos permite transmitir los conocimientos respecto al delito de trata de personas, del protocolo de atenci\u00f3n a v\u00edctimas que es tan necesario que cuenten con estos elementos y con estas herramientas para que en el evento que sospechen de alg\u00fan indicio puedan hacer las denuncias respectivas, creemos que este tipo de capacitaciones debemos seguir desarroll\u00e1ndolas, no obstante nuestra regi\u00f3n afortunadamente no hay denuncias, pero eso no quiere decir que no exista este delito, por lo tanto en la medida que entregamos herramientas, entregamos tips o datos para que puedan pesquisar algunas situaciones, nos va a permitir tambi\u00e9n que las denuncias se hagan en forma oportuna y que se pueda fundamentalmente dar protecci\u00f3n a las v\u00edctimas y resguardar en este caso los derechos humanos, ya que en este delito se afecta la dignidad de las personas\u201d.<\/p>\n<p style=\"text-align: justify;\">Finalmente, cabe indicar que esta instancia se enmarca en los compromisos adquiridos en la Mesa de Trata de Personas, en la cual participan diversos servicios p\u00fablicos y que busca sensibilizar y concientizar respecto a este grave delito, y a la obligaci\u00f3n que tienen los funcionarios p\u00fablicos de denunciar.<\/p>\n<\/div><\/section><\/div><div  style='height:50px' class='hr hr-invisible   avia-builder-el-6  el_after_av_one_full  el_before_av_social_share '><span class='hr-inner ' ><span class='hr-inner-style'><\/span><\/span><\/div><\/p>\n<div  class='av-social-sharing-box  avia-builder-el-7  el_after_av_hr  el_before_av_hr  '><div class='av-share-box'><h5 class='av-share-link-description av-no-toc '>Compartir esta noticia<\/h5><ul class='av-share-box-list noLightbox'><li class='av-share-link av-social-link-facebook' ><a target=\"_blank\" aria-label=\"Compartir en Facebook\" href='https:\/\/www.facebook.com\/sharer.php?u=https:\/\/radiorevelacionfm.cl\/?p=58116&#038;t=Funcionarios%20p%C3%BAblicos%20participaron%20en%20capacitaci%C3%B3n%20sobre%20%E2%80%9CDelito%20de%20Trata%20de%20Personas%20y%20Protocolos%20de%20Atenci%C3%B3n%20a%20V%C3%ADctimas%E2%80%9D%20en%20Coyhaique' aria-hidden='false' data-av_icon='\ue8f3' data-av_iconfont='entypo-fontello' title='' data-avia-related-tooltip='Compartir en Facebook' rel=\"noopener\"><span class='avia_hidden_link_text'>Compartir en Facebook<\/span><\/a><\/li><li class='av-share-link av-social-link-twitter' ><a target=\"_blank\" aria-label=\"Compartir en Twitter\" href='https:\/\/twitter.com\/share?text=Funcionarios%20p%C3%BAblicos%20participaron%20en%20capacitaci%C3%B3n%20sobre%20%E2%80%9CDelito%20de%20Trata%20de%20Personas%20y%20Protocolos%20de%20Atenci%C3%B3n%20a%20V%C3%ADctimas%E2%80%9D%20en%20Coyhaique&#038;url=https:\/\/radiorevelacionfm.cl\/?p=58116' aria-hidden='false' data-av_icon='\ue8f1' data-av_iconfont='entypo-fontello' title='' data-avia-related-tooltip='Compartir en Twitter' rel=\"noopener\"><span class='avia_hidden_link_text'>Compartir en Twitter<\/span><\/a><\/li><li class='av-share-link av-social-link-whatsapp' ><a target=\"_blank\" aria-label=\"Compartir en Whatsapp\" href='https:\/\/api.whatsapp.com\/send?text=https:\/\/radiorevelacionfm.cl\/?p=58116' aria-hidden='false' data-av_icon='\uf232' data-av_iconfont='entypo-fontello' title='' data-avia-related-tooltip='Compartir en Whatsapp' rel=\"noopener\"><span class='avia_hidden_link_text'>Compartir en Whatsapp<\/span><\/a><\/li><li class='av-share-link av-social-link-linkedin' ><a target=\"_blank\" aria-label=\"Compartir en LinkedIn\" href='https:\/\/linkedin.com\/shareArticle?mini=true&#038;title=Funcionarios%20p%C3%BAblicos%20participaron%20en%20capacitaci%C3%B3n%20sobre%20%E2%80%9CDelito%20de%20Trata%20de%20Personas%20y%20Protocolos%20de%20Atenci%C3%B3n%20a%20V%C3%ADctimas%E2%80%9D%20en%20Coyhaique&#038;url=https:\/\/radiorevelacionfm.cl\/?p=58116' aria-hidden='false' data-av_icon='\ue8fc' data-av_iconfont='entypo-fontello' title='' data-avia-related-tooltip='Compartir en LinkedIn' rel=\"noopener\"><span class='avia_hidden_link_text'>Compartir en LinkedIn<\/span><\/a><\/li><li class='av-share-link av-social-link-mail' ><a  aria-label=\"Compartir por correo\" href='mailto:?subject=Funcionarios%20p%C3%BAblicos%20participaron%20en%20capacitaci%C3%B3n%20sobre%20%E2%80%9CDelito%20de%20Trata%20de%20Personas%20y%20Protocolos%20de%20Atenci%C3%B3n%20a%20V%C3%ADctimas%E2%80%9D%20en%20Coyhaique&#038;body=https:\/\/radiorevelacionfm.cl\/?p=58116' aria-hidden='false' data-av_icon='\ue805' data-av_iconfont='entypo-fontello' title='' data-avia-related-tooltip='Compartir por correo'><span class='avia_hidden_link_text'>Compartir por correo<\/span><\/a><\/li><\/ul><\/div><\/div>\n<div  style='height:50px' class='hr hr-invisible   avia-builder-el-8  el_after_av_social_share  el_before_av_comments_list '><span class='hr-inner ' ><span class='hr-inner-style'><\/span><\/span><\/div>\n<div  class='av-buildercomment  av-blog-meta-html-info-disabled av-blog-meta-tag-disabled  '><\/div>\n","protected":false},"excerpt":{"rendered":"","protected":false},"author":1,"featured_media":58117,"comment_status":"closed","ping_status":"closed","sticky":false,"template":"","format":"standard","meta":{"footnotes":""},"categories":[55],"tags":[],"class_list":["post-58116","post","type-post","status-publish","format-standard","has-post-thumbnail","hentry","category-justicia"],"jetpack_featured_media_url":"https:\/\/radiorevelacionfm.cl\/wp-content\/uploads\/2025\/08\/capacitacion-3-2-1-1.jpg","_links":{"self":[{"href":"https:\/\/radiorevelacionfm.cl\/index.php?rest_route=\/wp\/v2\/posts\/58116","targetHints":{"allow":["GET"]}}],"collection":[{"href":"https:\/\/radiorevelacionfm.cl\/index.php?rest_route=\/wp\/v2\/posts"}],"about":[{"href":"https:\/\/radiorevelacionfm.cl\/index.php?rest_route=\/wp\/v2\/types\/post"}],"author":[{"embeddable":true,"href":"https:\/\/radiorevelacionfm.cl\/index.php?rest_route=\/wp\/v2\/users\/1"}],"replies":[{"embeddable":true,"href":"https:\/\/radiorevelacionfm.cl\/index.php?rest_route=%2Fwp%2Fv2%2Fcomments&post=58116"}],"version-history":[{"count":2,"href":"https:\/\/radiorevelacionfm.cl\/index.php?rest_route=\/wp\/v2\/posts\/58116\/revisions"}],"predecessor-version":[{"id":58141,"href":"https:\/\/radiorevelacionfm.cl\/index.php?rest_route=\/wp\/v2\/posts\/58116\/revisions\/58141"}],"wp:featuredmedia":[{"embeddable":true,"href":"https:\/\/radiorevelacionfm.cl\/index.php?rest_route=\/wp\/v2\/media\/58117"}],"wp:attachment":[{"href":"https:\/\/radiorevelacionfm.cl\/index.php?rest_route=%2Fwp%2Fv2%2Fmedia&parent=58116"}],"wp:term":[{"taxonomy":"category","embeddable":true,"href":"https:\/\/radiorevelacionfm.cl\/index.php?rest_route=%2Fwp%2Fv2%2Fcategories&post=58116"},{"taxonomy":"post_tag","embeddable":true,"href":"https:\/\/radiorevelacionfm.cl\/index.php?rest_route=%2Fwp%2Fv2%2Ftags&post=58116"}],"curies":[{"name":"wp","href":"https:\/\/api.w.org\/{rel}","templated":true}]}}