{"id":58112,"date":"2025-08-21T16:09:04","date_gmt":"2025-08-21T19:09:04","guid":{"rendered":"https:\/\/radiorevelacionfm.cl\/?p=58112"},"modified":"2025-08-21T16:09:04","modified_gmt":"2025-08-21T19:09:04","slug":"orquesta-sinfonica-juvenil-de-aysen-brindara-concierto-de-gala-con-39-musicos-en-el-escenario","status":"publish","type":"post","link":"https:\/\/radiorevelacionfm.cl\/?p=58112","title":{"rendered":"Orquesta Sinf\u00f3nica Juvenil de Ays\u00e9n brindar\u00e1 Concierto de Gala con 39 m\u00fasicos en el escenario"},"content":{"rendered":"<div class=\"flex_column av_one_full  flex_column_div av-zero-column-padding first  avia-builder-el-0  el_before_av_one_full  avia-builder-el-first  \" style='border-radius:0px; '><div  class='avia-image-container  av-styling-    avia-builder-el-1  avia-builder-el-no-sibling  avia-align-center '  itemprop=\"image\" itemscope=\"itemscope\" itemtype=\"https:\/\/schema.org\/ImageObject\"  ><div class='avia-image-container-inner'><div class='avia-image-overlay-wrap'><img decoding=\"async\" class='wp-image-58113 avia-img-lazy-loading-not-58113 avia_image' src=\"https:\/\/radiorevelacionfm.cl\/wp-content\/uploads\/2025\/08\/concierto2-1_optimized.jpeg\" alt='' title='concierto2-(1)_optimized' height=\"600\" width=\"901\"  itemprop=\"thumbnailUrl\" srcset=\"https:\/\/radiorevelacionfm.cl\/wp-content\/uploads\/2025\/08\/concierto2-1_optimized.jpeg 901w, https:\/\/radiorevelacionfm.cl\/wp-content\/uploads\/2025\/08\/concierto2-1_optimized-300x200.jpeg 300w, https:\/\/radiorevelacionfm.cl\/wp-content\/uploads\/2025\/08\/concierto2-1_optimized-768x511.jpeg 768w, https:\/\/radiorevelacionfm.cl\/wp-content\/uploads\/2025\/08\/concierto2-1_optimized-705x469.jpeg 705w, https:\/\/radiorevelacionfm.cl\/wp-content\/uploads\/2025\/08\/concierto2-1_optimized-450x300.jpeg 450w, https:\/\/radiorevelacionfm.cl\/wp-content\/uploads\/2025\/08\/concierto2-1_optimized-600x400.jpeg 600w\" sizes=\"(max-width: 901px) 100vw, 901px\" \/><\/div><\/div><\/div><\/div><div class=\"flex_column av_one_full  flex_column_div av-zero-column-padding first  avia-builder-el-2  el_after_av_one_full  el_before_av_one_full  column-top-margin\" style='border-radius:0px; '><section class=\"av_textblock_section \"  itemscope=\"itemscope\" itemtype=\"https:\/\/schema.org\/BlogPosting\" itemprop=\"blogPost\" ><div class='avia_textblock  '   itemprop=\"text\" ><p style=\"text-align: center;\"><strong><span style=\"font-size: 18pt;\">Orquesta Sinf\u00f3nica Juvenil de Ays\u00e9n brindar\u00e1 Concierto de Gala con 39 m\u00fasicos en el escenario<\/span><\/strong><\/p>\n<div id=\"gtx-trans\" style=\"position: absolute; left: -50px; top: 4.31534px;\">\n<div class=\"gtx-trans-icon\"><\/div>\n<\/div>\n<\/div><\/section><\/div><div class=\"flex_column av_one_full  flex_column_div av-zero-column-padding first  avia-builder-el-4  el_after_av_one_full  el_before_av_hr  column-top-margin\" style='border-radius:0px; '><section class=\"av_textblock_section \"  itemscope=\"itemscope\" itemtype=\"https:\/\/schema.org\/BlogPosting\" itemprop=\"blogPost\" ><div class='avia_textblock  '   itemprop=\"text\" ><p dir=\"ltr\" style=\"text-align: justify;\"><em>El concierto, gratuito y abierto a toda la comunidad organizado por la Fundaci\u00f3n de Orquestas Juveniles e Infantiles de Chile, se realizar\u00e1 el 24 de agosto a las 17:00 horas en el Templo Santa Teresita Ex-Catedral. La orquesta interpretar\u00e1 un variado repertorio con obras que van desde lo cl\u00e1sico a lo popular.<\/em><\/p>\n<p dir=\"ltr\" style=\"text-align: justify;\">Los becados y becadas de la Orquesta Sinf\u00f3nica Juvenil Regional de Ays\u00e9n (OSJR Ays\u00e9n) se han preparado intensamente durante el primer semestre del a\u00f1o, a trav\u00e9s de clases de teor\u00eda musical, ensayos parciales, seccionales y tuttis. Su objetivo no ha sido solo formarse como m\u00fasicos, guiados por el destacado trabajo de sus instructores y de su director musical, sino tambi\u00e9n prepararse para este importante concierto.<\/p>\n<p dir=\"ltr\" style=\"text-align: justify;\">Con una invitaci\u00f3n abierta a toda la comunidad, la OSJR Ays\u00e9n, bajo la direcci\u00f3n de Jos\u00e9 Valdivia, se presentar\u00e1 con sus 39 m\u00fasicos en el Concierto de Gala que se vivir\u00e1 este 24 de agosto en el Templo Santa Teresita de Puerto Ays\u00e9n.<\/p>\n<p dir=\"ltr\" style=\"text-align: justify;\">Hay que recordar que el primer concierto se llev\u00f3 a cabo en Coyhaique con una masiva asistencia, tras el campamento musical de invierno que los reuni\u00f3 durante una semana en el mes de julio, instancia en la que pudieron consolidar sus conocimientos.<\/p>\n<p dir=\"ltr\" style=\"text-align: justify;\">El p\u00fablico que asista al concierto podr\u00e1 disfrutar de variadas obras del repertorio cl\u00e1sico, como Carmen, Suite N\u00b01 de G. Bizet, Concierto para dos violonchelos en sol menor de Antonio Vivaldi, as\u00ed como tambi\u00e9n de obras populares, entre ellas el conocido tema regional de Los Lazos \u201cMensaje\u201d, entre otros.<\/p>\n<p dir=\"ltr\" style=\"text-align: justify;\">\u201cEl Concierto de Gala de la Orquesta Sinf\u00f3nica Juvenil de Ays\u00e9n es una oportunidad para apreciar el compromiso, la disciplina y el esfuerzo que todos los j\u00f3venes m\u00fasicos han desarrollado durante todo el a\u00f1o. Cada nota que interpretan es fruto de un proceso de formaci\u00f3n exigente, donde el rigor se transforma en crecimiento personal y colectivo\u201d,\u00a0destac\u00f3 el compositor y director ejecutivo de FOJI, Pablo Aranda, quien agreg\u00f3\u00a0\u201cInvito a la comunidad a ser parte de este momento, a acompa\u00f1ar y valorar el trabajo de estos j\u00f3venes talentos que representan con orgullo la misi\u00f3n de FOJI\u201d.<\/p>\n<p dir=\"ltr\" style=\"text-align: justify;\">Finalmente, y a la espera de repetir el lleno total del primer concierto, Katrina Sanguinetti, directora del \u00e1rea regional de FOJI, hizo un llamado a la comunidad porte\u00f1a a ser parte de este ciclo musical\u00a0\u201cLa Fundaci\u00f3n de Orquestas Juveniles e Infantiles los invita a un bello concierto en la Iglesia Santa Teresita de Puerto Ays\u00e9n el domingo 24 a las 17 horas. Queremos que la mayor cantidad de personas puedan asistir para escuchar y aplaudir a nuestras ni\u00f1as, ni\u00f1os y j\u00f3venes que se trasladar\u00e1n a esta hermosa ciudad, para ofrecer una tarde de buena m\u00fasica y encuentro con el arte\u201d.\u00a0Agreg\u00f3 adem\u00e1s que\u00a0\u201cLa mejor recompensa para nuestros j\u00f3venes m\u00fasicos es la asistencia de todos, as\u00ed que los esperamos\u201d.<\/p>\n<\/div><\/section><\/div><div  style='height:50px' class='hr hr-invisible   avia-builder-el-6  el_after_av_one_full  el_before_av_social_share '><span class='hr-inner ' ><span class='hr-inner-style'><\/span><\/span><\/div><\/p>\n<div  class='av-social-sharing-box  avia-builder-el-7  el_after_av_hr  el_before_av_hr  '><div class='av-share-box'><h5 class='av-share-link-description av-no-toc '>Compartir esta noticia<\/h5><ul class='av-share-box-list noLightbox'><li class='av-share-link av-social-link-facebook' ><a target=\"_blank\" aria-label=\"Compartir en Facebook\" href='https:\/\/www.facebook.com\/sharer.php?u=https:\/\/radiorevelacionfm.cl\/?p=58112&#038;t=Orquesta%20Sinf%C3%B3nica%20Juvenil%20de%20Ays%C3%A9n%20brindar%C3%A1%20Concierto%20de%20Gala%20con%2039%20m%C3%BAsicos%20en%20el%20escenario' aria-hidden='false' data-av_icon='\ue8f3' data-av_iconfont='entypo-fontello' title='' data-avia-related-tooltip='Compartir en Facebook' rel=\"noopener\"><span class='avia_hidden_link_text'>Compartir en Facebook<\/span><\/a><\/li><li class='av-share-link av-social-link-twitter' ><a target=\"_blank\" aria-label=\"Compartir en Twitter\" href='https:\/\/twitter.com\/share?text=Orquesta%20Sinf%C3%B3nica%20Juvenil%20de%20Ays%C3%A9n%20brindar%C3%A1%20Concierto%20de%20Gala%20con%2039%20m%C3%BAsicos%20en%20el%20escenario&#038;url=https:\/\/radiorevelacionfm.cl\/?p=58112' aria-hidden='false' data-av_icon='\ue8f1' data-av_iconfont='entypo-fontello' title='' data-avia-related-tooltip='Compartir en Twitter' rel=\"noopener\"><span class='avia_hidden_link_text'>Compartir en Twitter<\/span><\/a><\/li><li class='av-share-link av-social-link-whatsapp' ><a target=\"_blank\" aria-label=\"Compartir en Whatsapp\" href='https:\/\/api.whatsapp.com\/send?text=https:\/\/radiorevelacionfm.cl\/?p=58112' aria-hidden='false' data-av_icon='\uf232' data-av_iconfont='entypo-fontello' title='' data-avia-related-tooltip='Compartir en Whatsapp' rel=\"noopener\"><span class='avia_hidden_link_text'>Compartir en Whatsapp<\/span><\/a><\/li><li class='av-share-link av-social-link-linkedin' ><a target=\"_blank\" aria-label=\"Compartir en LinkedIn\" href='https:\/\/linkedin.com\/shareArticle?mini=true&#038;title=Orquesta%20Sinf%C3%B3nica%20Juvenil%20de%20Ays%C3%A9n%20brindar%C3%A1%20Concierto%20de%20Gala%20con%2039%20m%C3%BAsicos%20en%20el%20escenario&#038;url=https:\/\/radiorevelacionfm.cl\/?p=58112' aria-hidden='false' data-av_icon='\ue8fc' data-av_iconfont='entypo-fontello' title='' data-avia-related-tooltip='Compartir en LinkedIn' rel=\"noopener\"><span class='avia_hidden_link_text'>Compartir en LinkedIn<\/span><\/a><\/li><li class='av-share-link av-social-link-mail' ><a  aria-label=\"Compartir por correo\" href='mailto:?subject=Orquesta%20Sinf%C3%B3nica%20Juvenil%20de%20Ays%C3%A9n%20brindar%C3%A1%20Concierto%20de%20Gala%20con%2039%20m%C3%BAsicos%20en%20el%20escenario&#038;body=https:\/\/radiorevelacionfm.cl\/?p=58112' aria-hidden='false' data-av_icon='\ue805' data-av_iconfont='entypo-fontello' title='' data-avia-related-tooltip='Compartir por correo'><span class='avia_hidden_link_text'>Compartir por correo<\/span><\/a><\/li><\/ul><\/div><\/div>\n<div  style='height:50px' class='hr hr-invisible   avia-builder-el-8  el_after_av_social_share  el_before_av_comments_list '><span class='hr-inner ' ><span class='hr-inner-style'><\/span><\/span><\/div>\n<div  class='av-buildercomment  av-blog-meta-html-info-disabled av-blog-meta-tag-disabled  '><\/div>\n","protected":false},"excerpt":{"rendered":"","protected":false},"author":1,"featured_media":58113,"comment_status":"closed","ping_status":"closed","sticky":false,"template":"","format":"standard","meta":{"footnotes":""},"categories":[43],"tags":[],"class_list":["post-58112","post","type-post","status-publish","format-standard","has-post-thumbnail","hentry","category-musica"],"jetpack_featured_media_url":"https:\/\/radiorevelacionfm.cl\/wp-content\/uploads\/2025\/08\/concierto2-1_optimized.jpeg","_links":{"self":[{"href":"https:\/\/radiorevelacionfm.cl\/index.php?rest_route=\/wp\/v2\/posts\/58112","targetHints":{"allow":["GET"]}}],"collection":[{"href":"https:\/\/radiorevelacionfm.cl\/index.php?rest_route=\/wp\/v2\/posts"}],"about":[{"href":"https:\/\/radiorevelacionfm.cl\/index.php?rest_route=\/wp\/v2\/types\/post"}],"author":[{"embeddable":true,"href":"https:\/\/radiorevelacionfm.cl\/index.php?rest_route=\/wp\/v2\/users\/1"}],"replies":[{"embeddable":true,"href":"https:\/\/radiorevelacionfm.cl\/index.php?rest_route=%2Fwp%2Fv2%2Fcomments&post=58112"}],"version-history":[{"count":2,"href":"https:\/\/radiorevelacionfm.cl\/index.php?rest_route=\/wp\/v2\/posts\/58112\/revisions"}],"predecessor-version":[{"id":58115,"href":"https:\/\/radiorevelacionfm.cl\/index.php?rest_route=\/wp\/v2\/posts\/58112\/revisions\/58115"}],"wp:featuredmedia":[{"embeddable":true,"href":"https:\/\/radiorevelacionfm.cl\/index.php?rest_route=\/wp\/v2\/media\/58113"}],"wp:attachment":[{"href":"https:\/\/radiorevelacionfm.cl\/index.php?rest_route=%2Fwp%2Fv2%2Fmedia&parent=58112"}],"wp:term":[{"taxonomy":"category","embeddable":true,"href":"https:\/\/radiorevelacionfm.cl\/index.php?rest_route=%2Fwp%2Fv2%2Fcategories&post=58112"},{"taxonomy":"post_tag","embeddable":true,"href":"https:\/\/radiorevelacionfm.cl\/index.php?rest_route=%2Fwp%2Fv2%2Ftags&post=58112"}],"curies":[{"name":"wp","href":"https:\/\/api.w.org\/{rel}","templated":true}]}}