{"id":58109,"date":"2025-08-21T15:48:20","date_gmt":"2025-08-21T18:48:20","guid":{"rendered":"https:\/\/radiorevelacionfm.cl\/?p=58109"},"modified":"2025-08-21T15:48:20","modified_gmt":"2025-08-21T18:48:20","slug":"emiten-alerta-por-peligro-de-remocion-en-masa-para-la-region-de-aysen","status":"publish","type":"post","link":"https:\/\/radiorevelacionfm.cl\/?p=58109","title":{"rendered":"Emiten alerta por peligro de remoci\u00f3n en masa para la regi\u00f3n de Ays\u00e9n"},"content":{"rendered":"<div class=\"flex_column av_one_full  flex_column_div av-zero-column-padding first  avia-builder-el-0  el_before_av_one_full  avia-builder-el-first  \" style='border-radius:0px; '><div  class='avia-image-container  av-styling-    avia-builder-el-1  avia-builder-el-no-sibling  avia-align-center '  itemprop=\"image\" itemscope=\"itemscope\" itemtype=\"https:\/\/schema.org\/ImageObject\"  ><div class='avia-image-container-inner'><div class='avia-image-overlay-wrap'><img decoding=\"async\" class='wp-image-5179 avia-img-lazy-loading-not-5179 avia_image' src=\"https:\/\/radiorevelacionfm.cl\/wp-content\/uploads\/2021\/06\/Derrumbe_Las-LLaves-2-1.jpg\" alt='' title='Derrumbe_Las LLaves (2) (1)' height=\"600\" width=\"863\"  itemprop=\"thumbnailUrl\" srcset=\"https:\/\/radiorevelacionfm.cl\/wp-content\/uploads\/2021\/06\/Derrumbe_Las-LLaves-2-1.jpg 863w, https:\/\/radiorevelacionfm.cl\/wp-content\/uploads\/2021\/06\/Derrumbe_Las-LLaves-2-1-300x209.jpg 300w, https:\/\/radiorevelacionfm.cl\/wp-content\/uploads\/2021\/06\/Derrumbe_Las-LLaves-2-1-768x534.jpg 768w, https:\/\/radiorevelacionfm.cl\/wp-content\/uploads\/2021\/06\/Derrumbe_Las-LLaves-2-1-705x490.jpg 705w, https:\/\/radiorevelacionfm.cl\/wp-content\/uploads\/2021\/06\/Derrumbe_Las-LLaves-2-1-600x417.jpg 600w\" sizes=\"(max-width: 863px) 100vw, 863px\" \/><\/div><\/div><\/div><\/div><div class=\"flex_column av_one_full  flex_column_div av-zero-column-padding first  avia-builder-el-2  el_after_av_one_full  el_before_av_one_full  column-top-margin\" style='border-radius:0px; '><section class=\"av_textblock_section \"  itemscope=\"itemscope\" itemtype=\"https:\/\/schema.org\/BlogPosting\" itemprop=\"blogPost\" ><div class='avia_textblock  '   itemprop=\"text\" ><p style=\"text-align: center;\"><strong><span style=\"font-size: 18pt;\">Emiten alerta por peligro de remoci\u00f3n en masa para la regi\u00f3n de Ays\u00e9n <\/span><\/strong><\/p>\n<div id=\"gtx-trans\" style=\"position: absolute; left: -50px; top: 4.31534px;\">\n<div class=\"gtx-trans-icon\"><\/div>\n<\/div>\n<\/div><\/section><\/div><div class=\"flex_column av_one_full  flex_column_div av-zero-column-padding first  avia-builder-el-4  el_after_av_one_full  el_before_av_hr  column-top-margin\" style='border-radius:0px; '><section class=\"av_textblock_section \"  itemscope=\"itemscope\" itemtype=\"https:\/\/schema.org\/BlogPosting\" itemprop=\"blogPost\" ><div class='avia_textblock  '   itemprop=\"text\" ><p style=\"text-align: justify;\">La Direcci\u00f3n Meteorol\u00f3gica de Chile (DMC) ha emitido el Informe de Amenaza Meteorol\u00f3gica para la regi\u00f3n de Ays\u00e9n con fecha 21 de agosto a las 06:35 am que se\u00f1ala \u201cLas regiones de Ays\u00e9n y Magallanes muestran inestabilidad atmosf\u00e9rica\u201d, para la madrugada del 21 de agosto y la ma\u00f1ana del 24 de agosto. Adem\u00e1s, emiti\u00f3 una Aviso (A325\/2025) el 20 de agosto a las 14:26 hrs por \u2018Precipitaciones Normales a Moderadas en Cortos Periodos de Tiempo\u2019 para los d\u00edas 23 y 24 de agosto. Sobre la base de estos antecedentes, SERNAGEOMIN considera que la posibilidad de ocurrencia de remociones en masa, tales como flujos de detritos (aluviones), deslizamientos y\/o ca\u00eddas de rocas (derrumbes), es de car\u00e1cter <strong>Baja a Moderada <\/strong>para la regi\u00f3n de Ays\u00e9n.<\/p>\n<p style=\"text-align: justify;\">Tabla 1. Pron\u00f3stico de precipitaciones (mm) emitido por la DMC (Informe de Amenaza Meteorol\u00f3gica, 21 de agosto 2025).<\/p>\n<table>\n<tbody>\n<tr>\n<td rowspan=\"2\" width=\"65\"><strong>Regi\u00f3n<\/strong><\/td>\n<td rowspan=\"2\" width=\"133\"><strong>Zona<\/strong><\/td>\n<td width=\"85\"><strong>21 agosto 12Z<\/strong><\/td>\n<td width=\"95\"><strong>22<\/strong><\/p>\n<p><strong>agosto12Z<\/strong><\/td>\n<td width=\"85\"><strong>23 agosto 12Z<\/strong><\/td>\n<td rowspan=\"2\" width=\"123\"><strong>Posibilidad de ocurrencia de remociones en<\/strong><\/p>\n<p><strong>masa<\/strong><\/td>\n<\/tr>\n<tr>\n<td width=\"85\"><strong>22 agosto 12Z<\/strong><\/td>\n<td width=\"95\"><strong>23 agosto 12Z<\/strong><\/td>\n<td width=\"85\"><strong>24 agosto 12Z<\/strong><\/td>\n<\/tr>\n<tr>\n<td rowspan=\"8\" width=\"65\">Ays\u00e9n<\/td>\n<td width=\"133\"><strong>INSULAR NORTE<\/strong><\/td>\n<td width=\"85\">3-10<\/td>\n<td width=\"95\">\u22648<\/td>\n<td width=\"85\">20-45<\/td>\n<td width=\"123\"><strong>Baja<\/strong><\/td>\n<\/tr>\n<tr>\n<td width=\"133\"><strong>LITORAL INTERIOR NORTE<\/strong><\/td>\n<td width=\"85\">3-10 mm\/1-3 cm<\/td>\n<td width=\"95\">5-15mm\/\u22643cm<\/td>\n<td width=\"85\">40-60<\/td>\n<td width=\"123\"><strong>Baja<\/strong><\/td>\n<\/tr>\n<tr>\n<td width=\"133\"><strong>CORDILLERA<\/strong> <strong>AUSTRAL<\/strong><strong> NORTE<\/strong><\/td>\n<td width=\"85\">5-15 cm<\/td>\n<td width=\"95\">15-30cm<\/td>\n<td width=\"85\">15-30mm\/20-<\/p>\n<p>45cm<\/td>\n<td width=\"123\"><strong>Baja<\/strong><\/td>\n<\/tr>\n<tr>\n<td width=\"133\"><strong>PATAGONIA<\/strong><strong> SUBANDINA NORTE<\/strong><\/td>\n<td width=\"85\">\u22643mm\/\u2264 3cm<\/td>\n<td width=\"95\">\u22645mm\/\u22643cm<\/td>\n<td width=\"85\">20-45<\/td>\n<td width=\"123\"><strong>Moderada<\/strong><\/td>\n<\/tr>\n<tr>\n<td width=\"133\"><strong>INSULAR SUR<\/strong><\/td>\n<td width=\"85\">3-10mm\/\u22643cm<\/td>\n<td width=\"95\">3-10mm\/\u22643cm<\/td>\n<td width=\"85\">40-60<\/td>\n<td width=\"123\"><strong>Baja<\/strong><\/td>\n<\/tr>\n<tr>\n<td width=\"133\"><strong>CORDILLERA<\/strong> <strong>AUSTRAL<\/strong><strong> SUR<\/strong><\/td>\n<td width=\"85\">10-25 cm<\/td>\n<td width=\"95\">15-30cm<\/td>\n<td width=\"85\">40-60 cm<\/td>\n<td width=\"123\"><strong>Baja<\/strong><\/td>\n<\/tr>\n<tr>\n<td width=\"133\"><strong>PATAGONIA<\/strong><strong> SUBANDINA SUR<\/strong><\/td>\n<td width=\"85\">\u22643mm\/\u22643cm<\/td>\n<td width=\"95\">\u22643mm\/\u22643cm<\/td>\n<td width=\"85\">15-<\/p>\n<p>30mm\/\u22648cm<\/td>\n<td width=\"123\"><strong>Baja<\/strong><\/td>\n<\/tr>\n<tr>\n<td width=\"133\"><strong>Isoterma 0\u00b0C (m)<\/strong><\/td>\n<td width=\"85\">1000-200<\/td>\n<td width=\"95\">200-700<\/td>\n<td width=\"85\">700-1200<\/td>\n<td width=\"123\"><\/td>\n<\/tr>\n<\/tbody>\n<\/table>\n<p style=\"text-align: justify;\">A continuaci\u00f3n, se se\u00f1alan localidades y sectores donde han ocurrido eventos de remoci\u00f3n en masa y\/o presentan condiciones propicias de generaci\u00f3n, adem\u00e1s de recomendaciones generales.<\/p>\n<h1><span lang=\"ES\" style=\"font-size: 12pt;\">Provincia <span style=\"letter-spacing: -.2pt;\">Ays\u00e9n<\/span><\/span><\/h1>\n<ul style=\"text-align: justify;\">\n<li><strong>Cisnes<\/strong>: <strong>Paso Las Pulgas<\/strong>, Cerro Barros Arana Quinto Valle, <strong>Quebrada Cuatro Vientos en La Junta<\/strong>, <strong>sector Lago Risopatr\u00f3n <\/strong>(ruta 7), salida norte de<\/li>\n<li>Ays\u00e9n: Cerro Marchant, sector La Pancha, ruta X-528 camino Lago de los Palos, ruta X-550 camino a lago Riesco, t\u00fanel El Farell\u00f3n.<\/li>\n<\/ul>\n<h1 style=\"text-align: justify;\"><span style=\"font-size: 12pt;\">Provincia Coyhaique<\/span><\/h1>\n<ul style=\"text-align: justify;\">\n<li><strong>Lago Verde<\/strong>: Sector Lago Las Torres, sector La<\/li>\n<\/ul>\n<h1 style=\"text-align: justify;\"><span style=\"font-size: 12pt;\">Provincia General Carrera<\/span><\/h1>\n<ul style=\"text-align: justify;\">\n<li><strong>Chile Chico<\/strong>: Fachinal, <strong>paso Las Llaves<\/strong>, Cuesta el Mait\u00e9n (Puerto Guadal).<\/li>\n<li>R\u00edo Ib\u00e1\u00f1ez: Valle Exploradores (ruta X-728), Bah\u00eda Murta (ruta 7 antes de llegar a ruta X-731), sector La Candonga, Puerto R\u00edo Tranquilo (r\u00edo Chirifo).<\/li>\n<\/ul>\n<h1 style=\"text-align: justify;\"><span style=\"font-size: 12pt;\"><strong>Provincia Capit\u00e1n Prat<\/strong><\/span><\/h1>\n<ul>\n<li style=\"text-align: justify;\">Villa O&#8217;Higgins: Valle r\u00edo Mosco al sur de Villa O\u2019Higgins<\/li>\n<li style=\"text-align: justify;\">Sector el Vagabundo.<\/li>\n<\/ul>\n<\/div><\/section><\/div><div  style='height:50px' class='hr hr-invisible   avia-builder-el-6  el_after_av_one_full  el_before_av_social_share '><span class='hr-inner ' ><span class='hr-inner-style'><\/span><\/span><\/div><\/p>\n<div  class='av-social-sharing-box  avia-builder-el-7  el_after_av_hr  el_before_av_hr  '><div class='av-share-box'><h5 class='av-share-link-description av-no-toc '>Compartir esta noticia<\/h5><ul class='av-share-box-list noLightbox'><li class='av-share-link av-social-link-facebook' ><a target=\"_blank\" aria-label=\"Compartir en Facebook\" href='https:\/\/www.facebook.com\/sharer.php?u=https:\/\/radiorevelacionfm.cl\/?p=58109&#038;t=Emiten%20alerta%20por%20peligro%20de%20remoci%C3%B3n%20en%20masa%20para%20la%20regi%C3%B3n%20de%20Ays%C3%A9n' aria-hidden='false' data-av_icon='\ue8f3' data-av_iconfont='entypo-fontello' title='' data-avia-related-tooltip='Compartir en Facebook' rel=\"noopener\"><span class='avia_hidden_link_text'>Compartir en Facebook<\/span><\/a><\/li><li class='av-share-link av-social-link-twitter' ><a target=\"_blank\" aria-label=\"Compartir en Twitter\" href='https:\/\/twitter.com\/share?text=Emiten%20alerta%20por%20peligro%20de%20remoci%C3%B3n%20en%20masa%20para%20la%20regi%C3%B3n%20de%20Ays%C3%A9n&#038;url=https:\/\/radiorevelacionfm.cl\/?p=58109' aria-hidden='false' data-av_icon='\ue8f1' data-av_iconfont='entypo-fontello' title='' data-avia-related-tooltip='Compartir en Twitter' rel=\"noopener\"><span class='avia_hidden_link_text'>Compartir en Twitter<\/span><\/a><\/li><li class='av-share-link av-social-link-whatsapp' ><a target=\"_blank\" aria-label=\"Compartir en Whatsapp\" href='https:\/\/api.whatsapp.com\/send?text=https:\/\/radiorevelacionfm.cl\/?p=58109' aria-hidden='false' data-av_icon='\uf232' data-av_iconfont='entypo-fontello' title='' data-avia-related-tooltip='Compartir en Whatsapp' rel=\"noopener\"><span class='avia_hidden_link_text'>Compartir en Whatsapp<\/span><\/a><\/li><li class='av-share-link av-social-link-linkedin' ><a target=\"_blank\" aria-label=\"Compartir en LinkedIn\" href='https:\/\/linkedin.com\/shareArticle?mini=true&#038;title=Emiten%20alerta%20por%20peligro%20de%20remoci%C3%B3n%20en%20masa%20para%20la%20regi%C3%B3n%20de%20Ays%C3%A9n&#038;url=https:\/\/radiorevelacionfm.cl\/?p=58109' aria-hidden='false' data-av_icon='\ue8fc' data-av_iconfont='entypo-fontello' title='' data-avia-related-tooltip='Compartir en LinkedIn' rel=\"noopener\"><span class='avia_hidden_link_text'>Compartir en LinkedIn<\/span><\/a><\/li><li class='av-share-link av-social-link-mail' ><a  aria-label=\"Compartir por correo\" href='mailto:?subject=Emiten%20alerta%20por%20peligro%20de%20remoci%C3%B3n%20en%20masa%20para%20la%20regi%C3%B3n%20de%20Ays%C3%A9n&#038;body=https:\/\/radiorevelacionfm.cl\/?p=58109' aria-hidden='false' data-av_icon='\ue805' data-av_iconfont='entypo-fontello' title='' data-avia-related-tooltip='Compartir por correo'><span class='avia_hidden_link_text'>Compartir por correo<\/span><\/a><\/li><\/ul><\/div><\/div>\n<div  style='height:50px' class='hr hr-invisible   avia-builder-el-8  el_after_av_social_share  el_before_av_comments_list '><span class='hr-inner ' ><span class='hr-inner-style'><\/span><\/span><\/div>\n<div  class='av-buildercomment  av-blog-meta-html-info-disabled av-blog-meta-tag-disabled  '><\/div>\n","protected":false},"excerpt":{"rendered":"","protected":false},"author":1,"featured_media":5179,"comment_status":"closed","ping_status":"closed","sticky":false,"template":"","format":"standard","meta":{"footnotes":""},"categories":[38],"tags":[],"class_list":["post-58109","post","type-post","status-publish","format-standard","has-post-thumbnail","hentry","category-regional"],"jetpack_featured_media_url":"https:\/\/radiorevelacionfm.cl\/wp-content\/uploads\/2021\/06\/Derrumbe_Las-LLaves-2-1.jpg","_links":{"self":[{"href":"https:\/\/radiorevelacionfm.cl\/index.php?rest_route=\/wp\/v2\/posts\/58109","targetHints":{"allow":["GET"]}}],"collection":[{"href":"https:\/\/radiorevelacionfm.cl\/index.php?rest_route=\/wp\/v2\/posts"}],"about":[{"href":"https:\/\/radiorevelacionfm.cl\/index.php?rest_route=\/wp\/v2\/types\/post"}],"author":[{"embeddable":true,"href":"https:\/\/radiorevelacionfm.cl\/index.php?rest_route=\/wp\/v2\/users\/1"}],"replies":[{"embeddable":true,"href":"https:\/\/radiorevelacionfm.cl\/index.php?rest_route=%2Fwp%2Fv2%2Fcomments&post=58109"}],"version-history":[{"count":2,"href":"https:\/\/radiorevelacionfm.cl\/index.php?rest_route=\/wp\/v2\/posts\/58109\/revisions"}],"predecessor-version":[{"id":58111,"href":"https:\/\/radiorevelacionfm.cl\/index.php?rest_route=\/wp\/v2\/posts\/58109\/revisions\/58111"}],"wp:featuredmedia":[{"embeddable":true,"href":"https:\/\/radiorevelacionfm.cl\/index.php?rest_route=\/wp\/v2\/media\/5179"}],"wp:attachment":[{"href":"https:\/\/radiorevelacionfm.cl\/index.php?rest_route=%2Fwp%2Fv2%2Fmedia&parent=58109"}],"wp:term":[{"taxonomy":"category","embeddable":true,"href":"https:\/\/radiorevelacionfm.cl\/index.php?rest_route=%2Fwp%2Fv2%2Fcategories&post=58109"},{"taxonomy":"post_tag","embeddable":true,"href":"https:\/\/radiorevelacionfm.cl\/index.php?rest_route=%2Fwp%2Fv2%2Ftags&post=58109"}],"curies":[{"name":"wp","href":"https:\/\/api.w.org\/{rel}","templated":true}]}}