{"id":58105,"date":"2025-08-21T18:16:48","date_gmt":"2025-08-21T21:16:48","guid":{"rendered":"https:\/\/radiorevelacionfm.cl\/?p=58105"},"modified":"2025-08-21T18:16:48","modified_gmt":"2025-08-21T21:16:48","slug":"gobernador-marcelo-santana-impulsa-plan-integral-para-potenciar-la-agricultura-y-la-ganaderia","status":"publish","type":"post","link":"https:\/\/radiorevelacionfm.cl\/?p=58105","title":{"rendered":"Gobernador Marcelo Santana, impulsa plan integral para potenciar la agricultura y la ganader\u00eda"},"content":{"rendered":"<div class=\"flex_column av_one_full  flex_column_div av-zero-column-padding first  avia-builder-el-0  el_before_av_one_full  avia-builder-el-first  \" style='border-radius:0px; '><div  class='avia-image-container  av-styling-    avia-builder-el-1  avia-builder-el-no-sibling  avia-align-center '  itemprop=\"image\" itemscope=\"itemscope\" itemtype=\"https:\/\/schema.org\/ImageObject\"  ><div class='avia-image-container-inner'><div class='avia-image-overlay-wrap'><img decoding=\"async\" class='wp-image-58106 avia-img-lazy-loading-not-58106 avia_image' src=\"https:\/\/radiorevelacionfm.cl\/wp-content\/uploads\/2025\/08\/ays_n-campo-vivo-1-1_optimized.jpg\" alt='' title='ays_n-campo-vivo-(1)-(1)_optimized' height=\"600\" width=\"900\"  itemprop=\"thumbnailUrl\" srcset=\"https:\/\/radiorevelacionfm.cl\/wp-content\/uploads\/2025\/08\/ays_n-campo-vivo-1-1_optimized.jpg 900w, https:\/\/radiorevelacionfm.cl\/wp-content\/uploads\/2025\/08\/ays_n-campo-vivo-1-1_optimized-300x200.jpg 300w, https:\/\/radiorevelacionfm.cl\/wp-content\/uploads\/2025\/08\/ays_n-campo-vivo-1-1_optimized-768x512.jpg 768w, https:\/\/radiorevelacionfm.cl\/wp-content\/uploads\/2025\/08\/ays_n-campo-vivo-1-1_optimized-705x470.jpg 705w, https:\/\/radiorevelacionfm.cl\/wp-content\/uploads\/2025\/08\/ays_n-campo-vivo-1-1_optimized-450x300.jpg 450w, https:\/\/radiorevelacionfm.cl\/wp-content\/uploads\/2025\/08\/ays_n-campo-vivo-1-1_optimized-600x400.jpg 600w\" sizes=\"(max-width: 900px) 100vw, 900px\" \/><\/div><\/div><\/div><\/div><div class=\"flex_column av_one_full  flex_column_div av-zero-column-padding first  avia-builder-el-2  el_after_av_one_full  el_before_av_one_full  column-top-margin\" style='border-radius:0px; '><section class=\"av_textblock_section \"  itemscope=\"itemscope\" itemtype=\"https:\/\/schema.org\/BlogPosting\" itemprop=\"blogPost\" ><div class='avia_textblock  '   itemprop=\"text\" ><p style=\"text-align: center;\"><span style=\"font-size: 18pt;\"><strong>Gobernador Marcelo Santana, impulsa plan integral para potenciar la agricultura y la ganader\u00eda<\/strong><\/span><\/p>\n<div id=\"gtx-trans\" style=\"position: absolute; left: -50px; top: 4.31534px;\">\n<div class=\"gtx-trans-icon\"><\/div>\n<\/div>\n<\/div><\/section><\/div><div class=\"flex_column av_one_full  flex_column_div av-zero-column-padding first  avia-builder-el-4  el_after_av_one_full  el_before_av_hr  column-top-margin\" style='border-radius:0px; '><section class=\"av_textblock_section \"  itemscope=\"itemscope\" itemtype=\"https:\/\/schema.org\/BlogPosting\" itemprop=\"blogPost\" ><div class='avia_textblock  '   itemprop=\"text\" ><p style=\"text-align: justify;\">Se trata del Plan Ays\u00e9n Campo Vivo que se enmarca en su estrategia\u00a0\u00a0 de impulsar la reactivaci\u00f3n econ\u00f3mica de la Regi\u00f3n de Ays\u00e9n. El plan incluye un aporte estimado de\u00a0 15 mil millones de pesos en tres a\u00f1os.<\/p>\n<p style=\"text-align: justify;\">Con el prop\u00f3sito de recuperar la fuerza productiva y cultural del campo patag\u00f3n, el gobernador regional de Ays\u00e9n, Marcelo Santana Vargas, anunci\u00f3 la creaci\u00f3n del Plan Ays\u00e9n Campo Vivo, un programa integral que busca impulsar la reactivaci\u00f3n econ\u00f3mica de la Regi\u00f3n de Ays\u00e9n y potenciar la productividad de la actividad agropecuaria.<\/p>\n<p style=\"text-align: justify;\">Con el objetivo de dar a conocer este plan e invitar a la comunidad a participar en su elaboraci\u00f3n, planteando los desaf\u00edos e inquietudes de quienes se dedican a estas actividades, el gobernador Marcelo Santana Vargas y los consejeros de la Comisi\u00f3n de Fomento Productivo del Consejo Regional de Ays\u00e9n, se trasladaron a las localidades de La Junta y Lago Verde para sesionar y abordar estas tem\u00e1ticas.<\/p>\n<p style=\"text-align: justify;\"><strong>Un campo que necesita revitalizarse<\/strong><\/p>\n<p style=\"text-align: justify;\">En conversaci\u00f3n con medios locales, el gobernador Marcelo Santana enfatiz\u00f3 la necesidad de desarrollar programas que impulsen las actividades productivas del campo: \u201cLa agricultura en Ays\u00e9n representaba m\u00e1s del 10% de la actividad productiva, y hoy apenas llega al 5%. Hemos visto c\u00f3mo se reducen los reba\u00f1os, c\u00f3mo el campo envejece y pierde vigor. Pero tambi\u00e9n vemos esperanza: una comunidad rural organizada, mujeres liderando procesos en turismo y producci\u00f3n, y j\u00f3venes que a\u00fan pueden ser motivados a quedarse o volver al campo. Para eso necesitamos una estrategia clara y sostenida en el tiempo, y esa estrategia se llama Ays\u00e9n Campo Vivo\u201d, se\u00f1al\u00f3.<\/p>\n<p style=\"text-align: justify;\">En la misma l\u00ednea, el consejero regional que preside la Comisi\u00f3n de Fomento Productivo, Eligio Montecinos, destac\u00f3 la aprobaci\u00f3n de recursos para el sector cercanos a los 700 millones de pesos, dirigidos a la capacitaci\u00f3n de productores locales para postular a fondos que les permitan potenciar sus negocios: \u201cReplicamos el esp\u00edritu de apoyo a la ruralidad con este programa, porque Lago Verde tiene m\u00e1s de cien a\u00f1os de historia ligada a la ganader\u00eda, y hoy vemos c\u00f3mo ha pasado de contar con 12 mil ovejas a apenas 300. Esto refleja la falta de apoyo y los errores en pol\u00edticas sectoriales que no han sabido responder a las verdaderas necesidades de nuestros campesinos y con el Programa Campo Vivo, se podr\u00e1 destinar recursos sin tanta burocracia administrativa\u201d, afirm\u00f3.<\/p>\n<p style=\"text-align: justify;\"><strong>Inversi\u00f3n y ejes estrat\u00e9gicos<\/strong><\/p>\n<p style=\"text-align: justify;\">El programa contempla una inversi\u00f3n estimada de 15 mil millones de pesos en los pr\u00f3ximos tres a\u00f1os, canalizados a trav\u00e9s de los municipios de la regi\u00f3n e instituciones como el Instituto de Desarrollo Agropecuario (INDAP), el Servicio Agr\u00edcola y Ganadero (SAG) y Sercotec.<\/p>\n<p style=\"text-align: justify;\">Estos recursos estar\u00e1n orientados a fortalecer la producci\u00f3n agr\u00edcola y ganadera, promover el turismo rural, impulsar la siembra de frutales menores como frambuesas y frutillas, y abrir nuevas oportunidades de diversificaci\u00f3n productiva.<\/p>\n<p style=\"text-align: justify;\">Asimismo, se busca motivar a la juventud rural mediante un sistema de becas e incentivos que les permita especializarse, incluso con experiencias internacionales en pa\u00edses referentes en ganader\u00eda y turismo rural.<\/p>\n<p style=\"text-align: justify;\">Otro de los pilares del programa ser\u00e1 la inversi\u00f3n en infraestructura, con \u00e9nfasis en la mejora de caminos vecinales, el acceso a conectividad digital y a servicios b\u00e1sicos como electricidad, fundamentales para que las familias puedan proyectar su vida en el campo. Finalmente, se contempla la innovaci\u00f3n en sectores que hoy enfrentan serias dificultades, como el mercado de la lana, para dar sostenibilidad a rubros que forman parte de la identidad productiva de Ays\u00e9n.<\/p>\n<p style=\"text-align: justify;\"><strong>Una mirada al futuro de Ays\u00e9n<\/strong><\/p>\n<p style=\"text-align: justify;\">El gobernador regional de Ays\u00e9n, Marcelo Santana Vargas, recalc\u00f3 que el programa no busca ser un esfuerzo aislado, sino un instrumento permanente: \u201cNo nos sirve un proyecto que dure un a\u00f1o y desaparezca. Queremos un programa estable, capaz de sostener la vida rural por muchas d\u00e9cadas. El campo es parte esencial de nuestra identidad, de nuestras tradiciones y de nuestro futuro. Ays\u00e9n Campo Vivo es nuestra manera de reencontrarnos con ese patrimonio y proyectarlo hacia adelante\u201d.<\/p>\n<p style=\"text-align: justify;\">El traslado del trabajo de las comisiones del Consejo Regional, a diversas localidades de la regi\u00f3n, para sesionar fuera del hemiciclo es parte de la estrategia de descentralizaci\u00f3n y reafirma el compromiso del Gobierno Regional con el trabajo en terreno y el contacto con las habitantes, haci\u00e9ndolos part\u00edcipes en la elaboraci\u00f3n de programas y planes.<\/p>\n<\/div><\/section><\/div><div  style='height:50px' class='hr hr-invisible   avia-builder-el-6  el_after_av_one_full  el_before_av_social_share '><span class='hr-inner ' ><span class='hr-inner-style'><\/span><\/span><\/div><\/p>\n<div  class='av-social-sharing-box  avia-builder-el-7  el_after_av_hr  el_before_av_hr  '><div class='av-share-box'><h5 class='av-share-link-description av-no-toc '>Compartir esta noticia<\/h5><ul class='av-share-box-list noLightbox'><li class='av-share-link av-social-link-facebook' ><a target=\"_blank\" aria-label=\"Compartir en Facebook\" href='https:\/\/www.facebook.com\/sharer.php?u=https:\/\/radiorevelacionfm.cl\/?p=58105&#038;t=Gobernador%20Marcelo%20Santana%2C%20impulsa%20plan%20integral%20para%20potenciar%20la%20agricultura%20y%20la%20ganader%C3%ADa' aria-hidden='false' data-av_icon='\ue8f3' data-av_iconfont='entypo-fontello' title='' data-avia-related-tooltip='Compartir en Facebook' rel=\"noopener\"><span class='avia_hidden_link_text'>Compartir en Facebook<\/span><\/a><\/li><li class='av-share-link av-social-link-twitter' ><a target=\"_blank\" aria-label=\"Compartir en Twitter\" href='https:\/\/twitter.com\/share?text=Gobernador%20Marcelo%20Santana%2C%20impulsa%20plan%20integral%20para%20potenciar%20la%20agricultura%20y%20la%20ganader%C3%ADa&#038;url=https:\/\/radiorevelacionfm.cl\/?p=58105' aria-hidden='false' data-av_icon='\ue8f1' data-av_iconfont='entypo-fontello' title='' data-avia-related-tooltip='Compartir en Twitter' rel=\"noopener\"><span class='avia_hidden_link_text'>Compartir en Twitter<\/span><\/a><\/li><li class='av-share-link av-social-link-whatsapp' ><a target=\"_blank\" aria-label=\"Compartir en Whatsapp\" href='https:\/\/api.whatsapp.com\/send?text=https:\/\/radiorevelacionfm.cl\/?p=58105' aria-hidden='false' data-av_icon='\uf232' data-av_iconfont='entypo-fontello' title='' data-avia-related-tooltip='Compartir en Whatsapp' rel=\"noopener\"><span class='avia_hidden_link_text'>Compartir en Whatsapp<\/span><\/a><\/li><li class='av-share-link av-social-link-linkedin' ><a target=\"_blank\" aria-label=\"Compartir en LinkedIn\" href='https:\/\/linkedin.com\/shareArticle?mini=true&#038;title=Gobernador%20Marcelo%20Santana%2C%20impulsa%20plan%20integral%20para%20potenciar%20la%20agricultura%20y%20la%20ganader%C3%ADa&#038;url=https:\/\/radiorevelacionfm.cl\/?p=58105' aria-hidden='false' data-av_icon='\ue8fc' data-av_iconfont='entypo-fontello' title='' data-avia-related-tooltip='Compartir en LinkedIn' rel=\"noopener\"><span class='avia_hidden_link_text'>Compartir en LinkedIn<\/span><\/a><\/li><li class='av-share-link av-social-link-mail' ><a  aria-label=\"Compartir por correo\" href='mailto:?subject=Gobernador%20Marcelo%20Santana%2C%20impulsa%20plan%20integral%20para%20potenciar%20la%20agricultura%20y%20la%20ganader%C3%ADa&#038;body=https:\/\/radiorevelacionfm.cl\/?p=58105' aria-hidden='false' data-av_icon='\ue805' data-av_iconfont='entypo-fontello' title='' data-avia-related-tooltip='Compartir por correo'><span class='avia_hidden_link_text'>Compartir por correo<\/span><\/a><\/li><\/ul><\/div><\/div>\n<div  style='height:50px' class='hr hr-invisible   avia-builder-el-8  el_after_av_social_share  el_before_av_comments_list '><span class='hr-inner ' ><span class='hr-inner-style'><\/span><\/span><\/div>\n<div  class='av-buildercomment  av-blog-meta-html-info-disabled av-blog-meta-tag-disabled  '><\/div>\n","protected":false},"excerpt":{"rendered":"","protected":false},"author":1,"featured_media":58106,"comment_status":"closed","ping_status":"closed","sticky":false,"template":"","format":"standard","meta":{"footnotes":""},"categories":[38],"tags":[],"class_list":["post-58105","post","type-post","status-publish","format-standard","has-post-thumbnail","hentry","category-regional"],"jetpack_featured_media_url":"https:\/\/radiorevelacionfm.cl\/wp-content\/uploads\/2025\/08\/ays_n-campo-vivo-1-1_optimized.jpg","_links":{"self":[{"href":"https:\/\/radiorevelacionfm.cl\/index.php?rest_route=\/wp\/v2\/posts\/58105","targetHints":{"allow":["GET"]}}],"collection":[{"href":"https:\/\/radiorevelacionfm.cl\/index.php?rest_route=\/wp\/v2\/posts"}],"about":[{"href":"https:\/\/radiorevelacionfm.cl\/index.php?rest_route=\/wp\/v2\/types\/post"}],"author":[{"embeddable":true,"href":"https:\/\/radiorevelacionfm.cl\/index.php?rest_route=\/wp\/v2\/users\/1"}],"replies":[{"embeddable":true,"href":"https:\/\/radiorevelacionfm.cl\/index.php?rest_route=%2Fwp%2Fv2%2Fcomments&post=58105"}],"version-history":[{"count":2,"href":"https:\/\/radiorevelacionfm.cl\/index.php?rest_route=\/wp\/v2\/posts\/58105\/revisions"}],"predecessor-version":[{"id":58132,"href":"https:\/\/radiorevelacionfm.cl\/index.php?rest_route=\/wp\/v2\/posts\/58105\/revisions\/58132"}],"wp:featuredmedia":[{"embeddable":true,"href":"https:\/\/radiorevelacionfm.cl\/index.php?rest_route=\/wp\/v2\/media\/58106"}],"wp:attachment":[{"href":"https:\/\/radiorevelacionfm.cl\/index.php?rest_route=%2Fwp%2Fv2%2Fmedia&parent=58105"}],"wp:term":[{"taxonomy":"category","embeddable":true,"href":"https:\/\/radiorevelacionfm.cl\/index.php?rest_route=%2Fwp%2Fv2%2Fcategories&post=58105"},{"taxonomy":"post_tag","embeddable":true,"href":"https:\/\/radiorevelacionfm.cl\/index.php?rest_route=%2Fwp%2Fv2%2Ftags&post=58105"}],"curies":[{"name":"wp","href":"https:\/\/api.w.org\/{rel}","templated":true}]}}