{"id":58099,"date":"2025-08-21T11:00:48","date_gmt":"2025-08-21T14:00:48","guid":{"rendered":"https:\/\/radiorevelacionfm.cl\/?p=58099"},"modified":"2025-08-21T11:00:48","modified_gmt":"2025-08-21T14:00:48","slug":"mop-aysen-refuerza-medidas-de-seguridad-por-situacion-del-puente-yelcho","status":"publish","type":"post","link":"https:\/\/radiorevelacionfm.cl\/?p=58099","title":{"rendered":"MOP Ays\u00e9n refuerza medidas de seguridad por situaci\u00f3n del Puente Yelcho"},"content":{"rendered":"<div class=\"flex_column av_one_full  flex_column_div av-zero-column-padding first  avia-builder-el-0  el_before_av_one_full  avia-builder-el-first  \" style='border-radius:0px; '><div  class='avia-image-container  av-styling-    avia-builder-el-1  avia-builder-el-no-sibling  avia-align-center '  itemprop=\"image\" itemscope=\"itemscope\" itemtype=\"https:\/\/schema.org\/ImageObject\"  ><div class='avia-image-container-inner'><div class='avia-image-overlay-wrap'><img decoding=\"async\" class='wp-image-58100 avia-img-lazy-loading-not-58100 avia_image' src=\"https:\/\/radiorevelacionfm.cl\/wp-content\/uploads\/2025\/08\/puente-yelcho-1_optimized-1.jpg\" alt='' title='puente-yelcho-(1)_optimized (1)' height=\"600\" width=\"800\"  itemprop=\"thumbnailUrl\" srcset=\"https:\/\/radiorevelacionfm.cl\/wp-content\/uploads\/2025\/08\/puente-yelcho-1_optimized-1.jpg 800w, https:\/\/radiorevelacionfm.cl\/wp-content\/uploads\/2025\/08\/puente-yelcho-1_optimized-1-300x225.jpg 300w, https:\/\/radiorevelacionfm.cl\/wp-content\/uploads\/2025\/08\/puente-yelcho-1_optimized-1-768x576.jpg 768w, https:\/\/radiorevelacionfm.cl\/wp-content\/uploads\/2025\/08\/puente-yelcho-1_optimized-1-705x529.jpg 705w, https:\/\/radiorevelacionfm.cl\/wp-content\/uploads\/2025\/08\/puente-yelcho-1_optimized-1-450x338.jpg 450w, https:\/\/radiorevelacionfm.cl\/wp-content\/uploads\/2025\/08\/puente-yelcho-1_optimized-1-600x450.jpg 600w\" sizes=\"(max-width: 800px) 100vw, 800px\" \/><\/div><\/div><\/div><\/div><div class=\"flex_column av_one_full  flex_column_div av-zero-column-padding first  avia-builder-el-2  el_after_av_one_full  el_before_av_one_full  column-top-margin\" style='border-radius:0px; '><section class=\"av_textblock_section \"  itemscope=\"itemscope\" itemtype=\"https:\/\/schema.org\/BlogPosting\" itemprop=\"blogPost\" ><div class='avia_textblock  '   itemprop=\"text\" ><p style=\"text-align: center;\"><strong><span style=\"font-size: 18pt;\">MOP Ays\u00e9n refuerza medidas de seguridad por situaci\u00f3n del Puente Yelcho<\/span><\/strong><\/p>\n<div id=\"gtx-trans\" style=\"position: absolute; left: -50px; top: 4.31534px;\">\n<div class=\"gtx-trans-icon\"><\/div>\n<\/div>\n<\/div><\/section><\/div><div class=\"flex_column av_one_full  flex_column_div av-zero-column-padding first  avia-builder-el-4  el_after_av_one_full  el_before_av_hr  column-top-margin\" style='border-radius:0px; '><section class=\"av_textblock_section \"  itemscope=\"itemscope\" itemtype=\"https:\/\/schema.org\/BlogPosting\" itemprop=\"blogPost\" ><div class='avia_textblock  '   itemprop=\"text\" ><p style=\"text-align: justify;\">La seremi de Obras P\u00fablicas en la Regi\u00f3n de Ays\u00e9n, Paloma Jara Vald\u00e9s, se refiri\u00f3 a la situaci\u00f3n del Puente Yelcho, infraestructura clave de la Carretera Austral ubicada en la Regi\u00f3n de Los Lagos, cuya seguridad ha sido puesta bajo especial monitoreo luego del corte de uno de sus tirantes. Seg\u00fan la autoridad regional del MOP la capacidad estructural del puente no est\u00e1 comprometida y adem\u00e1s se est\u00e1n tomando una serie de medidas para la seguridad de los usuarios.<\/p>\n<p style=\"text-align: justify;\">\u201cQuiero ser muy clara: el puente mantiene sus condiciones de seguridad. Fue dise\u00f1ado para soportar 32 toneladas a 20 kil\u00f3metros por hora, y ese est\u00e1ndar se mantiene vigente. Un equipo especializado del nivel central ya inspeccion\u00f3 la estructura con equipamiento t\u00e9cnico, confirmando que no existen riesgos de colapso\u201d, se\u00f1al\u00f3.<\/p>\n<p style=\"text-align: justify;\">La autoridad record\u00f3 que el dise\u00f1o del puente contempla escenarios de contingencia los que modelaron que con el corte de uno de los tirantes, la estructura no presenta riesgo. \u201cDe presentarse un segundo corte, se aplicar\u00edan nuevas restricciones. Mientras tanto, el tr\u00e1nsito permitido es de 32 toneladas, a 20 kil\u00f3metros por hora, y debe ser respetado rigurosamente\u201d, agreg\u00f3.<\/p>\n<p style=\"text-align: justify;\">Adem\u00e1s, la seremi adelant\u00f3 que, en coordinaci\u00f3n con la Direcci\u00f3n Regional de Vialidad de Los Lagos, se reforzar\u00e1n las medidas de control, como el pesaje obligatorio para el transporte de carga en la Regi\u00f3n de Los Lagos, y se eval\u00faa instalar un segundo control en la Regi\u00f3n de Ays\u00e9n; el control del tr\u00e1nsito a trav\u00e9s del trabajo de banderilleros en el puente, permitiendo el paso de un cami\u00f3n a la vez, y mayor fiscalizaci\u00f3n de Carabineros para el control de peso y velocidad de camiones.<\/p>\n<p style=\"text-align: justify;\">\u201cEsto implica responsabilidad compartida: de los transportistas que transitan desde el norte, pero tambi\u00e9n de nuestros propios camioneros. Si no se respetan las cargas y velocidades, se pone en riesgo la seguridad de todos. Y en esto quiero ser enf\u00e1tica: el MOP jam\u00e1s autorizar\u00e1 el tr\u00e1nsito por una infraestructura que represente peligro para la vida humana\u201d, afirm\u00f3 Jara.<\/p>\n<p style=\"text-align: justify;\">La autoridad recalc\u00f3 el llamado a la calma y a la responsabilidad ciudadana: \u201cEl puente Yelcho sigue siendo seguro, pero requiere disciplina en su uso. Pedimos a la comunidad y a los conductores acatar la se\u00f1alizaci\u00f3n y las restricciones vigentes, porque de ello depende resguardar la conectividad hacia el sur y la seguridad de las personas\u201d.<\/p>\n<\/div><\/section><\/div><div  style='height:50px' class='hr hr-invisible   avia-builder-el-6  el_after_av_one_full  el_before_av_social_share '><span class='hr-inner ' ><span class='hr-inner-style'><\/span><\/span><\/div><\/p>\n<div  class='av-social-sharing-box  avia-builder-el-7  el_after_av_hr  el_before_av_hr  '><div class='av-share-box'><h5 class='av-share-link-description av-no-toc '>Compartir esta noticia<\/h5><ul class='av-share-box-list noLightbox'><li class='av-share-link av-social-link-facebook' ><a target=\"_blank\" aria-label=\"Compartir en Facebook\" href='https:\/\/www.facebook.com\/sharer.php?u=https:\/\/radiorevelacionfm.cl\/?p=58099&#038;t=MOP%20Ays%C3%A9n%20refuerza%20medidas%20de%20seguridad%20por%20situaci%C3%B3n%20del%20Puente%20Yelcho' aria-hidden='false' data-av_icon='\ue8f3' data-av_iconfont='entypo-fontello' title='' data-avia-related-tooltip='Compartir en Facebook' rel=\"noopener\"><span class='avia_hidden_link_text'>Compartir en Facebook<\/span><\/a><\/li><li class='av-share-link av-social-link-twitter' ><a target=\"_blank\" aria-label=\"Compartir en Twitter\" href='https:\/\/twitter.com\/share?text=MOP%20Ays%C3%A9n%20refuerza%20medidas%20de%20seguridad%20por%20situaci%C3%B3n%20del%20Puente%20Yelcho&#038;url=https:\/\/radiorevelacionfm.cl\/?p=58099' aria-hidden='false' data-av_icon='\ue8f1' data-av_iconfont='entypo-fontello' title='' data-avia-related-tooltip='Compartir en Twitter' rel=\"noopener\"><span class='avia_hidden_link_text'>Compartir en Twitter<\/span><\/a><\/li><li class='av-share-link av-social-link-whatsapp' ><a target=\"_blank\" aria-label=\"Compartir en Whatsapp\" href='https:\/\/api.whatsapp.com\/send?text=https:\/\/radiorevelacionfm.cl\/?p=58099' aria-hidden='false' data-av_icon='\uf232' data-av_iconfont='entypo-fontello' title='' data-avia-related-tooltip='Compartir en Whatsapp' rel=\"noopener\"><span class='avia_hidden_link_text'>Compartir en Whatsapp<\/span><\/a><\/li><li class='av-share-link av-social-link-linkedin' ><a target=\"_blank\" aria-label=\"Compartir en LinkedIn\" href='https:\/\/linkedin.com\/shareArticle?mini=true&#038;title=MOP%20Ays%C3%A9n%20refuerza%20medidas%20de%20seguridad%20por%20situaci%C3%B3n%20del%20Puente%20Yelcho&#038;url=https:\/\/radiorevelacionfm.cl\/?p=58099' aria-hidden='false' data-av_icon='\ue8fc' data-av_iconfont='entypo-fontello' title='' data-avia-related-tooltip='Compartir en LinkedIn' rel=\"noopener\"><span class='avia_hidden_link_text'>Compartir en LinkedIn<\/span><\/a><\/li><li class='av-share-link av-social-link-mail' ><a  aria-label=\"Compartir por correo\" href='mailto:?subject=MOP%20Ays%C3%A9n%20refuerza%20medidas%20de%20seguridad%20por%20situaci%C3%B3n%20del%20Puente%20Yelcho&#038;body=https:\/\/radiorevelacionfm.cl\/?p=58099' aria-hidden='false' data-av_icon='\ue805' data-av_iconfont='entypo-fontello' title='' data-avia-related-tooltip='Compartir por correo'><span class='avia_hidden_link_text'>Compartir por correo<\/span><\/a><\/li><\/ul><\/div><\/div>\n<div  style='height:50px' class='hr hr-invisible   avia-builder-el-8  el_after_av_social_share  el_before_av_comments_list '><span class='hr-inner ' ><span class='hr-inner-style'><\/span><\/span><\/div>\n<div  class='av-buildercomment  av-blog-meta-html-info-disabled av-blog-meta-tag-disabled  '><\/div>\n","protected":false},"excerpt":{"rendered":"","protected":false},"author":1,"featured_media":58100,"comment_status":"closed","ping_status":"closed","sticky":false,"template":"","format":"standard","meta":{"footnotes":""},"categories":[38],"tags":[],"class_list":["post-58099","post","type-post","status-publish","format-standard","has-post-thumbnail","hentry","category-regional"],"jetpack_featured_media_url":"https:\/\/radiorevelacionfm.cl\/wp-content\/uploads\/2025\/08\/puente-yelcho-1_optimized-1.jpg","_links":{"self":[{"href":"https:\/\/radiorevelacionfm.cl\/index.php?rest_route=\/wp\/v2\/posts\/58099","targetHints":{"allow":["GET"]}}],"collection":[{"href":"https:\/\/radiorevelacionfm.cl\/index.php?rest_route=\/wp\/v2\/posts"}],"about":[{"href":"https:\/\/radiorevelacionfm.cl\/index.php?rest_route=\/wp\/v2\/types\/post"}],"author":[{"embeddable":true,"href":"https:\/\/radiorevelacionfm.cl\/index.php?rest_route=\/wp\/v2\/users\/1"}],"replies":[{"embeddable":true,"href":"https:\/\/radiorevelacionfm.cl\/index.php?rest_route=%2Fwp%2Fv2%2Fcomments&post=58099"}],"version-history":[{"count":2,"href":"https:\/\/radiorevelacionfm.cl\/index.php?rest_route=\/wp\/v2\/posts\/58099\/revisions"}],"predecessor-version":[{"id":58104,"href":"https:\/\/radiorevelacionfm.cl\/index.php?rest_route=\/wp\/v2\/posts\/58099\/revisions\/58104"}],"wp:featuredmedia":[{"embeddable":true,"href":"https:\/\/radiorevelacionfm.cl\/index.php?rest_route=\/wp\/v2\/media\/58100"}],"wp:attachment":[{"href":"https:\/\/radiorevelacionfm.cl\/index.php?rest_route=%2Fwp%2Fv2%2Fmedia&parent=58099"}],"wp:term":[{"taxonomy":"category","embeddable":true,"href":"https:\/\/radiorevelacionfm.cl\/index.php?rest_route=%2Fwp%2Fv2%2Fcategories&post=58099"},{"taxonomy":"post_tag","embeddable":true,"href":"https:\/\/radiorevelacionfm.cl\/index.php?rest_route=%2Fwp%2Fv2%2Ftags&post=58099"}],"curies":[{"name":"wp","href":"https:\/\/api.w.org\/{rel}","templated":true}]}}