{"id":58096,"date":"2025-08-21T10:42:16","date_gmt":"2025-08-21T13:42:16","guid":{"rendered":"https:\/\/radiorevelacionfm.cl\/?p=58096"},"modified":"2025-08-21T10:45:52","modified_gmt":"2025-08-21T13:45:52","slug":"en-historica-jornada-radio-madre-de-la-divina-providencia-madipro-97-1-fm-de-caleta-tortel-reinicia-transmisiones","status":"publish","type":"post","link":"https:\/\/radiorevelacionfm.cl\/?p=58096","title":{"rendered":"En hist\u00f3rica jornada, Radio Madre de la Divina Providencia, Madripro 97.1 Fm de Caleta Tortel, reinicia transmisiones"},"content":{"rendered":"<div class=\"flex_column av_one_full  flex_column_div av-zero-column-padding first  avia-builder-el-0  el_before_av_one_full  avia-builder-el-first  \" style='border-radius:0px; '><div  class='avia-image-container  av-styling-    avia-builder-el-1  avia-builder-el-no-sibling  avia-align-center '  itemprop=\"image\" itemscope=\"itemscope\" itemtype=\"https:\/\/schema.org\/ImageObject\"  ><div class='avia-image-container-inner'><div class='avia-image-overlay-wrap'><img decoding=\"async\" class='wp-image-58097 avia-img-lazy-loading-not-58097 avia_image' src=\"https:\/\/radiorevelacionfm.cl\/wp-content\/uploads\/2025\/08\/dsc_0147-2_optimized.jpg\" alt='' title='dsc_0147-(2)_optimized' height=\"600\" width=\"903\"  itemprop=\"thumbnailUrl\" srcset=\"https:\/\/radiorevelacionfm.cl\/wp-content\/uploads\/2025\/08\/dsc_0147-2_optimized.jpg 903w, https:\/\/radiorevelacionfm.cl\/wp-content\/uploads\/2025\/08\/dsc_0147-2_optimized-300x199.jpg 300w, https:\/\/radiorevelacionfm.cl\/wp-content\/uploads\/2025\/08\/dsc_0147-2_optimized-768x510.jpg 768w, https:\/\/radiorevelacionfm.cl\/wp-content\/uploads\/2025\/08\/dsc_0147-2_optimized-705x468.jpg 705w, https:\/\/radiorevelacionfm.cl\/wp-content\/uploads\/2025\/08\/dsc_0147-2_optimized-450x299.jpg 450w, https:\/\/radiorevelacionfm.cl\/wp-content\/uploads\/2025\/08\/dsc_0147-2_optimized-600x399.jpg 600w\" sizes=\"(max-width: 903px) 100vw, 903px\" \/><\/div><\/div><\/div><\/div>\n<div class=\"flex_column av_one_full  flex_column_div av-zero-column-padding first  avia-builder-el-2  el_after_av_one_full  el_before_av_one_full  column-top-margin\" style='border-radius:0px; '><section class=\"av_textblock_section \"  itemscope=\"itemscope\" itemtype=\"https:\/\/schema.org\/BlogPosting\" itemprop=\"blogPost\" ><div class='avia_textblock  '   itemprop=\"text\" ><p style=\"font-weight: 400; text-align: center;\"><span style=\"font-size: 18pt;\"><strong>En hist\u00f3rica jornada, Radio Madre de la Divina Providencia, <\/strong><strong>Madipro 97.1 Fm de Caleta Tortel, reinicia transmisiones<\/strong><\/span><\/p>\n<div id=\"gtx-trans\" style=\"position: absolute; left: -50px; top: 4.31534px;\">\n<div class=\"gtx-trans-icon\"><\/div>\n<\/div>\n<\/div><\/section><\/div><div class=\"flex_column av_one_full  flex_column_div av-zero-column-padding first  avia-builder-el-4  el_after_av_one_full  el_before_av_hr  column-top-margin\" style='border-radius:0px; '><section class=\"av_textblock_section \"  itemscope=\"itemscope\" itemtype=\"https:\/\/schema.org\/BlogPosting\" itemprop=\"blogPost\" ><div class='avia_textblock  '   itemprop=\"text\" ><div>\n<p style=\"text-align: justify;\">Tras la regularizaci\u00f3n t\u00e9cnica de la subsecretar\u00eda de Telecomunicaciones, la radioemisora vuelve a transmitir en la localidad, a trav\u00e9s de un convenio entre la municipalidad de Tortel y el Vicariato Apost\u00f3lico de Ays\u00e9n.<\/p>\n<p style=\"text-align: justify;\">Un significativo avance en Telecomunicaciones se vivi\u00f3 este 20 de agosto en Caleta Tortel, en donde se volvieron a encender los transmisores de MADIPRO 97.1 FM., Radio Madre de la Divina Providencia. De esta forma se cumple con el objetivo de abrir un medio de comunicaci\u00f3n en la zona, y la importancia de llegar con informaci\u00f3n de inter\u00e9s a una mayor cantidad de sus habitantes. El a\u00f1o pasado, la Municipalidad de Tortel inici\u00f3 las gestiones con la Subsecretaria de Telecomunicaciones (SUBTEL) para renovar los permisos y los requerimientos necesarios para lograr la reapertura de la radioemisora, fundada el 11 de octubre de 1983 por el sacerdote Antonio Ronchi.<\/p>\n<p style=\"text-align: justify;\">De igual manera, la autoridad comunal suscribi\u00f3 un convenio con el Vicariato Apost\u00f3lico de Ays\u00e9n a trav\u00e9s de la radio regional Santa Mar\u00eda, con el fin de dar continuidad, solidez y apoyo t\u00e9cnico a MADIPRO en sus labores de difusi\u00f3n y programaci\u00f3n.<\/p>\n<p style=\"text-align: justify;\">As\u00ed fue como en una emotiva jornada, autoridades regionales, comunales, dirigentes, vecinas y vecinos asistieron a la primera transmisi\u00f3n en vivo de la reestrenada radio comunal. El seremiTT Hans Zimmermann explic\u00f3 la labor de la SUBTEL en la fiscalizaci\u00f3n de radioemisoras para que puedan entregar un buen servicio a los oyentes: \u201cSe hizo esta supervisi\u00f3n t\u00e9cnica en lo que compete a la evaluaci\u00f3n de los equipos y de la frecuencia que va a ser utilizada para la transmisi\u00f3n de la radiodifusi\u00f3n sonora. La radio juega un rol fundamental en la Regi\u00f3n de Ays\u00e9n, Es parte de la historia del desarrollo de nuestras comunidades, es parte del desarrollo de nuestra misma regi\u00f3n. Este es un d\u00eda hist\u00f3rico y muy importante, y queremos enviarle nuestras felicitaciones a los vecinos y vecinas de Caleta Tortel, y que aprovechen la radio y que la escuchen\u201d.<\/p>\n<p style=\"text-align: justify;\">Desde el municipio la alcaldesa Marisela Jim\u00e9nez manifest\u00f3 su gran alegr\u00eda por este esperado logro para tortelinas y tortelinos. \u201cEste es un requerimiento que ellos hicieron. Como alcaldesa, junto al concejo; empezamos a generar todas las instancias, para poder reactivar nuestra radio comunal, hasta que llegamos a contactarnos con el director de Radio Santa Mar\u00eda. Tambi\u00e9n tuvimos conversaciones con el seremi de Transportes y Telecomunicaciones, viendo c\u00f3mo pod\u00edamos echar a andar nuestra radio FM comunal, con el Vicariato, hasta que logramos y concretamos un convenio de colaboraci\u00f3n entre la municipalidad, el Vicariato Apost\u00f3lico de Ays\u00e9n y Radio Santa Mar\u00eda. Hoy d\u00eda podemos ya estar al aire, con recepci\u00f3n tambi\u00e9n de la SUBTEL, la Radio Santa Mar\u00eda y tambi\u00e9n un espacio de programaci\u00f3n municipal\u201d, relat\u00f3 la edil.<\/p>\n<p style=\"text-align: justify;\">El obispo de Ays\u00e9n, Luis Infanti, encabezando el Vicariato, declar\u00f3 que con esta reapertura de MADIPRO, se da continuidad al legado del fallecido \u201ccura Ronchi\u201d; fundador de la radio y art\u00edfice de la comunicaci\u00f3n radial, sobre todo en zonas aisladas de Ays\u00e9n. Adem\u00e1s rindi\u00f3 homenaje a pasados directores de este medio, como Ismael Mellado, Hern\u00e1n Obando y a Delf\u00edn Vel\u00e1squez, destacados miembros de la localidad que se comprometieron con la radiodifusi\u00f3n en el territorio. \u201cConfiamos que sea un medio para fortalecer la comuni\u00f3n, la responsabilidad, las iniciativas que surjan aqu\u00ed en Caleta Tortel, para hacer a este pueblo m\u00e1s grato, m\u00e1s acogedor, m\u00e1s fraterno. Y qu\u00e9 decir, que sea un medio tambi\u00e9n para agradecer y felicitar a los primeros pobladores de esta localidad, que fueron valientes, h\u00e9roes dir\u00edamos, en construir y vivir aqu\u00ed, en forjar un pueblo con tanto dinamismo como el que tiene actualmente. As\u00ed que confiamos que las distintas instituciones de Caleta Tortel, junto con la radio, encuentren en este lugar un hogar acogedor y puedan as\u00ed fortalecer la vida, la historia, la cultura y la fe de Caleta Tortel\u201d, expres\u00f3 el l\u00edder de la Iglesia aysenina.<\/p>\n<p style=\"text-align: justify;\">Los habitantes de Caleta Tortel, se refirieron con mucha emoci\u00f3n y esperanza a la apertura de este espacio radial para la comuna.\u00a0 Antonella Franco, quien toma la posta tras los micr\u00f3fonos de MADIPRO. se refiri\u00f3 a las potencialidades de este medio de comunicaci\u00f3n: \u201cPor supuesto que podr\u00eda ayudar no solo a transmitir noticias, sino que tambi\u00e9n informaci\u00f3n importante para la comunidad. A partir del mismo municipio, desde el nivel regional, o incluso tambi\u00e9n un apoyo a los clubes y organizaciones que requieren alguna participaci\u00f3n de la comunidad, ya sea clubes deportivos, organizaciones sociales, personas mayores. Aqu\u00ed en general, el deporte convoca harto y esta radio va a ampliar la llegada de estas solicitudes y eventos que puedan surgir.\u201d<\/p>\n<p style=\"text-align: justify;\">Jos\u00e9 Maripill\u00e1n, vecino y pasado locutor de la radio local indic\u00f3 que el relanzamiento de la radio permitir\u00e1 a unir y fortalecer al pueblo: \u201cLo principal es que vamos a tener la emisora al aire para poder escuchar dentro de toda la localidad y las principales noticias que llegan o informaciones que puedan llegar. Muchas veces, la gente mayor ya, como que estamos atrasados sobre lo que son las nuevas tecnolog\u00edas que no podemos o no sabemos usar muy bien. Entonces, eso nos restringe mucho, para poder conocer qu\u00e9 se est\u00e1 desarrollando dentro de la localidad, para tambi\u00e9n poder tener espacio, para poder participar de los trabajos que com\u00fanmente se hacen dentro de la comuna.\u201d<\/p>\n<p style=\"text-align: justify;\">Esta concesi\u00f3n otorgada por la SUBTEL tendr\u00e1 una vigencia de 25 a\u00f1os. La estaci\u00f3n radial cuenta con un transmisor con potencia de 250w, y la torre que sustenta las antenas cuenta con una altura de 23 mts. para una mejor propagaci\u00f3n de la se\u00f1al, lo que permitir\u00e1 que sus emisiones logren una cobertura total de Caleta Tortel y alrededores.<\/p>\n<\/div>\n<div style=\"text-align: justify;\"><\/div>\n<\/div><\/section><\/div><\/p>\n<div  style='height:50px' class='hr hr-invisible   avia-builder-el-6  el_after_av_one_full  el_before_av_social_share '><span class='hr-inner ' ><span class='hr-inner-style'><\/span><\/span><\/div>\n<div  class='av-social-sharing-box  avia-builder-el-7  el_after_av_hr  el_before_av_hr  '><div class='av-share-box'><h5 class='av-share-link-description av-no-toc '>Compartir esta noticia<\/h5><ul class='av-share-box-list noLightbox'><li class='av-share-link av-social-link-facebook' ><a target=\"_blank\" aria-label=\"Compartir en Facebook\" href='https:\/\/www.facebook.com\/sharer.php?u=https:\/\/radiorevelacionfm.cl\/?p=58096&#038;t=En%20hist%C3%B3rica%20jornada%2C%20Radio%20Madre%20de%20la%20Divina%20Providencia%2C%20Madripro%2097.1%20Fm%20de%20Caleta%20Tortel%2C%20reinicia%20transmisiones' aria-hidden='false' data-av_icon='\ue8f3' data-av_iconfont='entypo-fontello' title='' data-avia-related-tooltip='Compartir en Facebook' rel=\"noopener\"><span class='avia_hidden_link_text'>Compartir en Facebook<\/span><\/a><\/li><li class='av-share-link av-social-link-twitter' ><a target=\"_blank\" aria-label=\"Compartir en Twitter\" href='https:\/\/twitter.com\/share?text=En%20hist%C3%B3rica%20jornada%2C%20Radio%20Madre%20de%20la%20Divina%20Providencia%2C%20Madripro%2097.1%20Fm%20de%20Caleta%20Tortel%2C%20reinicia%20transmisiones&#038;url=https:\/\/radiorevelacionfm.cl\/?p=58096' aria-hidden='false' data-av_icon='\ue8f1' data-av_iconfont='entypo-fontello' title='' data-avia-related-tooltip='Compartir en Twitter' rel=\"noopener\"><span class='avia_hidden_link_text'>Compartir en Twitter<\/span><\/a><\/li><li class='av-share-link av-social-link-whatsapp' ><a target=\"_blank\" aria-label=\"Compartir en Whatsapp\" href='https:\/\/api.whatsapp.com\/send?text=https:\/\/radiorevelacionfm.cl\/?p=58096' aria-hidden='false' data-av_icon='\uf232' data-av_iconfont='entypo-fontello' title='' data-avia-related-tooltip='Compartir en Whatsapp' rel=\"noopener\"><span class='avia_hidden_link_text'>Compartir en Whatsapp<\/span><\/a><\/li><li class='av-share-link av-social-link-linkedin' ><a target=\"_blank\" aria-label=\"Compartir en LinkedIn\" href='https:\/\/linkedin.com\/shareArticle?mini=true&#038;title=En%20hist%C3%B3rica%20jornada%2C%20Radio%20Madre%20de%20la%20Divina%20Providencia%2C%20Madripro%2097.1%20Fm%20de%20Caleta%20Tortel%2C%20reinicia%20transmisiones&#038;url=https:\/\/radiorevelacionfm.cl\/?p=58096' aria-hidden='false' data-av_icon='\ue8fc' data-av_iconfont='entypo-fontello' title='' data-avia-related-tooltip='Compartir en LinkedIn' rel=\"noopener\"><span class='avia_hidden_link_text'>Compartir en LinkedIn<\/span><\/a><\/li><li class='av-share-link av-social-link-mail' ><a  aria-label=\"Compartir por correo\" href='mailto:?subject=En%20hist%C3%B3rica%20jornada%2C%20Radio%20Madre%20de%20la%20Divina%20Providencia%2C%20Madripro%2097.1%20Fm%20de%20Caleta%20Tortel%2C%20reinicia%20transmisiones&#038;body=https:\/\/radiorevelacionfm.cl\/?p=58096' aria-hidden='false' data-av_icon='\ue805' data-av_iconfont='entypo-fontello' title='' data-avia-related-tooltip='Compartir por correo'><span class='avia_hidden_link_text'>Compartir por correo<\/span><\/a><\/li><\/ul><\/div><\/div>\n<div  style='height:50px' class='hr hr-invisible   avia-builder-el-8  el_after_av_social_share  el_before_av_comments_list '><span class='hr-inner ' ><span class='hr-inner-style'><\/span><\/span><\/div>\n<div  class='av-buildercomment  av-blog-meta-html-info-disabled av-blog-meta-tag-disabled  '><\/div>\n","protected":false},"excerpt":{"rendered":"","protected":false},"author":1,"featured_media":58097,"comment_status":"closed","ping_status":"closed","sticky":false,"template":"","format":"standard","meta":{"footnotes":""},"categories":[38],"tags":[],"class_list":["post-58096","post","type-post","status-publish","format-standard","has-post-thumbnail","hentry","category-regional"],"jetpack_featured_media_url":"https:\/\/radiorevelacionfm.cl\/wp-content\/uploads\/2025\/08\/dsc_0147-2_optimized.jpg","_links":{"self":[{"href":"https:\/\/radiorevelacionfm.cl\/index.php?rest_route=\/wp\/v2\/posts\/58096","targetHints":{"allow":["GET"]}}],"collection":[{"href":"https:\/\/radiorevelacionfm.cl\/index.php?rest_route=\/wp\/v2\/posts"}],"about":[{"href":"https:\/\/radiorevelacionfm.cl\/index.php?rest_route=\/wp\/v2\/types\/post"}],"author":[{"embeddable":true,"href":"https:\/\/radiorevelacionfm.cl\/index.php?rest_route=\/wp\/v2\/users\/1"}],"replies":[{"embeddable":true,"href":"https:\/\/radiorevelacionfm.cl\/index.php?rest_route=%2Fwp%2Fv2%2Fcomments&post=58096"}],"version-history":[{"count":3,"href":"https:\/\/radiorevelacionfm.cl\/index.php?rest_route=\/wp\/v2\/posts\/58096\/revisions"}],"predecessor-version":[{"id":58102,"href":"https:\/\/radiorevelacionfm.cl\/index.php?rest_route=\/wp\/v2\/posts\/58096\/revisions\/58102"}],"wp:featuredmedia":[{"embeddable":true,"href":"https:\/\/radiorevelacionfm.cl\/index.php?rest_route=\/wp\/v2\/media\/58097"}],"wp:attachment":[{"href":"https:\/\/radiorevelacionfm.cl\/index.php?rest_route=%2Fwp%2Fv2%2Fmedia&parent=58096"}],"wp:term":[{"taxonomy":"category","embeddable":true,"href":"https:\/\/radiorevelacionfm.cl\/index.php?rest_route=%2Fwp%2Fv2%2Fcategories&post=58096"},{"taxonomy":"post_tag","embeddable":true,"href":"https:\/\/radiorevelacionfm.cl\/index.php?rest_route=%2Fwp%2Fv2%2Ftags&post=58096"}],"curies":[{"name":"wp","href":"https:\/\/api.w.org\/{rel}","templated":true}]}}