{"id":58092,"date":"2025-08-21T10:18:36","date_gmt":"2025-08-21T13:18:36","guid":{"rendered":"https:\/\/radiorevelacionfm.cl\/?p=58092"},"modified":"2025-08-21T10:18:36","modified_gmt":"2025-08-21T13:18:36","slug":"la-region-de-aysen-se-aventura-en-la-produccion-de-caviar","status":"publish","type":"post","link":"https:\/\/radiorevelacionfm.cl\/?p=58092","title":{"rendered":"La regi\u00f3n de Ays\u00e9n se aventura en la producci\u00f3n de caviar"},"content":{"rendered":"<div class=\"flex_column av_one_full  flex_column_div av-zero-column-padding first  avia-builder-el-0  el_before_av_one_full  avia-builder-el-first  \" style='border-radius:0px; '><div  class='avia-image-container  av-styling-    avia-builder-el-1  avia-builder-el-no-sibling  avia-align-center '  itemprop=\"image\" itemscope=\"itemscope\" itemtype=\"https:\/\/schema.org\/ImageObject\"  ><div class='avia-image-container-inner'><div class='avia-image-overlay-wrap'><img decoding=\"async\" class='wp-image-58093 avia-img-lazy-loading-not-58093 avia_image' src=\"https:\/\/radiorevelacionfm.cl\/wp-content\/uploads\/2025\/08\/5-2025-08-21t101656_optimized.325-1.jpg\" alt='' title='5 - -2025-08-21t101656_optimized.325-(1)' height=\"600\" width=\"1066\"  itemprop=\"thumbnailUrl\" srcset=\"https:\/\/radiorevelacionfm.cl\/wp-content\/uploads\/2025\/08\/5-2025-08-21t101656_optimized.325-1.jpg 1066w, https:\/\/radiorevelacionfm.cl\/wp-content\/uploads\/2025\/08\/5-2025-08-21t101656_optimized.325-1-300x169.jpg 300w, https:\/\/radiorevelacionfm.cl\/wp-content\/uploads\/2025\/08\/5-2025-08-21t101656_optimized.325-1-1030x580.jpg 1030w, https:\/\/radiorevelacionfm.cl\/wp-content\/uploads\/2025\/08\/5-2025-08-21t101656_optimized.325-1-768x432.jpg 768w, https:\/\/radiorevelacionfm.cl\/wp-content\/uploads\/2025\/08\/5-2025-08-21t101656_optimized.325-1-705x397.jpg 705w, https:\/\/radiorevelacionfm.cl\/wp-content\/uploads\/2025\/08\/5-2025-08-21t101656_optimized.325-1-450x253.jpg 450w, https:\/\/radiorevelacionfm.cl\/wp-content\/uploads\/2025\/08\/5-2025-08-21t101656_optimized.325-1-600x338.jpg 600w\" sizes=\"(max-width: 1066px) 100vw, 1066px\" \/><\/div><\/div><\/div><\/div><div class=\"flex_column av_one_full  flex_column_div av-zero-column-padding first  avia-builder-el-2  el_after_av_one_full  el_before_av_one_full  column-top-margin\" style='border-radius:0px; '><section class=\"av_textblock_section \"  itemscope=\"itemscope\" itemtype=\"https:\/\/schema.org\/BlogPosting\" itemprop=\"blogPost\" ><div class='avia_textblock  '   itemprop=\"text\" ><p style=\"font-weight: 400; text-align: center;\"><span style=\"font-size: 18pt;\"><strong>La regi\u00f3n de Ays\u00e9n se aventura en la producci\u00f3n de caviar<\/strong><\/span><\/p>\n<div id=\"gtx-trans\" style=\"position: absolute; left: -50px; top: 4.31534px;\">\n<div class=\"gtx-trans-icon\"><\/div>\n<\/div>\n<\/div><\/section><\/div><div class=\"flex_column av_one_full  flex_column_div av-zero-column-padding first  avia-builder-el-4  el_after_av_one_full  el_before_av_hr  column-top-margin\" style='border-radius:0px; '><section class=\"av_textblock_section \"  itemscope=\"itemscope\" itemtype=\"https:\/\/schema.org\/BlogPosting\" itemprop=\"blogPost\" ><div class='avia_textblock  '   itemprop=\"text\" ><p style=\"font-weight: 400; text-align: justify;\">En la regi\u00f3n de Ays\u00e9n la piscicultura Dr. Shiraishi de la Universidad de Los Lagos recibi\u00f3 2.660 ejemplares de esturi\u00f3n blanco (<em>Acipenser transmontanus<\/em>) provenientes de una piscicultura experimental ubicada en el Lago Rupanco, regi\u00f3n de Los Lagos, con el fin de iniciar la producci\u00f3n de caviar, uno de los productos gastron\u00f3micos m\u00e1s sofisticados y reconocidos a nivel mundial.<\/p>\n<p style=\"font-weight: 400; text-align: justify;\">El traslado se llev\u00f3 a cabo en camiones cisterna, especiales para el transporte de peces vivos. El proceso fue fiscalizado desde el origen hasta el destino por funcionarios del Servicio Nacional de Pesca y Acuicultura (Sernapesca), quienes verificaron que el movimiento se realizara en cumplimiento de las exigencias normativas, particularmente, en relaci\u00f3n con los reglamentos sanitarios, ambientales y manteniendo en todo momento el bienestar animal.<\/p>\n<p style=\"font-weight: 400; text-align: justify;\">La piscicultura de la casa de estudios cuenta con \u00e1reas habilitadas para el manejo y cultivo de especies no salm\u00f3nidas, incluyendo estanques de recepci\u00f3n con sistemas de filtrado y medidas de bioseguridad, sin embargo, los fiscalizadores de Sernapesca hicieron observaciones en cuanto a mejoras en la infraestructura de contenci\u00f3n y protecci\u00f3n.<\/p>\n<p style=\"font-weight: 400; text-align: justify;\">Tras efectuar las medidas correctivas, Sernapesca realiz\u00f3 una nueva fiscalizaci\u00f3n donde se verific\u00f3 que los ejemplares se encontraban en buen estado y que las medidas solicitadas hab\u00edan sido implementadas satisfactoriamente.<\/p>\n<p style=\"font-weight: 400; text-align: justify;\">Daniela Leiva, directora regional de Sernapesca en Ays\u00e9n, coment\u00f3: \u201cPara Sernapesca es fundamental acompa\u00f1ar y fiscalizar iniciativas de este tipo, asegurando el cumplimiento de la normativa vigente y resguardando tanto la salud animal como el medio ambiente. Si bien esta piscicultura ya contaba con algunos ejemplares de esturi\u00f3n, la incorporaci\u00f3n de 2.660 peces concreta un proyecto con fines productivos que debe desarrollarse bajo estrictos est\u00e1ndares. En este sentido, nuestro rol es garantizar que este proceso se lleve a cabo de manera responsable y sostenible\u201d.<\/p>\n<\/div><\/section><\/div><div  style='height:50px' class='hr hr-invisible   avia-builder-el-6  el_after_av_one_full  el_before_av_social_share '><span class='hr-inner ' ><span class='hr-inner-style'><\/span><\/span><\/div><\/p>\n<div  class='av-social-sharing-box  avia-builder-el-7  el_after_av_hr  el_before_av_hr  '><div class='av-share-box'><h5 class='av-share-link-description av-no-toc '>Compartir esta noticia<\/h5><ul class='av-share-box-list noLightbox'><li class='av-share-link av-social-link-facebook' ><a target=\"_blank\" aria-label=\"Compartir en Facebook\" href='https:\/\/www.facebook.com\/sharer.php?u=https:\/\/radiorevelacionfm.cl\/?p=58092&#038;t=La%20regi%C3%B3n%20de%20Ays%C3%A9n%20se%20aventura%20en%20la%20producci%C3%B3n%20de%20caviar' aria-hidden='false' data-av_icon='\ue8f3' data-av_iconfont='entypo-fontello' title='' data-avia-related-tooltip='Compartir en Facebook' rel=\"noopener\"><span class='avia_hidden_link_text'>Compartir en Facebook<\/span><\/a><\/li><li class='av-share-link av-social-link-twitter' ><a target=\"_blank\" aria-label=\"Compartir en Twitter\" href='https:\/\/twitter.com\/share?text=La%20regi%C3%B3n%20de%20Ays%C3%A9n%20se%20aventura%20en%20la%20producci%C3%B3n%20de%20caviar&#038;url=https:\/\/radiorevelacionfm.cl\/?p=58092' aria-hidden='false' data-av_icon='\ue8f1' data-av_iconfont='entypo-fontello' title='' data-avia-related-tooltip='Compartir en Twitter' rel=\"noopener\"><span class='avia_hidden_link_text'>Compartir en Twitter<\/span><\/a><\/li><li class='av-share-link av-social-link-whatsapp' ><a target=\"_blank\" aria-label=\"Compartir en Whatsapp\" href='https:\/\/api.whatsapp.com\/send?text=https:\/\/radiorevelacionfm.cl\/?p=58092' aria-hidden='false' data-av_icon='\uf232' data-av_iconfont='entypo-fontello' title='' data-avia-related-tooltip='Compartir en Whatsapp' rel=\"noopener\"><span class='avia_hidden_link_text'>Compartir en Whatsapp<\/span><\/a><\/li><li class='av-share-link av-social-link-linkedin' ><a target=\"_blank\" aria-label=\"Compartir en LinkedIn\" href='https:\/\/linkedin.com\/shareArticle?mini=true&#038;title=La%20regi%C3%B3n%20de%20Ays%C3%A9n%20se%20aventura%20en%20la%20producci%C3%B3n%20de%20caviar&#038;url=https:\/\/radiorevelacionfm.cl\/?p=58092' aria-hidden='false' data-av_icon='\ue8fc' data-av_iconfont='entypo-fontello' title='' data-avia-related-tooltip='Compartir en LinkedIn' rel=\"noopener\"><span class='avia_hidden_link_text'>Compartir en LinkedIn<\/span><\/a><\/li><li class='av-share-link av-social-link-mail' ><a  aria-label=\"Compartir por correo\" href='mailto:?subject=La%20regi%C3%B3n%20de%20Ays%C3%A9n%20se%20aventura%20en%20la%20producci%C3%B3n%20de%20caviar&#038;body=https:\/\/radiorevelacionfm.cl\/?p=58092' aria-hidden='false' data-av_icon='\ue805' data-av_iconfont='entypo-fontello' title='' data-avia-related-tooltip='Compartir por correo'><span class='avia_hidden_link_text'>Compartir por correo<\/span><\/a><\/li><\/ul><\/div><\/div>\n<div  style='height:50px' class='hr hr-invisible   avia-builder-el-8  el_after_av_social_share  el_before_av_comments_list '><span class='hr-inner ' ><span class='hr-inner-style'><\/span><\/span><\/div>\n<div  class='av-buildercomment  av-blog-meta-html-info-disabled av-blog-meta-tag-disabled  '><\/div>\n","protected":false},"excerpt":{"rendered":"","protected":false},"author":1,"featured_media":58093,"comment_status":"closed","ping_status":"closed","sticky":false,"template":"","format":"standard","meta":{"footnotes":""},"categories":[60],"tags":[],"class_list":["post-58092","post","type-post","status-publish","format-standard","has-post-thumbnail","hentry","category-pesca"],"jetpack_featured_media_url":"https:\/\/radiorevelacionfm.cl\/wp-content\/uploads\/2025\/08\/5-2025-08-21t101656_optimized.325-1.jpg","_links":{"self":[{"href":"https:\/\/radiorevelacionfm.cl\/index.php?rest_route=\/wp\/v2\/posts\/58092","targetHints":{"allow":["GET"]}}],"collection":[{"href":"https:\/\/radiorevelacionfm.cl\/index.php?rest_route=\/wp\/v2\/posts"}],"about":[{"href":"https:\/\/radiorevelacionfm.cl\/index.php?rest_route=\/wp\/v2\/types\/post"}],"author":[{"embeddable":true,"href":"https:\/\/radiorevelacionfm.cl\/index.php?rest_route=\/wp\/v2\/users\/1"}],"replies":[{"embeddable":true,"href":"https:\/\/radiorevelacionfm.cl\/index.php?rest_route=%2Fwp%2Fv2%2Fcomments&post=58092"}],"version-history":[{"count":2,"href":"https:\/\/radiorevelacionfm.cl\/index.php?rest_route=\/wp\/v2\/posts\/58092\/revisions"}],"predecessor-version":[{"id":58095,"href":"https:\/\/radiorevelacionfm.cl\/index.php?rest_route=\/wp\/v2\/posts\/58092\/revisions\/58095"}],"wp:featuredmedia":[{"embeddable":true,"href":"https:\/\/radiorevelacionfm.cl\/index.php?rest_route=\/wp\/v2\/media\/58093"}],"wp:attachment":[{"href":"https:\/\/radiorevelacionfm.cl\/index.php?rest_route=%2Fwp%2Fv2%2Fmedia&parent=58092"}],"wp:term":[{"taxonomy":"category","embeddable":true,"href":"https:\/\/radiorevelacionfm.cl\/index.php?rest_route=%2Fwp%2Fv2%2Fcategories&post=58092"},{"taxonomy":"post_tag","embeddable":true,"href":"https:\/\/radiorevelacionfm.cl\/index.php?rest_route=%2Fwp%2Fv2%2Ftags&post=58092"}],"curies":[{"name":"wp","href":"https:\/\/api.w.org\/{rel}","templated":true}]}}