{"id":58087,"date":"2025-08-21T15:27:24","date_gmt":"2025-08-21T18:27:24","guid":{"rendered":"https:\/\/radiorevelacionfm.cl\/?p=58087"},"modified":"2025-08-21T15:27:24","modified_gmt":"2025-08-21T18:27:24","slug":"consejeros-regionales-destacan-trabajo-en-terreno-de-la-comision-de-fomento-productivo-en-la-zona-norte-de-aysen","status":"publish","type":"post","link":"https:\/\/radiorevelacionfm.cl\/?p=58087","title":{"rendered":"Consejeros regionales destacan trabajo en terreno de la Comisi\u00f3n de Fomento Productivo en la zona norte de Ays\u00e9n"},"content":{"rendered":"<div class=\"flex_column av_one_full  flex_column_div av-zero-column-padding first  avia-builder-el-0  el_before_av_one_full  avia-builder-el-first  \" style='border-radius:0px; '><div  class='avia-image-container  av-styling-    avia-builder-el-1  avia-builder-el-no-sibling  avia-align-center '  itemprop=\"image\" itemscope=\"itemscope\" itemtype=\"https:\/\/schema.org\/ImageObject\"  ><div class='avia-image-container-inner'><div class='avia-image-overlay-wrap'><img decoding=\"async\" class='wp-image-58088 avia-img-lazy-loading-not-58088 avia_image' src=\"https:\/\/radiorevelacionfm.cl\/wp-content\/uploads\/2025\/08\/comision_fomento-1-1.jpeg\" alt='' title='comisi\u00f3n_fomento (1) (1)' height=\"600\" width=\"898\"  itemprop=\"thumbnailUrl\" srcset=\"https:\/\/radiorevelacionfm.cl\/wp-content\/uploads\/2025\/08\/comision_fomento-1-1.jpeg 898w, https:\/\/radiorevelacionfm.cl\/wp-content\/uploads\/2025\/08\/comision_fomento-1-1-300x200.jpeg 300w, https:\/\/radiorevelacionfm.cl\/wp-content\/uploads\/2025\/08\/comision_fomento-1-1-768x513.jpeg 768w, https:\/\/radiorevelacionfm.cl\/wp-content\/uploads\/2025\/08\/comision_fomento-1-1-705x471.jpeg 705w, https:\/\/radiorevelacionfm.cl\/wp-content\/uploads\/2025\/08\/comision_fomento-1-1-450x301.jpeg 450w, https:\/\/radiorevelacionfm.cl\/wp-content\/uploads\/2025\/08\/comision_fomento-1-1-600x401.jpeg 600w\" sizes=\"(max-width: 898px) 100vw, 898px\" \/><\/div><\/div><\/div><\/div><div class=\"flex_column av_one_full  flex_column_div av-zero-column-padding first  avia-builder-el-2  el_after_av_one_full  el_before_av_one_full  column-top-margin\" style='border-radius:0px; '><section class=\"av_textblock_section \"  itemscope=\"itemscope\" itemtype=\"https:\/\/schema.org\/BlogPosting\" itemprop=\"blogPost\" ><div class='avia_textblock  '   itemprop=\"text\" ><p style=\"text-align: center;\"><span style=\"font-size: 18pt;\"><strong>Consejeros regionales destacan trabajo en terreno de la Comisi\u00f3n de Fomento Productivo en la zona norte de Ays\u00e9n<\/strong><\/span><\/p>\n<div id=\"gtx-trans\" style=\"position: absolute; left: -50px; top: 4.31534px;\">\n<div class=\"gtx-trans-icon\"><\/div>\n<\/div>\n<\/div><\/section><\/div><div class=\"flex_column av_one_full  flex_column_div av-zero-column-padding first  avia-builder-el-4  el_after_av_one_full  el_before_av_hr  column-top-margin\" style='border-radius:0px; '><section class=\"av_textblock_section \"  itemscope=\"itemscope\" itemtype=\"https:\/\/schema.org\/BlogPosting\" itemprop=\"blogPost\" ><div class='avia_textblock  '   itemprop=\"text\" ><p style=\"text-align: justify;\"><em>Visitas a La Junta y Lago Verde permitieron recoger necesidades locales y ajustar programas orientados al desarrollo rural, turismo y emprendimiento.<\/em><\/p>\n<p style=\"text-align: justify;\">En el marco del compromiso del Gobierno Regional de Ays\u00e9n y su Consejo por acercar la gesti\u00f3n p\u00fablica a los territorios, la Comisi\u00f3n de Fomento Productivo llev\u00f3 a cabo recientemente una intensa labor en terreno en las comunas de La Junta y Lago Verde. Durante estas jornadas, se revisaron diversos programas impulsados por el Gobierno Regional, con especial \u00e9nfasis en el desarrollo del emprendimiento, el fortalecimiento del turismo rural y el apoyo a la actividad campesina.<\/p>\n<p style=\"text-align: justify;\">En La Junta, los consejeros participaron en actividades donde se presentaron programas, entre los que destacan uno especial de fomento productivo de Sercotec, adem\u00e1s del anuncio de metodolog\u00eda de trabajo del Plan Regional \u201cAys\u00e9n Campo Vivo\u201d, una iniciativa que busca generar nuevas oportunidades productivas en el mundo rural, fortaleciendo la econom\u00eda local y promoviendo la permanencia de las familias en el territorio.<\/p>\n<p style=\"text-align: justify;\">Al d\u00eda siguiente, en Lago Verde, la comisi\u00f3n sesion\u00f3 para analizar el programa de fomento impulsado por la municipalidad local, que pone foco en la planificaci\u00f3n tur\u00edstica, la capacitaci\u00f3n de emprendedores y el acompa\u00f1amiento t\u00e9cnico para el desarrollo de negocios con identidad local.<\/p>\n<p style=\"text-align: justify;\">Para Eligio Montecinos, Presidente de la comisi\u00f3n y Core por la Provincia de Ays\u00e9n, la misi\u00f3n m\u00e1s importante del despliegue en terreno radic\u00f3 en la exposici\u00f3n del programa &#8216;Ays\u00e9n Campo Vivo, Fomento a los Campos y la Vida Rural en Ays\u00e9n&#8217;. \u201cEste plan se perfila como una herramienta que busca ir m\u00e1s all\u00e1 del autoconsumo y subsidios puntuales, fortaleciendo la horticultura, ganader\u00eda y turismo rural; asegurando infraestructura productiva, promoviendo valor agregado e incluyendo de forma real a j\u00f3venes y mujeres campesinas, con pertinencia local y una gobernanza participativa\u201d, explic\u00f3.<\/p>\n<p style=\"text-align: justify;\">Para Pablo Guglielmi, Consejero por la jurisdicci\u00f3n de Coyhaique, \u201cLos \u00e1mbitos de acci\u00f3n de este plan contemplan potenciar la Inclusi\u00f3n de Juventudes y Recambio Generacional, ya que es vital desarrollar este aspecto para el futuro de la actividad campesina, como tambi\u00e9n considerar el rol de la mujer en el mundo rural, facilitando el acceso a financiamiento, para promover emprendimientos rurales por mediante el turismo asociado al campo\u201d.<\/p>\n<p style=\"text-align: justify;\">Durante ambas jornadas se realizaron tambi\u00e9n reuniones con vecinos y actores locales, recogiendo sus observaciones y propuestas para continuar mejorando los instrumentos regionales de apoyo al emprendimiento, el turismo y la producci\u00f3n local.<\/p>\n<p style=\"text-align: justify;\">En este contexto, el Consejero Regional y representante de la Provincia General Carrera, Arcadio Soto Ser\u00f3n, destac\u00f3 que \u201cEl turismo y el emprendimiento son pilares fundamentales para el desarrollo sostenible de Ays\u00e9n. Nuestra regi\u00f3n tiene un enorme potencial que debemos potenciar con programas que impulsen el emprendimiento local y tambi\u00e9n el sector tur\u00edstico. Trabajar desde el territorio, escuchando a los emprendedores y las comunidades, nos permitir\u00e1 construir un turismo que impulse la econom\u00eda local y abra caminos para nuevos negocios, generando empleo y oportunidades para todos.\u201d<\/p>\n<p style=\"text-align: justify;\">\u201cDescentralizar la gesti\u00f3n p\u00fablica no es solo un discurso, es una pr\u00e1ctica. Y como Consejo Regional estamos avanzando en esa direcci\u00f3n, llevando la institucionalidad a los territorios y validando los programas junto a las comunidades\u201d, concluy\u00f3 Soto.<\/p>\n<\/div><\/section><\/div><div  style='height:50px' class='hr hr-invisible   avia-builder-el-6  el_after_av_one_full  el_before_av_social_share '><span class='hr-inner ' ><span class='hr-inner-style'><\/span><\/span><\/div><\/p>\n<div  class='av-social-sharing-box  avia-builder-el-7  el_after_av_hr  el_before_av_hr  '><div class='av-share-box'><h5 class='av-share-link-description av-no-toc '>Compartir esta noticia<\/h5><ul class='av-share-box-list noLightbox'><li class='av-share-link av-social-link-facebook' ><a target=\"_blank\" aria-label=\"Compartir en Facebook\" href='https:\/\/www.facebook.com\/sharer.php?u=https:\/\/radiorevelacionfm.cl\/?p=58087&#038;t=Consejeros%20regionales%20destacan%20trabajo%20en%20terreno%20de%20la%20Comisi%C3%B3n%20de%20Fomento%20Productivo%20en%20la%20zona%20norte%20de%20Ays%C3%A9n' aria-hidden='false' data-av_icon='\ue8f3' data-av_iconfont='entypo-fontello' title='' data-avia-related-tooltip='Compartir en Facebook' rel=\"noopener\"><span class='avia_hidden_link_text'>Compartir en Facebook<\/span><\/a><\/li><li class='av-share-link av-social-link-twitter' ><a target=\"_blank\" aria-label=\"Compartir en Twitter\" href='https:\/\/twitter.com\/share?text=Consejeros%20regionales%20destacan%20trabajo%20en%20terreno%20de%20la%20Comisi%C3%B3n%20de%20Fomento%20Productivo%20en%20la%20zona%20norte%20de%20Ays%C3%A9n&#038;url=https:\/\/radiorevelacionfm.cl\/?p=58087' aria-hidden='false' data-av_icon='\ue8f1' data-av_iconfont='entypo-fontello' title='' data-avia-related-tooltip='Compartir en Twitter' rel=\"noopener\"><span class='avia_hidden_link_text'>Compartir en Twitter<\/span><\/a><\/li><li class='av-share-link av-social-link-whatsapp' ><a target=\"_blank\" aria-label=\"Compartir en Whatsapp\" href='https:\/\/api.whatsapp.com\/send?text=https:\/\/radiorevelacionfm.cl\/?p=58087' aria-hidden='false' data-av_icon='\uf232' data-av_iconfont='entypo-fontello' title='' data-avia-related-tooltip='Compartir en Whatsapp' rel=\"noopener\"><span class='avia_hidden_link_text'>Compartir en Whatsapp<\/span><\/a><\/li><li class='av-share-link av-social-link-linkedin' ><a target=\"_blank\" aria-label=\"Compartir en LinkedIn\" href='https:\/\/linkedin.com\/shareArticle?mini=true&#038;title=Consejeros%20regionales%20destacan%20trabajo%20en%20terreno%20de%20la%20Comisi%C3%B3n%20de%20Fomento%20Productivo%20en%20la%20zona%20norte%20de%20Ays%C3%A9n&#038;url=https:\/\/radiorevelacionfm.cl\/?p=58087' aria-hidden='false' data-av_icon='\ue8fc' data-av_iconfont='entypo-fontello' title='' data-avia-related-tooltip='Compartir en LinkedIn' rel=\"noopener\"><span class='avia_hidden_link_text'>Compartir en LinkedIn<\/span><\/a><\/li><li class='av-share-link av-social-link-mail' ><a  aria-label=\"Compartir por correo\" href='mailto:?subject=Consejeros%20regionales%20destacan%20trabajo%20en%20terreno%20de%20la%20Comisi%C3%B3n%20de%20Fomento%20Productivo%20en%20la%20zona%20norte%20de%20Ays%C3%A9n&#038;body=https:\/\/radiorevelacionfm.cl\/?p=58087' aria-hidden='false' data-av_icon='\ue805' data-av_iconfont='entypo-fontello' title='' data-avia-related-tooltip='Compartir por correo'><span class='avia_hidden_link_text'>Compartir por correo<\/span><\/a><\/li><\/ul><\/div><\/div>\n<div  style='height:50px' class='hr hr-invisible   avia-builder-el-8  el_after_av_social_share  el_before_av_comments_list '><span class='hr-inner ' ><span class='hr-inner-style'><\/span><\/span><\/div>\n<div  class='av-buildercomment  av-blog-meta-html-info-disabled av-blog-meta-tag-disabled  '><\/div>\n","protected":false},"excerpt":{"rendered":"","protected":false},"author":1,"featured_media":58088,"comment_status":"closed","ping_status":"closed","sticky":false,"template":"","format":"standard","meta":{"footnotes":""},"categories":[38],"tags":[],"class_list":["post-58087","post","type-post","status-publish","format-standard","has-post-thumbnail","hentry","category-regional"],"jetpack_featured_media_url":"https:\/\/radiorevelacionfm.cl\/wp-content\/uploads\/2025\/08\/comision_fomento-1-1.jpeg","_links":{"self":[{"href":"https:\/\/radiorevelacionfm.cl\/index.php?rest_route=\/wp\/v2\/posts\/58087","targetHints":{"allow":["GET"]}}],"collection":[{"href":"https:\/\/radiorevelacionfm.cl\/index.php?rest_route=\/wp\/v2\/posts"}],"about":[{"href":"https:\/\/radiorevelacionfm.cl\/index.php?rest_route=\/wp\/v2\/types\/post"}],"author":[{"embeddable":true,"href":"https:\/\/radiorevelacionfm.cl\/index.php?rest_route=\/wp\/v2\/users\/1"}],"replies":[{"embeddable":true,"href":"https:\/\/radiorevelacionfm.cl\/index.php?rest_route=%2Fwp%2Fv2%2Fcomments&post=58087"}],"version-history":[{"count":2,"href":"https:\/\/radiorevelacionfm.cl\/index.php?rest_route=\/wp\/v2\/posts\/58087\/revisions"}],"predecessor-version":[{"id":58108,"href":"https:\/\/radiorevelacionfm.cl\/index.php?rest_route=\/wp\/v2\/posts\/58087\/revisions\/58108"}],"wp:featuredmedia":[{"embeddable":true,"href":"https:\/\/radiorevelacionfm.cl\/index.php?rest_route=\/wp\/v2\/media\/58088"}],"wp:attachment":[{"href":"https:\/\/radiorevelacionfm.cl\/index.php?rest_route=%2Fwp%2Fv2%2Fmedia&parent=58087"}],"wp:term":[{"taxonomy":"category","embeddable":true,"href":"https:\/\/radiorevelacionfm.cl\/index.php?rest_route=%2Fwp%2Fv2%2Fcategories&post=58087"},{"taxonomy":"post_tag","embeddable":true,"href":"https:\/\/radiorevelacionfm.cl\/index.php?rest_route=%2Fwp%2Fv2%2Ftags&post=58087"}],"curies":[{"name":"wp","href":"https:\/\/api.w.org\/{rel}","templated":true}]}}