{"id":58082,"date":"2025-08-22T19:32:24","date_gmt":"2025-08-22T22:32:24","guid":{"rendered":"https:\/\/radiorevelacionfm.cl\/?p=58082"},"modified":"2025-08-22T19:32:24","modified_gmt":"2025-08-22T22:32:24","slug":"diputada-raphael-confirmo-compromiso-de-hacienda-por-recursos-para-122-becas-patagonia-y-66-becas-aysen-faltantes","status":"publish","type":"post","link":"https:\/\/radiorevelacionfm.cl\/?p=58082","title":{"rendered":"Diputada Raphael confirm\u00f3 compromiso de Hacienda por recursos para 122 becas Patagonia y 66 Becas Ays\u00e9n faltantes"},"content":{"rendered":"<div class=\"flex_column av_one_full  flex_column_div av-zero-column-padding first  avia-builder-el-0  el_before_av_one_full  avia-builder-el-first  \" style='border-radius:0px; '><div  class='avia-image-container  av-styling-    avia-builder-el-1  avia-builder-el-no-sibling  avia-align-center '  itemprop=\"image\" itemscope=\"itemscope\" itemtype=\"https:\/\/schema.org\/ImageObject\"  ><div class='avia-image-container-inner'><div class='avia-image-overlay-wrap'><img decoding=\"async\" class='wp-image-58083 avia-img-lazy-loading-not-58083 avia_image' src=\"https:\/\/radiorevelacionfm.cl\/wp-content\/uploads\/2025\/08\/Diputados-y-ministro-1-1.jpeg\" alt='' title='Diputados y ministro (1) (1)' height=\"600\" width=\"800\"  itemprop=\"thumbnailUrl\" srcset=\"https:\/\/radiorevelacionfm.cl\/wp-content\/uploads\/2025\/08\/Diputados-y-ministro-1-1.jpeg 800w, https:\/\/radiorevelacionfm.cl\/wp-content\/uploads\/2025\/08\/Diputados-y-ministro-1-1-300x225.jpeg 300w, https:\/\/radiorevelacionfm.cl\/wp-content\/uploads\/2025\/08\/Diputados-y-ministro-1-1-768x576.jpeg 768w, https:\/\/radiorevelacionfm.cl\/wp-content\/uploads\/2025\/08\/Diputados-y-ministro-1-1-705x529.jpeg 705w, https:\/\/radiorevelacionfm.cl\/wp-content\/uploads\/2025\/08\/Diputados-y-ministro-1-1-450x338.jpeg 450w, https:\/\/radiorevelacionfm.cl\/wp-content\/uploads\/2025\/08\/Diputados-y-ministro-1-1-600x450.jpeg 600w\" sizes=\"(max-width: 800px) 100vw, 800px\" \/><\/div><\/div><\/div><\/div><div class=\"flex_column av_one_full  flex_column_div av-zero-column-padding first  avia-builder-el-2  el_after_av_one_full  el_before_av_one_full  column-top-margin\" style='border-radius:0px; '><section class=\"av_textblock_section \"  itemscope=\"itemscope\" itemtype=\"https:\/\/schema.org\/BlogPosting\" itemprop=\"blogPost\" ><div class='avia_textblock  '   itemprop=\"text\" ><p style=\"text-align: center;\"><strong><span style=\"font-size: 18pt;\">Diputada Raphael confirm\u00f3 compromiso de Hacienda por recursos para 122 becas Patagonia y 66 Becas Ays\u00e9n faltantes <\/span><\/strong><\/p>\n<div id=\"gtx-trans\" style=\"position: absolute; left: -50px; top: 4.31534px;\">\n<div class=\"gtx-trans-icon\"><\/div>\n<\/div>\n<\/div><\/section><\/div><div class=\"flex_column av_one_full  flex_column_div av-zero-column-padding first  avia-builder-el-4  el_after_av_one_full  el_before_av_hr  column-top-margin\" style='border-radius:0px; '><section class=\"av_textblock_section \"  itemscope=\"itemscope\" itemtype=\"https:\/\/schema.org\/BlogPosting\" itemprop=\"blogPost\" ><div class='avia_textblock  '   itemprop=\"text\" ><p style=\"font-weight: 400; text-align: justify;\">La diputada de Renovaci\u00f3n Nacional, Marcia Raphael junto a los diputados Ren\u00e9 Alinco y Miguel \u00c1ngel Calisto sostuvieron una reuni\u00f3n con el Ministro de Hacienda, Mario Marcel en la que solicitaron con sentido de urgencia la asignaci\u00f3n de estos recursos que a\u00fan esperan 188 estudiantes y sus familias que cumplieron con todos los requisitos exigidos.<\/p>\n<p style=\"font-weight: 400; text-align: justify;\">Sobre la reuni\u00f3n sostenida en el Congreso Nacional, la diputada, Marcia Raphael Mora, explic\u00f3 que \u201cestuvimos los tres diputados de la regi\u00f3n con el Ministro de Hacienda, Mario Marcel por el tema de las becas faltantes en la regi\u00f3n, son 122 Becas Patagonia y 66 Becas Ays\u00e9n, que todos los alumnos que cumpliendo los requisitos no las han obtenido\u201d.<\/p>\n<p style=\"font-weight: 400; text-align: justify;\">\u201cEl ministro se comprometi\u00f3 a verlo con la Direcci\u00f3n de Presupuestos (DIPRES), le se\u00f1al\u00e9 que si bien es cierto, todos los a\u00f1os sale esa diferencia de recursos lo que se requiere es que salgan m\u00e1s r\u00e1pidamente y no en noviembre como en a\u00f1os anteriores. Dado que para todas las familias es muy dif\u00edcil financiar esta mantenci\u00f3n durante meses, considerando que contaban con estas becas y finalmente tenemos casos que lamentablemente han tenido que volver a la regi\u00f3n por no tener los recursos para continuar\u201d, agreg\u00f3 Marcia Raphael.<\/p>\n<p style=\"font-weight: 400; text-align: justify;\">Finalmente, la parlamentaria, afirm\u00f3 que \u201charemos seguimiento a la palabra del ministro, esperamos una pronta respuesta y que estos recursos se aprueben lo m\u00e1s pronto posible\u201d.<\/p>\n<\/div><\/section><\/div><div  style='height:50px' class='hr hr-invisible   avia-builder-el-6  el_after_av_one_full  el_before_av_social_share '><span class='hr-inner ' ><span class='hr-inner-style'><\/span><\/span><\/div><\/p>\n<div  class='av-social-sharing-box  avia-builder-el-7  el_after_av_hr  el_before_av_hr  '><div class='av-share-box'><h5 class='av-share-link-description av-no-toc '>Compartir esta noticia<\/h5><ul class='av-share-box-list noLightbox'><li class='av-share-link av-social-link-facebook' ><a target=\"_blank\" aria-label=\"Compartir en Facebook\" href='https:\/\/www.facebook.com\/sharer.php?u=https:\/\/radiorevelacionfm.cl\/?p=58082&#038;t=Diputada%20Raphael%20confirm%C3%B3%20compromiso%20de%20Hacienda%20por%20recursos%20para%20122%20becas%20Patagonia%20y%2066%20Becas%20Ays%C3%A9n%20faltantes' aria-hidden='false' data-av_icon='\ue8f3' data-av_iconfont='entypo-fontello' title='' data-avia-related-tooltip='Compartir en Facebook' rel=\"noopener\"><span class='avia_hidden_link_text'>Compartir en Facebook<\/span><\/a><\/li><li class='av-share-link av-social-link-twitter' ><a target=\"_blank\" aria-label=\"Compartir en Twitter\" href='https:\/\/twitter.com\/share?text=Diputada%20Raphael%20confirm%C3%B3%20compromiso%20de%20Hacienda%20por%20recursos%20para%20122%20becas%20Patagonia%20y%2066%20Becas%20Ays%C3%A9n%20faltantes&#038;url=https:\/\/radiorevelacionfm.cl\/?p=58082' aria-hidden='false' data-av_icon='\ue8f1' data-av_iconfont='entypo-fontello' title='' data-avia-related-tooltip='Compartir en Twitter' rel=\"noopener\"><span class='avia_hidden_link_text'>Compartir en Twitter<\/span><\/a><\/li><li class='av-share-link av-social-link-whatsapp' ><a target=\"_blank\" aria-label=\"Compartir en Whatsapp\" href='https:\/\/api.whatsapp.com\/send?text=https:\/\/radiorevelacionfm.cl\/?p=58082' aria-hidden='false' data-av_icon='\uf232' data-av_iconfont='entypo-fontello' title='' data-avia-related-tooltip='Compartir en Whatsapp' rel=\"noopener\"><span class='avia_hidden_link_text'>Compartir en Whatsapp<\/span><\/a><\/li><li class='av-share-link av-social-link-linkedin' ><a target=\"_blank\" aria-label=\"Compartir en LinkedIn\" href='https:\/\/linkedin.com\/shareArticle?mini=true&#038;title=Diputada%20Raphael%20confirm%C3%B3%20compromiso%20de%20Hacienda%20por%20recursos%20para%20122%20becas%20Patagonia%20y%2066%20Becas%20Ays%C3%A9n%20faltantes&#038;url=https:\/\/radiorevelacionfm.cl\/?p=58082' aria-hidden='false' data-av_icon='\ue8fc' data-av_iconfont='entypo-fontello' title='' data-avia-related-tooltip='Compartir en LinkedIn' rel=\"noopener\"><span class='avia_hidden_link_text'>Compartir en LinkedIn<\/span><\/a><\/li><li class='av-share-link av-social-link-mail' ><a  aria-label=\"Compartir por correo\" href='mailto:?subject=Diputada%20Raphael%20confirm%C3%B3%20compromiso%20de%20Hacienda%20por%20recursos%20para%20122%20becas%20Patagonia%20y%2066%20Becas%20Ays%C3%A9n%20faltantes&#038;body=https:\/\/radiorevelacionfm.cl\/?p=58082' aria-hidden='false' data-av_icon='\ue805' data-av_iconfont='entypo-fontello' title='' data-avia-related-tooltip='Compartir por correo'><span class='avia_hidden_link_text'>Compartir por correo<\/span><\/a><\/li><\/ul><\/div><\/div>\n<div  style='height:50px' class='hr hr-invisible   avia-builder-el-8  el_after_av_social_share  el_before_av_comments_list '><span class='hr-inner ' ><span class='hr-inner-style'><\/span><\/span><\/div>\n<div  class='av-buildercomment  av-blog-meta-html-info-disabled av-blog-meta-tag-disabled  '><\/div>\n","protected":false},"excerpt":{"rendered":"","protected":false},"author":1,"featured_media":58083,"comment_status":"closed","ping_status":"closed","sticky":false,"template":"","format":"standard","meta":{"footnotes":""},"categories":[38],"tags":[],"class_list":["post-58082","post","type-post","status-publish","format-standard","has-post-thumbnail","hentry","category-regional"],"jetpack_featured_media_url":"https:\/\/radiorevelacionfm.cl\/wp-content\/uploads\/2025\/08\/Diputados-y-ministro-1-1.jpeg","_links":{"self":[{"href":"https:\/\/radiorevelacionfm.cl\/index.php?rest_route=\/wp\/v2\/posts\/58082","targetHints":{"allow":["GET"]}}],"collection":[{"href":"https:\/\/radiorevelacionfm.cl\/index.php?rest_route=\/wp\/v2\/posts"}],"about":[{"href":"https:\/\/radiorevelacionfm.cl\/index.php?rest_route=\/wp\/v2\/types\/post"}],"author":[{"embeddable":true,"href":"https:\/\/radiorevelacionfm.cl\/index.php?rest_route=\/wp\/v2\/users\/1"}],"replies":[{"embeddable":true,"href":"https:\/\/radiorevelacionfm.cl\/index.php?rest_route=%2Fwp%2Fv2%2Fcomments&post=58082"}],"version-history":[{"count":2,"href":"https:\/\/radiorevelacionfm.cl\/index.php?rest_route=\/wp\/v2\/posts\/58082\/revisions"}],"predecessor-version":[{"id":58185,"href":"https:\/\/radiorevelacionfm.cl\/index.php?rest_route=\/wp\/v2\/posts\/58082\/revisions\/58185"}],"wp:featuredmedia":[{"embeddable":true,"href":"https:\/\/radiorevelacionfm.cl\/index.php?rest_route=\/wp\/v2\/media\/58083"}],"wp:attachment":[{"href":"https:\/\/radiorevelacionfm.cl\/index.php?rest_route=%2Fwp%2Fv2%2Fmedia&parent=58082"}],"wp:term":[{"taxonomy":"category","embeddable":true,"href":"https:\/\/radiorevelacionfm.cl\/index.php?rest_route=%2Fwp%2Fv2%2Fcategories&post=58082"},{"taxonomy":"post_tag","embeddable":true,"href":"https:\/\/radiorevelacionfm.cl\/index.php?rest_route=%2Fwp%2Fv2%2Ftags&post=58082"}],"curies":[{"name":"wp","href":"https:\/\/api.w.org\/{rel}","templated":true}]}}