{"id":5808,"date":"2021-07-02T10:18:42","date_gmt":"2021-07-02T13:18:42","guid":{"rendered":"https:\/\/radiorevelacionfm.cl\/?p=5808"},"modified":"2021-07-02T10:18:42","modified_gmt":"2021-07-02T13:18:42","slug":"pedagogia-en-educacion-basica-realiza-conversatorios-con-escuelas-de-la-region-de-aysen","status":"publish","type":"post","link":"https:\/\/radiorevelacionfm.cl\/?p=5808","title":{"rendered":"Pedagog\u00eda en Educaci\u00f3n B\u00e1sica realiza conversatorios con escuelas de la regi\u00f3n de Ays\u00e9n"},"content":{"rendered":"<div class=\"flex_column av_one_full  flex_column_div av-zero-column-padding first  avia-builder-el-0  el_before_av_one_full  avia-builder-el-first  \" style='border-radius:0px; '><div  class='avia-image-container  av-styling-    avia-builder-el-1  avia-builder-el-no-sibling  avia-align-center '  itemprop=\"image\" itemscope=\"itemscope\" itemtype=\"https:\/\/schema.org\/ImageObject\"  ><div class='avia-image-container-inner'><div class='avia-image-overlay-wrap'><img decoding=\"async\" class='wp-image-0 avia-img-lazy-loading-not-0 avia_image' src=\"https:\/\/radiorevelacionfm.cl\/wp-content\/uploads\/2021\/06\/taller-bernardita-4-1-1_optimized-1_optimized.png\" alt='' title=''   itemprop=\"thumbnailUrl\"  \/><\/div><\/div><\/div><\/div><div class=\"flex_column av_one_full  flex_column_div av-zero-column-padding first  avia-builder-el-2  el_after_av_one_full  el_before_av_one_full  column-top-margin\" style='border-radius:0px; '><section class=\"av_textblock_section \"  itemscope=\"itemscope\" itemtype=\"https:\/\/schema.org\/BlogPosting\" itemprop=\"blogPost\" ><div class='avia_textblock  '   itemprop=\"text\" ><p style=\"text-align: center;\"><strong><span style=\"font-size: 18pt;\">Pedagog\u00eda en Educaci\u00f3n B\u00e1sica realiza conversatorios con escuelas de la regi\u00f3n de Ays\u00e9n<\/span><\/strong><\/p>\n<div id=\"gtx-trans\" style=\"position: absolute; left: -50px; top: 4.31534px;\">\n<div class=\"gtx-trans-icon\"><\/div>\n<\/div>\n<\/div><\/section><\/div><div class=\"flex_column av_one_full  flex_column_div av-zero-column-padding first  avia-builder-el-4  el_after_av_one_full  el_before_av_hr  column-top-margin\" style='border-radius:0px; '><section class=\"av_textblock_section \"  itemscope=\"itemscope\" itemtype=\"https:\/\/schema.org\/BlogPosting\" itemprop=\"blogPost\" ><div class='avia_textblock  '   itemprop=\"text\" ><p style=\"text-align: justify;\">Como una forma de innovar las pr\u00e1cticas en pandemia bajo modalidad virtual, la Escuela de Pedagog\u00eda en Educaci\u00f3n B\u00e1sica con menciones del Campus Patagonia de la Universidad Austral de Chile (UACh), realiz\u00f3 un ciclo de conversatorios titulado \u201cObservando las escuelas desde la regi\u00f3n de Ays\u00e9n\u201d.<\/p>\n<p style=\"text-align: justify;\">Esta instancia reuni\u00f3 a estudiantes de tercer a\u00f1o de la asignatura \u201cPr\u00e1ctica de observaci\u00f3n\u201d, impartida por la docente Bernardita Maillard, con actores relevantes de los procesos educativos de diversas escuelas de la regi\u00f3n, para intercambiar experiencias al interior de las aulas y con ex estudiantes de la carrera.<\/p>\n<p style=\"text-align: justify;\">\u201cLa modalidad de los conversatorios fue una manera de innovar las pr\u00e1cticas, debido a la situaci\u00f3n de pandemia, como no pueden asistir a las escuelas y estaba centrada en conocer la organizaci\u00f3n escolar, por lo tanto, trajimos la escuela hacia el Zoom, de esa forma pudimos conversar y dialogar haciendo part\u00edcipe a toda la comunidad de la carrera. Fue muy enriquecedora, pudimos conversar con distintos agentes de la comunidad educativa, profesores, directivos, apoderados, asistentes y en el \u00faltimo conversatorio asistieron ex alumnos, para todo el conocimiento del impacto en esta nueva inserci\u00f3n en el mundo laboral viniendo de la universidad\u201d, se\u00f1al\u00f3 Bernardita Maillard.<\/p>\n<p style=\"text-align: justify;\">En la misma l\u00ednea, Francisco Villarroel ex estudiante de la carrera quien actualmente se desempe\u00f1a como profesor jefe de 4to b\u00e1sico en la Escuela Nieves del Sur de Coyhaique, resalt\u00f3 la importancia que tiene involucrarse con los diversos procesos universitarios, \u201ccon respecto a las intervenciones de universidad y formaci\u00f3n, en lo personal me involucr\u00e9 bastante, trabaj\u00e9 en el \u00e1rea de matr\u00edculas, tutor\u00edas, ayudant\u00edas, yo creo que ese fue el lado que m\u00e1s explot\u00e9, en trabajar con mis compa\u00f1eros, tambi\u00e9n me desempe\u00f1aba haciendo clases de matem\u00e1ticas en las carreras t\u00e9cnicas. Ponerse un poco la camiseta yo creo que es importante, entendiendo que dentro de la regi\u00f3n \u00e9ramos todos pioneros en generar comunidad educativa y una comunidad universitaria\u201d.<\/p>\n<p style=\"text-align: justify;\">Cabe se\u00f1alar que la carrera seguir\u00e1 realizando conversatorios relacionados con cada una de sus asignaturas, invitando a actores relevantes para el desarrollo de cada tem\u00e1tica.<\/p>\n<\/div><\/section><\/div><div  style='height:50px' class='hr hr-invisible   avia-builder-el-6  el_after_av_one_full  el_before_av_social_share '><span class='hr-inner ' ><span class='hr-inner-style'><\/span><\/span><\/div><\/p>\n<div  class='av-social-sharing-box  avia-builder-el-7  el_after_av_hr  el_before_av_hr  '><div class='av-share-box'><h5 class='av-share-link-description av-no-toc '>Compartir esta noticia<\/h5><ul class='av-share-box-list noLightbox'><li class='av-share-link av-social-link-facebook' ><a target=\"_blank\" aria-label=\"Compartir en Facebook\" href='https:\/\/www.facebook.com\/sharer.php?u=https:\/\/radiorevelacionfm.cl\/?p=5808&#038;t=Pedagog%C3%ADa%20en%20Educaci%C3%B3n%20B%C3%A1sica%20realiza%20conversatorios%20con%20escuelas%20de%20la%20regi%C3%B3n%20de%20Ays%C3%A9n' aria-hidden='false' data-av_icon='\ue8f3' data-av_iconfont='entypo-fontello' title='' data-avia-related-tooltip='Compartir en Facebook' rel=\"noopener\"><span class='avia_hidden_link_text'>Compartir en Facebook<\/span><\/a><\/li><li class='av-share-link av-social-link-twitter' ><a target=\"_blank\" aria-label=\"Compartir en Twitter\" href='https:\/\/twitter.com\/share?text=Pedagog%C3%ADa%20en%20Educaci%C3%B3n%20B%C3%A1sica%20realiza%20conversatorios%20con%20escuelas%20de%20la%20regi%C3%B3n%20de%20Ays%C3%A9n&#038;url=https:\/\/radiorevelacionfm.cl\/?p=5808' aria-hidden='false' data-av_icon='\ue8f1' data-av_iconfont='entypo-fontello' title='' data-avia-related-tooltip='Compartir en Twitter' rel=\"noopener\"><span class='avia_hidden_link_text'>Compartir en Twitter<\/span><\/a><\/li><li class='av-share-link av-social-link-whatsapp' ><a target=\"_blank\" aria-label=\"Compartir en Whatsapp\" href='https:\/\/api.whatsapp.com\/send?text=https:\/\/radiorevelacionfm.cl\/?p=5808' aria-hidden='false' data-av_icon='\uf232' data-av_iconfont='entypo-fontello' title='' data-avia-related-tooltip='Compartir en Whatsapp' rel=\"noopener\"><span class='avia_hidden_link_text'>Compartir en Whatsapp<\/span><\/a><\/li><li class='av-share-link av-social-link-linkedin' ><a target=\"_blank\" aria-label=\"Compartir en LinkedIn\" href='https:\/\/linkedin.com\/shareArticle?mini=true&#038;title=Pedagog%C3%ADa%20en%20Educaci%C3%B3n%20B%C3%A1sica%20realiza%20conversatorios%20con%20escuelas%20de%20la%20regi%C3%B3n%20de%20Ays%C3%A9n&#038;url=https:\/\/radiorevelacionfm.cl\/?p=5808' aria-hidden='false' data-av_icon='\ue8fc' data-av_iconfont='entypo-fontello' title='' data-avia-related-tooltip='Compartir en LinkedIn' rel=\"noopener\"><span class='avia_hidden_link_text'>Compartir en LinkedIn<\/span><\/a><\/li><li class='av-share-link av-social-link-mail' ><a  aria-label=\"Compartir por correo\" href='mailto:?subject=Pedagog%C3%ADa%20en%20Educaci%C3%B3n%20B%C3%A1sica%20realiza%20conversatorios%20con%20escuelas%20de%20la%20regi%C3%B3n%20de%20Ays%C3%A9n&#038;body=https:\/\/radiorevelacionfm.cl\/?p=5808' aria-hidden='false' data-av_icon='\ue805' data-av_iconfont='entypo-fontello' title='' data-avia-related-tooltip='Compartir por correo'><span class='avia_hidden_link_text'>Compartir por correo<\/span><\/a><\/li><\/ul><\/div><\/div>\n<div  style='height:50px' class='hr hr-invisible   avia-builder-el-8  el_after_av_social_share  el_before_av_comments_list '><span class='hr-inner ' ><span class='hr-inner-style'><\/span><\/span><\/div>\n<div  class='av-buildercomment  av-blog-meta-html-info-disabled av-blog-meta-tag-disabled  '><\/div>\n","protected":false},"excerpt":{"rendered":"","protected":false},"author":1,"featured_media":0,"comment_status":"open","ping_status":"open","sticky":false,"template":"","format":"standard","meta":{"footnotes":""},"categories":[49],"tags":[],"class_list":["post-5808","post","type-post","status-publish","format-standard","hentry","category-educacion"],"jetpack_featured_media_url":"","_links":{"self":[{"href":"https:\/\/radiorevelacionfm.cl\/index.php?rest_route=\/wp\/v2\/posts\/5808","targetHints":{"allow":["GET"]}}],"collection":[{"href":"https:\/\/radiorevelacionfm.cl\/index.php?rest_route=\/wp\/v2\/posts"}],"about":[{"href":"https:\/\/radiorevelacionfm.cl\/index.php?rest_route=\/wp\/v2\/types\/post"}],"author":[{"embeddable":true,"href":"https:\/\/radiorevelacionfm.cl\/index.php?rest_route=\/wp\/v2\/users\/1"}],"replies":[{"embeddable":true,"href":"https:\/\/radiorevelacionfm.cl\/index.php?rest_route=%2Fwp%2Fv2%2Fcomments&post=5808"}],"version-history":[{"count":1,"href":"https:\/\/radiorevelacionfm.cl\/index.php?rest_route=\/wp\/v2\/posts\/5808\/revisions"}],"predecessor-version":[{"id":5810,"href":"https:\/\/radiorevelacionfm.cl\/index.php?rest_route=\/wp\/v2\/posts\/5808\/revisions\/5810"}],"wp:attachment":[{"href":"https:\/\/radiorevelacionfm.cl\/index.php?rest_route=%2Fwp%2Fv2%2Fmedia&parent=5808"}],"wp:term":[{"taxonomy":"category","embeddable":true,"href":"https:\/\/radiorevelacionfm.cl\/index.php?rest_route=%2Fwp%2Fv2%2Fcategories&post=5808"},{"taxonomy":"post_tag","embeddable":true,"href":"https:\/\/radiorevelacionfm.cl\/index.php?rest_route=%2Fwp%2Fv2%2Ftags&post=5808"}],"curies":[{"name":"wp","href":"https:\/\/api.w.org\/{rel}","templated":true}]}}