{"id":58079,"date":"2025-08-21T10:02:01","date_gmt":"2025-08-21T13:02:01","guid":{"rendered":"https:\/\/radiorevelacionfm.cl\/?p=58079"},"modified":"2025-08-21T10:02:01","modified_gmt":"2025-08-21T13:02:01","slug":"edelaysen-ejecuta-trabajos-de-mantenimiento-preventivo-en-calle-per-dusen-de-coyhaique","status":"publish","type":"post","link":"https:\/\/radiorevelacionfm.cl\/?p=58079","title":{"rendered":"Edelaysen ejecuta trabajos de mantenimiento preventivo en calle Per Dusen de Coyhaique"},"content":{"rendered":"<div class=\"flex_column av_one_full  flex_column_div av-zero-column-padding first  avia-builder-el-0  el_before_av_one_full  avia-builder-el-first  \" style='border-radius:0px; '><div  class='avia-image-container  av-styling-    avia-builder-el-1  avia-builder-el-no-sibling  avia-align-center '  itemprop=\"image\" itemscope=\"itemscope\" itemtype=\"https:\/\/schema.org\/ImageObject\"  ><div class='avia-image-container-inner'><div class='avia-image-overlay-wrap'><img decoding=\"async\" class='wp-image-58080 avia-img-lazy-loading-not-58080 avia_image' src=\"https:\/\/radiorevelacionfm.cl\/wp-content\/uploads\/2025\/08\/trabajos-calle-per-dusen-1-1-1_optimized-1.jpeg\" alt='' title='trabajos-calle-per-dusen-(1)-(1)-(1)_optimized (1)' height=\"800\" width=\"800\"  itemprop=\"thumbnailUrl\" srcset=\"https:\/\/radiorevelacionfm.cl\/wp-content\/uploads\/2025\/08\/trabajos-calle-per-dusen-1-1-1_optimized-1.jpeg 800w, https:\/\/radiorevelacionfm.cl\/wp-content\/uploads\/2025\/08\/trabajos-calle-per-dusen-1-1-1_optimized-1-300x300.jpeg 300w, https:\/\/radiorevelacionfm.cl\/wp-content\/uploads\/2025\/08\/trabajos-calle-per-dusen-1-1-1_optimized-1-80x80.jpeg 80w, https:\/\/radiorevelacionfm.cl\/wp-content\/uploads\/2025\/08\/trabajos-calle-per-dusen-1-1-1_optimized-1-768x768.jpeg 768w, https:\/\/radiorevelacionfm.cl\/wp-content\/uploads\/2025\/08\/trabajos-calle-per-dusen-1-1-1_optimized-1-36x36.jpeg 36w, https:\/\/radiorevelacionfm.cl\/wp-content\/uploads\/2025\/08\/trabajos-calle-per-dusen-1-1-1_optimized-1-180x180.jpeg 180w, https:\/\/radiorevelacionfm.cl\/wp-content\/uploads\/2025\/08\/trabajos-calle-per-dusen-1-1-1_optimized-1-705x705.jpeg 705w, https:\/\/radiorevelacionfm.cl\/wp-content\/uploads\/2025\/08\/trabajos-calle-per-dusen-1-1-1_optimized-1-120x120.jpeg 120w, https:\/\/radiorevelacionfm.cl\/wp-content\/uploads\/2025\/08\/trabajos-calle-per-dusen-1-1-1_optimized-1-450x450.jpeg 450w, https:\/\/radiorevelacionfm.cl\/wp-content\/uploads\/2025\/08\/trabajos-calle-per-dusen-1-1-1_optimized-1-600x600.jpeg 600w, https:\/\/radiorevelacionfm.cl\/wp-content\/uploads\/2025\/08\/trabajos-calle-per-dusen-1-1-1_optimized-1-100x100.jpeg 100w\" sizes=\"(max-width: 800px) 100vw, 800px\" \/><\/div><\/div><\/div><\/div><div class=\"flex_column av_one_full  flex_column_div av-zero-column-padding first  avia-builder-el-2  el_after_av_one_full  el_before_av_one_full  column-top-margin\" style='border-radius:0px; '><section class=\"av_textblock_section \"  itemscope=\"itemscope\" itemtype=\"https:\/\/schema.org\/BlogPosting\" itemprop=\"blogPost\" ><div class='avia_textblock  '   itemprop=\"text\" ><p style=\"text-align: center;\"><strong><span style=\"font-size: 18pt;\">Edelaysen ejecuta trabajos de mantenimiento preventivo en calle Per Dusen de Coyhaique<\/span><\/strong><\/p>\n<div id=\"gtx-trans\" style=\"position: absolute; left: -50px; top: 4.31534px;\">\n<div class=\"gtx-trans-icon\"><\/div>\n<\/div>\n<\/div><\/section><\/div><div class=\"flex_column av_one_full  flex_column_div av-zero-column-padding first  avia-builder-el-4  el_after_av_one_full  el_before_av_hr  column-top-margin\" style='border-radius:0px; '><section class=\"av_textblock_section \"  itemscope=\"itemscope\" itemtype=\"https:\/\/schema.org\/BlogPosting\" itemprop=\"blogPost\" ><div class='avia_textblock  '   itemprop=\"text\" ><p style=\"text-align: justify;\"><em>Estas faenas forman parte del plan de redes el\u00e9ctricas para reforzar la seguridad y evitar posibles interrupciones del suministro por la ca\u00edda de ramas sobre el tendido.<\/em><\/p>\n<p style=\"text-align: justify;\">Como parte de su plan de mantenimiento preventivo, Edelaysen desarroll\u00f3 trabajos de poda y roce en calle Per Dusen de Coyhaique, lugar de alto tr\u00e1fico vehicular al ser uno de los puntos c\u00e9ntricos de la capital regional, con el fin de reforzar la seguridad del sistema el\u00e9ctrico y garantizar la continuidad del suministro para los hogares y comercio del sector.<\/p>\n<p style=\"text-align: justify;\">De acuerdo con ello, las faenas se ejecutaron de manera planificada y bajo estrictos protocolos de seguridad por el equipo especializado en l\u00edneas energizadas, que permiten no interferir en el suministro el\u00e9ctrico de los vecinos del sector, considerando la importancia de mantener despejadas la faja el\u00e9ctrica frente al crecimiento de \u00e1rboles y vegetaci\u00f3n.<\/p>\n<p style=\"text-align: justify;\">Roberto Pe\u00f1a, ejecutivo de Edelaysen destac\u00f3 que: \u201cCon estas labores buscamos anticiparnos a posibles contingencias que puedan afectar el suministro el\u00e9ctrico, especialmente en temporadas de fuertes vientos, nevazones o lluvia. Nuestro compromiso es entregar un servicio continuo y seguro a nuestros clientes, y para ello la mantenci\u00f3n preventiva de las redes es fundamental\u201d.<\/p>\n<p style=\"text-align: justify;\">Desde la el\u00e9ctrica informaron que continuar\u00e1n ejecutando este tipo de trabajos en distintos puntos de la zona urbana de Coyhaique, con el prop\u00f3sito de fortalecer la confiabilidad del suministro de energ\u00eda, resguardando la seguridad de la comunidad. De esta manera, Edelaysen reafirma su compromiso de mantener un servicio seguro y de calidad, contribuyendo al bienestar de sus clientes y al desarrollo energ\u00e9tico de la regi\u00f3n.<\/p>\n<\/div><\/section><\/div><div  style='height:50px' class='hr hr-invisible   avia-builder-el-6  el_after_av_one_full  el_before_av_social_share '><span class='hr-inner ' ><span class='hr-inner-style'><\/span><\/span><\/div><\/p>\n<div  class='av-social-sharing-box  avia-builder-el-7  el_after_av_hr  el_before_av_hr  '><div class='av-share-box'><h5 class='av-share-link-description av-no-toc '>Compartir esta noticia<\/h5><ul class='av-share-box-list noLightbox'><li class='av-share-link av-social-link-facebook' ><a target=\"_blank\" aria-label=\"Compartir en Facebook\" href='https:\/\/www.facebook.com\/sharer.php?u=https:\/\/radiorevelacionfm.cl\/?p=58079&#038;t=Edelaysen%20ejecuta%20trabajos%20de%20mantenimiento%20preventivo%20en%20calle%20Per%20Dusen%20de%20Coyhaique' aria-hidden='false' data-av_icon='\ue8f3' data-av_iconfont='entypo-fontello' title='' data-avia-related-tooltip='Compartir en Facebook' rel=\"noopener\"><span class='avia_hidden_link_text'>Compartir en Facebook<\/span><\/a><\/li><li class='av-share-link av-social-link-twitter' ><a target=\"_blank\" aria-label=\"Compartir en Twitter\" href='https:\/\/twitter.com\/share?text=Edelaysen%20ejecuta%20trabajos%20de%20mantenimiento%20preventivo%20en%20calle%20Per%20Dusen%20de%20Coyhaique&#038;url=https:\/\/radiorevelacionfm.cl\/?p=58079' aria-hidden='false' data-av_icon='\ue8f1' data-av_iconfont='entypo-fontello' title='' data-avia-related-tooltip='Compartir en Twitter' rel=\"noopener\"><span class='avia_hidden_link_text'>Compartir en Twitter<\/span><\/a><\/li><li class='av-share-link av-social-link-whatsapp' ><a target=\"_blank\" aria-label=\"Compartir en Whatsapp\" href='https:\/\/api.whatsapp.com\/send?text=https:\/\/radiorevelacionfm.cl\/?p=58079' aria-hidden='false' data-av_icon='\uf232' data-av_iconfont='entypo-fontello' title='' data-avia-related-tooltip='Compartir en Whatsapp' rel=\"noopener\"><span class='avia_hidden_link_text'>Compartir en Whatsapp<\/span><\/a><\/li><li class='av-share-link av-social-link-linkedin' ><a target=\"_blank\" aria-label=\"Compartir en LinkedIn\" href='https:\/\/linkedin.com\/shareArticle?mini=true&#038;title=Edelaysen%20ejecuta%20trabajos%20de%20mantenimiento%20preventivo%20en%20calle%20Per%20Dusen%20de%20Coyhaique&#038;url=https:\/\/radiorevelacionfm.cl\/?p=58079' aria-hidden='false' data-av_icon='\ue8fc' data-av_iconfont='entypo-fontello' title='' data-avia-related-tooltip='Compartir en LinkedIn' rel=\"noopener\"><span class='avia_hidden_link_text'>Compartir en LinkedIn<\/span><\/a><\/li><li class='av-share-link av-social-link-mail' ><a  aria-label=\"Compartir por correo\" href='mailto:?subject=Edelaysen%20ejecuta%20trabajos%20de%20mantenimiento%20preventivo%20en%20calle%20Per%20Dusen%20de%20Coyhaique&#038;body=https:\/\/radiorevelacionfm.cl\/?p=58079' aria-hidden='false' data-av_icon='\ue805' data-av_iconfont='entypo-fontello' title='' data-avia-related-tooltip='Compartir por correo'><span class='avia_hidden_link_text'>Compartir por correo<\/span><\/a><\/li><\/ul><\/div><\/div>\n<div  style='height:50px' class='hr hr-invisible   avia-builder-el-8  el_after_av_social_share  el_before_av_comments_list '><span class='hr-inner ' ><span class='hr-inner-style'><\/span><\/span><\/div>\n<div  class='av-buildercomment  av-blog-meta-html-info-disabled av-blog-meta-tag-disabled  '><\/div>\n","protected":false},"excerpt":{"rendered":"","protected":false},"author":1,"featured_media":58080,"comment_status":"closed","ping_status":"closed","sticky":false,"template":"","format":"standard","meta":{"footnotes":""},"categories":[38],"tags":[],"class_list":["post-58079","post","type-post","status-publish","format-standard","has-post-thumbnail","hentry","category-regional"],"jetpack_featured_media_url":"https:\/\/radiorevelacionfm.cl\/wp-content\/uploads\/2025\/08\/trabajos-calle-per-dusen-1-1-1_optimized-1.jpeg","_links":{"self":[{"href":"https:\/\/radiorevelacionfm.cl\/index.php?rest_route=\/wp\/v2\/posts\/58079","targetHints":{"allow":["GET"]}}],"collection":[{"href":"https:\/\/radiorevelacionfm.cl\/index.php?rest_route=\/wp\/v2\/posts"}],"about":[{"href":"https:\/\/radiorevelacionfm.cl\/index.php?rest_route=\/wp\/v2\/types\/post"}],"author":[{"embeddable":true,"href":"https:\/\/radiorevelacionfm.cl\/index.php?rest_route=\/wp\/v2\/users\/1"}],"replies":[{"embeddable":true,"href":"https:\/\/radiorevelacionfm.cl\/index.php?rest_route=%2Fwp%2Fv2%2Fcomments&post=58079"}],"version-history":[{"count":2,"href":"https:\/\/radiorevelacionfm.cl\/index.php?rest_route=\/wp\/v2\/posts\/58079\/revisions"}],"predecessor-version":[{"id":58091,"href":"https:\/\/radiorevelacionfm.cl\/index.php?rest_route=\/wp\/v2\/posts\/58079\/revisions\/58091"}],"wp:featuredmedia":[{"embeddable":true,"href":"https:\/\/radiorevelacionfm.cl\/index.php?rest_route=\/wp\/v2\/media\/58080"}],"wp:attachment":[{"href":"https:\/\/radiorevelacionfm.cl\/index.php?rest_route=%2Fwp%2Fv2%2Fmedia&parent=58079"}],"wp:term":[{"taxonomy":"category","embeddable":true,"href":"https:\/\/radiorevelacionfm.cl\/index.php?rest_route=%2Fwp%2Fv2%2Fcategories&post=58079"},{"taxonomy":"post_tag","embeddable":true,"href":"https:\/\/radiorevelacionfm.cl\/index.php?rest_route=%2Fwp%2Fv2%2Ftags&post=58079"}],"curies":[{"name":"wp","href":"https:\/\/api.w.org\/{rel}","templated":true}]}}