{"id":58077,"date":"2025-08-21T20:13:07","date_gmt":"2025-08-21T23:13:07","guid":{"rendered":"https:\/\/radiorevelacionfm.cl\/?p=58077"},"modified":"2025-08-21T20:13:07","modified_gmt":"2025-08-21T23:13:07","slug":"senador-sandoval-agradecer-a-cada-una-de-las-personas-con-quienes-hemos-construido-afecto-y-carino-a-lo-largo-de-todos-estos-anos","status":"publish","type":"post","link":"https:\/\/radiorevelacionfm.cl\/?p=58077","title":{"rendered":"Senador Sandoval: \u201cAgradecer a cada una de las personas con quienes hemos construido afecto y cari\u00f1o a lo largo de todos estos a\u00f1os\u201d"},"content":{"rendered":"<div class=\"flex_column av_one_full  flex_column_div av-zero-column-padding first  avia-builder-el-0  el_before_av_one_full  avia-builder-el-first  \" style='border-radius:0px; '><div  class='avia-image-container  av-styling-    avia-builder-el-1  avia-builder-el-no-sibling  avia-align-center '  itemprop=\"image\" itemscope=\"itemscope\" itemtype=\"https:\/\/schema.org\/ImageObject\"  ><div class='avia-image-container-inner'><div class='avia-image-overlay-wrap'><img decoding=\"async\" class='wp-image-52265 avia-img-lazy-loading-not-52265 avia_image' src=\"https:\/\/radiorevelacionfm.cl\/wp-content\/uploads\/2025\/04\/SENADOR-SANDOVAL-06.04.2025-1-1.jpg\" alt='' title='SENADOR SANDOVAL 06.04.2025 (1) (1)' height=\"600\" width=\"730\"  itemprop=\"thumbnailUrl\" srcset=\"https:\/\/radiorevelacionfm.cl\/wp-content\/uploads\/2025\/04\/SENADOR-SANDOVAL-06.04.2025-1-1.jpg 730w, https:\/\/radiorevelacionfm.cl\/wp-content\/uploads\/2025\/04\/SENADOR-SANDOVAL-06.04.2025-1-1-300x247.jpg 300w, https:\/\/radiorevelacionfm.cl\/wp-content\/uploads\/2025\/04\/SENADOR-SANDOVAL-06.04.2025-1-1-705x579.jpg 705w, https:\/\/radiorevelacionfm.cl\/wp-content\/uploads\/2025\/04\/SENADOR-SANDOVAL-06.04.2025-1-1-450x370.jpg 450w, https:\/\/radiorevelacionfm.cl\/wp-content\/uploads\/2025\/04\/SENADOR-SANDOVAL-06.04.2025-1-1-600x493.jpg 600w\" sizes=\"(max-width: 730px) 100vw, 730px\" \/><\/div><\/div><\/div><\/div><div class=\"flex_column av_one_full  flex_column_div av-zero-column-padding first  avia-builder-el-2  el_after_av_one_full  el_before_av_one_full  column-top-margin\" style='border-radius:0px; '><section class=\"av_textblock_section \"  itemscope=\"itemscope\" itemtype=\"https:\/\/schema.org\/BlogPosting\" itemprop=\"blogPost\" ><div class='avia_textblock  '   itemprop=\"text\" ><p style=\"text-align: center;\"><strong><span style=\"font-size: 18pt;\">Senador Sandoval: \u201cAgradecer a cada una de las personas con quienes hemos construido afecto y cari\u00f1o a lo largo de todos estos a\u00f1os\u201d<\/span><\/strong><\/p>\n<div id=\"gtx-trans\" style=\"position: absolute; left: -50px; top: 4.31534px;\">\n<div class=\"gtx-trans-icon\"><\/div>\n<\/div>\n<\/div><\/section><\/div><div class=\"flex_column av_one_full  flex_column_div av-zero-column-padding first  avia-builder-el-4  el_after_av_one_full  el_before_av_hr  column-top-margin\" style='border-radius:0px; '><section class=\"av_textblock_section \"  itemscope=\"itemscope\" itemtype=\"https:\/\/schema.org\/BlogPosting\" itemprop=\"blogPost\" ><div class='avia_textblock  '   itemprop=\"text\" ><p style=\"text-align: justify;\">El senador David Sandoval agradeci\u00f3 las muestras de cari\u00f1o recibida en los \u00faltimos d\u00edas tras su decisi\u00f3n de no ir a la reelecci\u00f3n por un nuevo periodo parlamentario.<\/p>\n<p style=\"text-align: justify;\">\u201cS\u00e9 que en estos \u00faltimos d\u00edas ha habido bastantes inquietudes respecto de las decisiones pol\u00edticas que en la vida se tienen que tomar\u201d, se\u00f1al\u00f3 el legislador, valorando el respaldo que siempre tuvo en cada una de los procesos eleccionarios en los que particip\u00f3, tanto para alcalde como parlamentario. \u201cDurante todos estos a\u00f1os hemos contado con el respaldo mayoritario en cada una de mis 7 elecciones en las que tuve el privilegio de participar en la regi\u00f3n de Ays\u00e9n, donde me propiciaron siempre esas primeras mayor\u00edas en cada una de las funciones que me toc\u00f3 cumplir\u201d, subray\u00f3.<\/p>\n<p style=\"text-align: justify;\">Sandoval resalt\u00f3 que este trabajo fue realizado siempre con el convencimiento de llevar la responsabilidad \u201cde representarlos cabal y dignamente con toda la probidad, con toda la transparencia que hoy d\u00eda se exige para quienes ejercemos estas funciones p\u00fablicas\u201d reiterando su agradecimiento \u201ca cada una de las personas con quienes a lo largo de estos a\u00f1os hemos construido afecto, hemos construido cari\u00f1o\u201d.<\/p>\n<p style=\"text-align: justify;\">\u201cMuchas gracias a las personas que, en estos \u00faltimos d\u00edas, en estas \u00faltimas horas me han llamado manifest\u00e1ndome su cari\u00f1o, manifest\u00e1ndome su afecto. Para m\u00ed y para mi familia, evidentemente nos compromete. Yo sigo viviendo en la regi\u00f3n de Ays\u00e9n y desde donde est\u00e9 vamos a seguir siempre con la regi\u00f3n de Ays\u00e9n puesta muy profundamente en nuestros corazones\u201d, expres\u00f3.<\/p>\n<p style=\"text-align: justify;\">Por \u00faltimo, el parlamentario envi\u00f3 un mensaje a la comunidad regional: \u201cLo m\u00e1s importante es que cada uno de ustedes van a estar siempre con sus necesidades, con sus requerimientos, con ese afecto y ese cari\u00f1o siempre en nuestros corazones, porque tenemos un profundo agradecimiento por todas las oportunidades que la regi\u00f3n de Ays\u00e9n nos ha brindado\u201d.<\/p>\n<\/div><\/section><\/div><div  style='height:50px' class='hr hr-invisible   avia-builder-el-6  el_after_av_one_full  el_before_av_social_share '><span class='hr-inner ' ><span class='hr-inner-style'><\/span><\/span><\/div><\/p>\n<div  class='av-social-sharing-box  avia-builder-el-7  el_after_av_hr  el_before_av_hr  '><div class='av-share-box'><h5 class='av-share-link-description av-no-toc '>Compartir esta noticia<\/h5><ul class='av-share-box-list noLightbox'><li class='av-share-link av-social-link-facebook' ><a target=\"_blank\" aria-label=\"Compartir en Facebook\" href='https:\/\/www.facebook.com\/sharer.php?u=https:\/\/radiorevelacionfm.cl\/?p=58077&#038;t=Senador%20Sandoval%3A%20%E2%80%9CAgradecer%20a%20cada%20una%20de%20las%20personas%20con%20quienes%20hemos%20construido%20afecto%20y%20cari%C3%B1o%20a%20lo%20largo%20de%20todos%20estos%20a%C3%B1os%E2%80%9D' aria-hidden='false' data-av_icon='\ue8f3' data-av_iconfont='entypo-fontello' title='' data-avia-related-tooltip='Compartir en Facebook' rel=\"noopener\"><span class='avia_hidden_link_text'>Compartir en Facebook<\/span><\/a><\/li><li class='av-share-link av-social-link-twitter' ><a target=\"_blank\" aria-label=\"Compartir en Twitter\" href='https:\/\/twitter.com\/share?text=Senador%20Sandoval%3A%20%E2%80%9CAgradecer%20a%20cada%20una%20de%20las%20personas%20con%20quienes%20hemos%20construido%20afecto%20y%20cari%C3%B1o%20a%20lo%20largo%20de%20todos%20estos%20a%C3%B1os%E2%80%9D&#038;url=https:\/\/radiorevelacionfm.cl\/?p=58077' aria-hidden='false' data-av_icon='\ue8f1' data-av_iconfont='entypo-fontello' title='' data-avia-related-tooltip='Compartir en Twitter' rel=\"noopener\"><span class='avia_hidden_link_text'>Compartir en Twitter<\/span><\/a><\/li><li class='av-share-link av-social-link-whatsapp' ><a target=\"_blank\" aria-label=\"Compartir en Whatsapp\" href='https:\/\/api.whatsapp.com\/send?text=https:\/\/radiorevelacionfm.cl\/?p=58077' aria-hidden='false' data-av_icon='\uf232' data-av_iconfont='entypo-fontello' title='' data-avia-related-tooltip='Compartir en Whatsapp' rel=\"noopener\"><span class='avia_hidden_link_text'>Compartir en Whatsapp<\/span><\/a><\/li><li class='av-share-link av-social-link-linkedin' ><a target=\"_blank\" aria-label=\"Compartir en LinkedIn\" href='https:\/\/linkedin.com\/shareArticle?mini=true&#038;title=Senador%20Sandoval%3A%20%E2%80%9CAgradecer%20a%20cada%20una%20de%20las%20personas%20con%20quienes%20hemos%20construido%20afecto%20y%20cari%C3%B1o%20a%20lo%20largo%20de%20todos%20estos%20a%C3%B1os%E2%80%9D&#038;url=https:\/\/radiorevelacionfm.cl\/?p=58077' aria-hidden='false' data-av_icon='\ue8fc' data-av_iconfont='entypo-fontello' title='' data-avia-related-tooltip='Compartir en LinkedIn' rel=\"noopener\"><span class='avia_hidden_link_text'>Compartir en LinkedIn<\/span><\/a><\/li><li class='av-share-link av-social-link-mail' ><a  aria-label=\"Compartir por correo\" href='mailto:?subject=Senador%20Sandoval%3A%20%E2%80%9CAgradecer%20a%20cada%20una%20de%20las%20personas%20con%20quienes%20hemos%20construido%20afecto%20y%20cari%C3%B1o%20a%20lo%20largo%20de%20todos%20estos%20a%C3%B1os%E2%80%9D&#038;body=https:\/\/radiorevelacionfm.cl\/?p=58077' aria-hidden='false' data-av_icon='\ue805' data-av_iconfont='entypo-fontello' title='' data-avia-related-tooltip='Compartir por correo'><span class='avia_hidden_link_text'>Compartir por correo<\/span><\/a><\/li><\/ul><\/div><\/div>\n<div  style='height:50px' class='hr hr-invisible   avia-builder-el-8  el_after_av_social_share  el_before_av_comments_list '><span class='hr-inner ' ><span class='hr-inner-style'><\/span><\/span><\/div>\n<div  class='av-buildercomment  av-blog-meta-html-info-disabled av-blog-meta-tag-disabled  '><\/div>\n","protected":false},"excerpt":{"rendered":"","protected":false},"author":1,"featured_media":52265,"comment_status":"closed","ping_status":"closed","sticky":false,"template":"","format":"standard","meta":{"footnotes":""},"categories":[35],"tags":[],"class_list":["post-58077","post","type-post","status-publish","format-standard","has-post-thumbnail","hentry","category-politica"],"jetpack_featured_media_url":"https:\/\/radiorevelacionfm.cl\/wp-content\/uploads\/2025\/04\/SENADOR-SANDOVAL-06.04.2025-1-1.jpg","_links":{"self":[{"href":"https:\/\/radiorevelacionfm.cl\/index.php?rest_route=\/wp\/v2\/posts\/58077","targetHints":{"allow":["GET"]}}],"collection":[{"href":"https:\/\/radiorevelacionfm.cl\/index.php?rest_route=\/wp\/v2\/posts"}],"about":[{"href":"https:\/\/radiorevelacionfm.cl\/index.php?rest_route=\/wp\/v2\/types\/post"}],"author":[{"embeddable":true,"href":"https:\/\/radiorevelacionfm.cl\/index.php?rest_route=\/wp\/v2\/users\/1"}],"replies":[{"embeddable":true,"href":"https:\/\/radiorevelacionfm.cl\/index.php?rest_route=%2Fwp%2Fv2%2Fcomments&post=58077"}],"version-history":[{"count":2,"href":"https:\/\/radiorevelacionfm.cl\/index.php?rest_route=\/wp\/v2\/posts\/58077\/revisions"}],"predecessor-version":[{"id":58133,"href":"https:\/\/radiorevelacionfm.cl\/index.php?rest_route=\/wp\/v2\/posts\/58077\/revisions\/58133"}],"wp:featuredmedia":[{"embeddable":true,"href":"https:\/\/radiorevelacionfm.cl\/index.php?rest_route=\/wp\/v2\/media\/52265"}],"wp:attachment":[{"href":"https:\/\/radiorevelacionfm.cl\/index.php?rest_route=%2Fwp%2Fv2%2Fmedia&parent=58077"}],"wp:term":[{"taxonomy":"category","embeddable":true,"href":"https:\/\/radiorevelacionfm.cl\/index.php?rest_route=%2Fwp%2Fv2%2Fcategories&post=58077"},{"taxonomy":"post_tag","embeddable":true,"href":"https:\/\/radiorevelacionfm.cl\/index.php?rest_route=%2Fwp%2Fv2%2Ftags&post=58077"}],"curies":[{"name":"wp","href":"https:\/\/api.w.org\/{rel}","templated":true}]}}