{"id":58074,"date":"2025-08-21T09:52:23","date_gmt":"2025-08-21T12:52:23","guid":{"rendered":"https:\/\/radiorevelacionfm.cl\/?p=58074"},"modified":"2025-08-21T09:52:23","modified_gmt":"2025-08-21T12:52:23","slug":"100-lideres-mayores-inicia-sus-postulaciones-para-la-quinta-edicion","status":"publish","type":"post","link":"https:\/\/radiorevelacionfm.cl\/?p=58074","title":{"rendered":"\u201c100 L\u00edderes Mayores\u201d inicia sus postulaciones para la quinta edici\u00f3n"},"content":{"rendered":"<div class=\"flex_column av_one_full  flex_column_div av-zero-column-padding first  avia-builder-el-0  el_before_av_one_full  avia-builder-el-first  \" style='border-radius:0px; '><div  class='avia-image-container  av-styling-    avia-builder-el-1  avia-builder-el-no-sibling  avia-align-center '  itemprop=\"image\" itemscope=\"itemscope\" itemtype=\"https:\/\/schema.org\/ImageObject\"  ><div class='avia-image-container-inner'><div class='avia-image-overlay-wrap'><img decoding=\"async\" class='wp-image-58075 avia-img-lazy-loading-not-58075 avia_image' src=\"https:\/\/radiorevelacionfm.cl\/wp-content\/uploads\/2025\/08\/lm-por-region_aysen-hombre_feed-1_optimized.jpg\" alt='' title='lm-por-region_aysen-hombre_feed-(1)_optimized' height=\"600\" width=\"942\"  itemprop=\"thumbnailUrl\" srcset=\"https:\/\/radiorevelacionfm.cl\/wp-content\/uploads\/2025\/08\/lm-por-region_aysen-hombre_feed-1_optimized.jpg 942w, https:\/\/radiorevelacionfm.cl\/wp-content\/uploads\/2025\/08\/lm-por-region_aysen-hombre_feed-1_optimized-300x191.jpg 300w, https:\/\/radiorevelacionfm.cl\/wp-content\/uploads\/2025\/08\/lm-por-region_aysen-hombre_feed-1_optimized-768x489.jpg 768w, https:\/\/radiorevelacionfm.cl\/wp-content\/uploads\/2025\/08\/lm-por-region_aysen-hombre_feed-1_optimized-705x449.jpg 705w, https:\/\/radiorevelacionfm.cl\/wp-content\/uploads\/2025\/08\/lm-por-region_aysen-hombre_feed-1_optimized-450x287.jpg 450w, https:\/\/radiorevelacionfm.cl\/wp-content\/uploads\/2025\/08\/lm-por-region_aysen-hombre_feed-1_optimized-600x382.jpg 600w\" sizes=\"(max-width: 942px) 100vw, 942px\" \/><\/div><\/div><\/div><\/div><div class=\"flex_column av_one_full  flex_column_div av-zero-column-padding first  avia-builder-el-2  el_after_av_one_full  el_before_av_one_full  column-top-margin\" style='border-radius:0px; '><section class=\"av_textblock_section \"  itemscope=\"itemscope\" itemtype=\"https:\/\/schema.org\/BlogPosting\" itemprop=\"blogPost\" ><div class='avia_textblock  '   itemprop=\"text\" ><p style=\"text-align: center;\"><strong><span style=\"font-size: 18pt;\">\u201c100 L\u00edderes Mayores\u201d inicia sus postulaciones para la quinta edici\u00f3n<\/span><\/strong><\/p>\n<div id=\"gtx-trans\" style=\"position: absolute; left: -50px; top: 4.31534px;\">\n<div class=\"gtx-trans-icon\"><\/div>\n<\/div>\n<\/div><\/section><\/div><div class=\"flex_column av_one_full  flex_column_div av-zero-column-padding first  avia-builder-el-4  el_after_av_one_full  el_before_av_hr  column-top-margin\" style='border-radius:0px; '><section class=\"av_textblock_section \"  itemscope=\"itemscope\" itemtype=\"https:\/\/schema.org\/BlogPosting\" itemprop=\"blogPost\" ><div class='avia_textblock  '   itemprop=\"text\" ><p style=\"text-align: justify;\">Hasta el 26 de agosto se puede postular a la quinta edici\u00f3n de \u201c100 L\u00edderes Mayores\u201d, iniciativa de Conecta Mayor UC, \u201dEl Mercurio\u201d y la Pontificia Universidad Cat\u00f3lica de Chile que busca destacar a personas mayores que aportan al desarrollo del pa\u00eds y lideran cambios sociales gracias a su talento y experiencia.<\/p>\n<p style=\"text-align: justify;\">Los candidatos deben ser personas de 75 a\u00f1os o m\u00e1s que se hayan destacado en el \u00faltimo a\u00f1o derribando prejuicios asociados a la edad. Para esto la iniciativa cuenta con cinco categor\u00edas:\u00a0 Ciencias y Humanidades; Cultura y Artes; Econom\u00eda y Oficios tradicionales; Labor comunitaria y Pol\u00edtica, y Vida saludable y Deportes. Las postulaciones se realizan a trav\u00e9s del sitio web\u00a0<a href=\"http:\/\/www.lideresmayores.cl\/\">www.lideresmayores.cl<\/a>, espacio donde tambi\u00e9n se pueden conocer y disfrutar las historias de l\u00edderes mayores de las ediciones anteriores.<\/p>\n<p style=\"text-align: justify;\">\u201cLa edad no es un l\u00edmite para impactar y as\u00ed lo han demostrado los 400 L\u00edderes Mayores de las ediciones anteriores, donde hemos podido conocer y apreciar historias de mucha colaboraci\u00f3n y de poder transformador. Queremos seguir difundiendo esos ejemplos de todos las regiones del pa\u00eds, porque la pasi\u00f3n no tiene fecha de vencimiento. El llamado es a despojarse de los prejuicios y con una mirada amplia y generosa reconocer el empuje y optimismo de las miles de personas mayores que hoy trabajan por Chile\u201d, explica <strong>Eduardo Toro<\/strong>, director ejecutivo de Conecta Mayor UC.<\/p>\n<p style=\"text-align: justify;\">De la Regi\u00f3n de Ays\u00e9n, algunos L\u00edderes Mayores reconocidos han sido el tejuelero y dirigente comunitario de Tortel, <strong>Olegario Hern\u00e1ndez<\/strong> y la escritora <strong>Rosa G\u00f3mez<\/strong>, entre otros.<\/p>\n<p style=\"text-align: justify;\">Los cien finalistas se presentar\u00e1n en una Edici\u00f3n Especial publicada en \u201cEl Mercurio\u201d y se reunir\u00e1n en noviembre en una ceremonia en la Pontificia Universidad Cat\u00f3lica de Chile, que ser\u00e1 transmitida por EmolTV y en el canal de YouTube de TVN.<\/p>\n<p style=\"text-align: justify;\">El jurado est\u00e1 compuesto por representantes de organizaciones auspiciadoras y colaboradoras donde, adem\u00e1s, cinco L\u00edderes Mayores de la versi\u00f3n anterior ser\u00e1n los encargados de representar a los 400 destacados que ya lleva la iniciativa. Para el 2025, esta misi\u00f3n estar\u00e1 a cargo del tenista Jaime Fillol; la periodista M\u00f3nica Gonz\u00e1lez; Marta Loyola, dirigente social de la comuna de Colina, Regi\u00f3n Metropolitana; el dirigente empresarial Peter Hil, adem\u00e1s de la actriz y humorista, Gloria Benavides.<\/p>\n<p style=\"text-align: justify;\"><strong>Fundaci\u00f3n Conecta Mayor <\/strong>es una organizaci\u00f3n de la Pontificia Universidad Cat\u00f3lica de Chile que busca promover la integraci\u00f3n social y el empoderamiento de las personas mayores, a trav\u00e9s de la inclusi\u00f3n digital y de un cambio cultural en torno a la vejez. Su trabajo se enfoca en el dise\u00f1o de servicios, programas y herramientas tecnol\u00f3gicas inclusivas y de muy f\u00e1cil acceso, y de metodolog\u00edas de aprendizaje digital para empoderar y potenciar la autonom\u00eda de las personas mayores. Adem\u00e1s, busca impulsar un cambio cultural para resignificar la vejez, participando activamente del debate p\u00fablico, creando campa\u00f1as que rompen con estereotipos y prejuicios y fomentando el encuentro intergeneracional.<\/p>\n<p style=\"text-align: justify;\"><a href=\"http:\/\/www.conectamayor.cl\">http:\/\/www.conectamayor.cl<\/a><\/p>\n<\/div><\/section><\/div><div  style='height:50px' class='hr hr-invisible   avia-builder-el-6  el_after_av_one_full  el_before_av_social_share '><span class='hr-inner ' ><span class='hr-inner-style'><\/span><\/span><\/div><\/p>\n<div  class='av-social-sharing-box  avia-builder-el-7  el_after_av_hr  el_before_av_hr  '><div class='av-share-box'><h5 class='av-share-link-description av-no-toc '>Compartir esta noticia<\/h5><ul class='av-share-box-list noLightbox'><li class='av-share-link av-social-link-facebook' ><a target=\"_blank\" aria-label=\"Compartir en Facebook\" href='https:\/\/www.facebook.com\/sharer.php?u=https:\/\/radiorevelacionfm.cl\/?p=58074&#038;t=%E2%80%9C100%20L%C3%ADderes%20Mayores%E2%80%9D%20inicia%20sus%20postulaciones%20para%20la%20quinta%20edici%C3%B3n' aria-hidden='false' data-av_icon='\ue8f3' data-av_iconfont='entypo-fontello' title='' data-avia-related-tooltip='Compartir en Facebook' rel=\"noopener\"><span class='avia_hidden_link_text'>Compartir en Facebook<\/span><\/a><\/li><li class='av-share-link av-social-link-twitter' ><a target=\"_blank\" aria-label=\"Compartir en Twitter\" href='https:\/\/twitter.com\/share?text=%E2%80%9C100%20L%C3%ADderes%20Mayores%E2%80%9D%20inicia%20sus%20postulaciones%20para%20la%20quinta%20edici%C3%B3n&#038;url=https:\/\/radiorevelacionfm.cl\/?p=58074' aria-hidden='false' data-av_icon='\ue8f1' data-av_iconfont='entypo-fontello' title='' data-avia-related-tooltip='Compartir en Twitter' rel=\"noopener\"><span class='avia_hidden_link_text'>Compartir en Twitter<\/span><\/a><\/li><li class='av-share-link av-social-link-whatsapp' ><a target=\"_blank\" aria-label=\"Compartir en Whatsapp\" href='https:\/\/api.whatsapp.com\/send?text=https:\/\/radiorevelacionfm.cl\/?p=58074' aria-hidden='false' data-av_icon='\uf232' data-av_iconfont='entypo-fontello' title='' data-avia-related-tooltip='Compartir en Whatsapp' rel=\"noopener\"><span class='avia_hidden_link_text'>Compartir en Whatsapp<\/span><\/a><\/li><li class='av-share-link av-social-link-linkedin' ><a target=\"_blank\" aria-label=\"Compartir en LinkedIn\" href='https:\/\/linkedin.com\/shareArticle?mini=true&#038;title=%E2%80%9C100%20L%C3%ADderes%20Mayores%E2%80%9D%20inicia%20sus%20postulaciones%20para%20la%20quinta%20edici%C3%B3n&#038;url=https:\/\/radiorevelacionfm.cl\/?p=58074' aria-hidden='false' data-av_icon='\ue8fc' data-av_iconfont='entypo-fontello' title='' data-avia-related-tooltip='Compartir en LinkedIn' rel=\"noopener\"><span class='avia_hidden_link_text'>Compartir en LinkedIn<\/span><\/a><\/li><li class='av-share-link av-social-link-mail' ><a  aria-label=\"Compartir por correo\" href='mailto:?subject=%E2%80%9C100%20L%C3%ADderes%20Mayores%E2%80%9D%20inicia%20sus%20postulaciones%20para%20la%20quinta%20edici%C3%B3n&#038;body=https:\/\/radiorevelacionfm.cl\/?p=58074' aria-hidden='false' data-av_icon='\ue805' data-av_iconfont='entypo-fontello' title='' data-avia-related-tooltip='Compartir por correo'><span class='avia_hidden_link_text'>Compartir por correo<\/span><\/a><\/li><\/ul><\/div><\/div>\n<div  style='height:50px' class='hr hr-invisible   avia-builder-el-8  el_after_av_social_share  el_before_av_comments_list '><span class='hr-inner ' ><span class='hr-inner-style'><\/span><\/span><\/div>\n<div  class='av-buildercomment  av-blog-meta-html-info-disabled av-blog-meta-tag-disabled  '><\/div>\n","protected":false},"excerpt":{"rendered":"","protected":false},"author":1,"featured_media":58075,"comment_status":"closed","ping_status":"closed","sticky":false,"template":"","format":"standard","meta":{"footnotes":""},"categories":[61],"tags":[],"class_list":["post-58074","post","type-post","status-publish","format-standard","has-post-thumbnail","hentry","category-nacional"],"jetpack_featured_media_url":"https:\/\/radiorevelacionfm.cl\/wp-content\/uploads\/2025\/08\/lm-por-region_aysen-hombre_feed-1_optimized.jpg","_links":{"self":[{"href":"https:\/\/radiorevelacionfm.cl\/index.php?rest_route=\/wp\/v2\/posts\/58074","targetHints":{"allow":["GET"]}}],"collection":[{"href":"https:\/\/radiorevelacionfm.cl\/index.php?rest_route=\/wp\/v2\/posts"}],"about":[{"href":"https:\/\/radiorevelacionfm.cl\/index.php?rest_route=\/wp\/v2\/types\/post"}],"author":[{"embeddable":true,"href":"https:\/\/radiorevelacionfm.cl\/index.php?rest_route=\/wp\/v2\/users\/1"}],"replies":[{"embeddable":true,"href":"https:\/\/radiorevelacionfm.cl\/index.php?rest_route=%2Fwp%2Fv2%2Fcomments&post=58074"}],"version-history":[{"count":2,"href":"https:\/\/radiorevelacionfm.cl\/index.php?rest_route=\/wp\/v2\/posts\/58074\/revisions"}],"predecessor-version":[{"id":58090,"href":"https:\/\/radiorevelacionfm.cl\/index.php?rest_route=\/wp\/v2\/posts\/58074\/revisions\/58090"}],"wp:featuredmedia":[{"embeddable":true,"href":"https:\/\/radiorevelacionfm.cl\/index.php?rest_route=\/wp\/v2\/media\/58075"}],"wp:attachment":[{"href":"https:\/\/radiorevelacionfm.cl\/index.php?rest_route=%2Fwp%2Fv2%2Fmedia&parent=58074"}],"wp:term":[{"taxonomy":"category","embeddable":true,"href":"https:\/\/radiorevelacionfm.cl\/index.php?rest_route=%2Fwp%2Fv2%2Fcategories&post=58074"},{"taxonomy":"post_tag","embeddable":true,"href":"https:\/\/radiorevelacionfm.cl\/index.php?rest_route=%2Fwp%2Fv2%2Ftags&post=58074"}],"curies":[{"name":"wp","href":"https:\/\/api.w.org\/{rel}","templated":true}]}}