{"id":58071,"date":"2025-08-20T21:40:23","date_gmt":"2025-08-21T00:40:23","guid":{"rendered":"https:\/\/radiorevelacionfm.cl\/?p=58071"},"modified":"2025-08-20T21:43:44","modified_gmt":"2025-08-21T00:43:44","slug":"region-de-aysen-supero-su-meta-del-plan-de-emergencia-habitacional-con-mil-306-viviendas-entregadas","status":"publish","type":"post","link":"https:\/\/radiorevelacionfm.cl\/?p=58071","title":{"rendered":"Regi\u00f3n de Ays\u00e9n super\u00f3 su meta del Plan de Emergencia Habitacional con 1.306 viviendas entregadas"},"content":{"rendered":"<div class=\"flex_column av_one_full  flex_column_div av-zero-column-padding first  avia-builder-el-0  el_before_av_one_full  avia-builder-el-first  \" style='border-radius:0px; '><div  class='avia-image-container  av-styling-    avia-builder-el-1  avia-builder-el-no-sibling  avia-align-center '  itemprop=\"image\" itemscope=\"itemscope\" itemtype=\"https:\/\/schema.org\/ImageObject\"  ><div class='avia-image-container-inner'><div class='avia-image-overlay-wrap'><img decoding=\"async\" class='wp-image-58072 avia-img-lazy-loading-not-58072 avia_image' src=\"https:\/\/radiorevelacionfm.cl\/wp-content\/uploads\/2025\/08\/acto-de-entrega-de-100-viviendas-para-familias-del-comite-ruka-kimun-de-coyhaique-1_optimized.jpeg\" alt='' title='acto-de-entrega-de-100-viviendas-para-familias-del-comit\u00e9-ruka-kim\u00fan-de-coyhaique-(1)_optimized' height=\"600\" width=\"901\"  itemprop=\"thumbnailUrl\" srcset=\"https:\/\/radiorevelacionfm.cl\/wp-content\/uploads\/2025\/08\/acto-de-entrega-de-100-viviendas-para-familias-del-comite-ruka-kimun-de-coyhaique-1_optimized.jpeg 901w, https:\/\/radiorevelacionfm.cl\/wp-content\/uploads\/2025\/08\/acto-de-entrega-de-100-viviendas-para-familias-del-comite-ruka-kimun-de-coyhaique-1_optimized-300x200.jpeg 300w, https:\/\/radiorevelacionfm.cl\/wp-content\/uploads\/2025\/08\/acto-de-entrega-de-100-viviendas-para-familias-del-comite-ruka-kimun-de-coyhaique-1_optimized-768x511.jpeg 768w, https:\/\/radiorevelacionfm.cl\/wp-content\/uploads\/2025\/08\/acto-de-entrega-de-100-viviendas-para-familias-del-comite-ruka-kimun-de-coyhaique-1_optimized-705x469.jpeg 705w, https:\/\/radiorevelacionfm.cl\/wp-content\/uploads\/2025\/08\/acto-de-entrega-de-100-viviendas-para-familias-del-comite-ruka-kimun-de-coyhaique-1_optimized-450x300.jpeg 450w, https:\/\/radiorevelacionfm.cl\/wp-content\/uploads\/2025\/08\/acto-de-entrega-de-100-viviendas-para-familias-del-comite-ruka-kimun-de-coyhaique-1_optimized-600x400.jpeg 600w\" sizes=\"(max-width: 901px) 100vw, 901px\" \/><\/div><\/div><\/div><\/div>\n<div class=\"flex_column av_one_full  flex_column_div av-zero-column-padding first  avia-builder-el-2  el_after_av_one_full  el_before_av_one_full  column-top-margin\" style='border-radius:0px; '><section class=\"av_textblock_section \"  itemscope=\"itemscope\" itemtype=\"https:\/\/schema.org\/BlogPosting\" itemprop=\"blogPost\" ><div class='avia_textblock  '   itemprop=\"text\" ><p style=\"text-align: center;\"><strong><span style=\"font-size: 18pt;\">Regi\u00f3n de Ays\u00e9n super\u00f3 su meta del Plan de Emergencia Habitacional con 1.306 viviendas entregadas\u00a0 <\/span><\/strong><\/p>\n<\/div><\/section><\/div><div class=\"flex_column av_one_full  flex_column_div av-zero-column-padding first  avia-builder-el-4  el_after_av_one_full  el_before_av_hr  column-top-margin\" style='border-radius:0px; '><section class=\"av_textblock_section \"  itemscope=\"itemscope\" itemtype=\"https:\/\/schema.org\/BlogPosting\" itemprop=\"blogPost\" ><div class='avia_textblock  '   itemprop=\"text\" ><ul>\n<li style=\"text-align: justify;\"><em>La Regi\u00f3n de Ays\u00e9n alcanz\u00f3 un 101% de avance, sum\u00e1ndose as\u00ed a las regiones del Maule, \u00d1uble, Biob\u00edo, La Araucan\u00eda y Magallanes, que ya hab\u00edan cumplido tambi\u00e9n su objetivo propuesto. <\/em><\/li>\n<\/ul>\n<p style=\"text-align: justify;\">La Secretaria Regional Ministerial de Vivienda y Urbanismo, Paulina Ruz Delf\u00edn, confirm\u00f3 este lunes que la regi\u00f3n de Ays\u00e9n logr\u00f3 superar la meta que se hab\u00eda trazado en el marco de la implementaci\u00f3n del Plan de Emergencia Habitacional del Gobierno, la cual consist\u00eda en entregar al menos mil 293 viviendas durante el actual periodo de Gobierno del Presidente Gabriel Boric.<\/p>\n<p style=\"text-align: justify;\">Al detallar las cifras correspondientes al \u00faltimo informe correspondiente al mes de julio de este a\u00f1o, la autoridad regional precis\u00f3 que desde marzo de 2022 a la fecha se han entregado a nivel regional mil 306 viviendas en toda la regi\u00f3n, lo que equivale un 101% de avance. \u00a0De esta forma la regi\u00f3n de Ays\u00e9n se suma a las regiones del Maule, \u00d1uble, Biob\u00edo, La Araucan\u00eda y Magallanes, que ya superaron tambi\u00e9n su meta regional.<\/p>\n<p style=\"text-align: justify;\">Junto con expresar su satisfacci\u00f3n por el logro de este relevante hito en la gesti\u00f3n regional, la Seremi Paulina Ruz destac\u00f3 el gran esfuerzo de directivos y funcionarios para sacar adelante muchos proyectos habitacionales que estaban estancados en diferentes puntos de la regi\u00f3n, para conseguir financiamiento extraordinario a nivel local y nacional, para afrontar situaciones complejas o para coordinar el trabajo con diferentes actores que tambi\u00e9n han sido relevantes, como el Gobierno Regional, la Delegaci\u00f3n Presidencial Regional, los municipios, las entidades patrocinantes o las empresas constructoras, por nombras solo algunos.<\/p>\n<p style=\"text-align: justify;\">La Seremi de Vivienda, Paulina Ruz, dijo sentirse orgullosa por el cumplimiento de la meta, con m\u00e1s de mil 300 soluciones entregadas a trav\u00e9s de los distintos programas habitacionales. \u201cNo solo entregamos a las familias la posibilidad de tener acceso a una vivienda digna y adecuada, sino que tambi\u00e9n esto converge en tener mejores barrios y crear ciudades m\u00e1s justas y equitativas, con pertinencia territorial, entendiendo que las necesidades de las familias de Ays\u00e9n son distintas a las del resto del pa\u00eds. Hemos tenido un sello de car\u00e1cter descentralizador, llegando a lugares m\u00e1s apartados y a las zonas rurales de la regi\u00f3n. Queremos agradecer a todos los organismos involucrados, a todos los que han contribuido a este proceso, y por supuesto saludar a los funcionarios de la Seremi de Vivienda y del Serviu de la Regi\u00f3n, quienes han hecho un esfuerzo importante entendiendo que esta es una pol\u00edtica de Estado que da m\u00e1s justicia a los territorios m\u00e1s apartados. Tambi\u00e9n saludamos a las familias beneficiadas y destacamos el rol de los dirigentes sociales y comit\u00e9s de vivienda que han impulsado fuertemente un trabajo colaborativo con nosotros para lograr este importante objetivo. Vamos por m\u00e1s\u201d, afirm\u00f3.<\/p>\n<p style=\"text-align: justify;\">Al ser consultado por esta buena noticia, el Delegado Presidencial Regional de Ays\u00e9n, Jorge D\u00edaz Guzm\u00e1n, valor\u00f3 tambi\u00e9n el trabajo realizado desde diferentes sectores para alcanzar una meta que tiene tanto impacto en la calidad de vida de nuestras familias de la regi\u00f3n. \u201cFelicitamos tambi\u00e9n a todos los funcionarios del Ministerio de Vivienda y Urbanismo, que con su esfuerzo lograron que mil 300 familias hoy d\u00eda cuenten con su vivienda propia. Creemos que la vivienda es un derecho para los sectores m\u00e1s vulnerables del pa\u00eds y de nuestra regi\u00f3n en particular. Tambi\u00e9n felicitamos a las familias porque vamos a seguir trabajando para que las nuevas generaciones, as\u00ed como estamos construyendo nuevos grupos habitacionales en todas las comunas de nuestra regi\u00f3n, tambi\u00e9n estamos entregando nuevos subsidios para que en el futuro eso sea tambi\u00e9n una vivienda m\u00e1s para la familia de Ays\u00e9n\u201d, manifest\u00f3.<\/p>\n<p style=\"text-align: justify;\">Respecto de la gesti\u00f3n realizada, la Seremi Paulina Ruz consigno que se han logrado hitos importantes, como por ejemplo la entrega de las 100 viviendas para el comit\u00e9 Ruka Kim\u00fan de Coyhaique, uno de los primeros barrios ind\u00edgenas a nivel nacional o el anhelado inicio de las obras de construcci\u00f3n de la macro infraestructura y de las primeras 237 viviendas para cuatro comit\u00e9s de la Chacra G 1, tambi\u00e9n en la capital regional.<\/p>\n<p style=\"text-align: justify;\">De igual forma la representante del Minvu enfatiz\u00f3 en que el cumplimiento de esta meta regional no solo implica las viviendas terminadas o entregadas, ya que se debe considerar tambi\u00e9n que al d\u00eda de hoy hay tambi\u00e9n 880 viviendas en ejecuci\u00f3n y otras 653 que deber\u00edan iniciar en los pr\u00f3ximos meses. Es decir, son m\u00e1s de mil 500 nuevas familias que tendr\u00e1n su casa propia, permitiendo por ejemplo la erradicaci\u00f3n del Campamento \u201cLas Quilas\u201d de Puerto Ays\u00e9n; la soluci\u00f3n para 43 para familias de los comit\u00e9s \u201cPuyuhuapi Crece\u201d y \u201cPuyuhuapi 2\u201d, de Puerto Puyuhuapi o para las 16 familias que integran el comit\u00e9 \u201cVida Nueva\u201d, de Villa Ma\u00f1ihuales. A todo eso, agreg\u00f3, se deben sumar los 192 departamentos del proyecto de Integraci\u00f3n social y territorial, \u201cLomas 2\u201d de Coyhaique y las 59 viviendas del comit\u00e9 \u201cPatagonia Alegre\u201d de Puerto Chacabuco, soluciones que se espera sean entregadas en los pr\u00f3ximos meses.<\/p>\n<\/div><\/section><\/div><\/p>\n<div  style='height:50px' class='hr hr-invisible   avia-builder-el-6  el_after_av_one_full  el_before_av_social_share '><span class='hr-inner ' ><span class='hr-inner-style'><\/span><\/span><\/div>\n<div  class='av-social-sharing-box  avia-builder-el-7  el_after_av_hr  el_before_av_hr  '><div class='av-share-box'><h5 class='av-share-link-description av-no-toc '>Compartir esta noticia<\/h5><ul class='av-share-box-list noLightbox'><li class='av-share-link av-social-link-facebook' ><a target=\"_blank\" aria-label=\"Compartir en Facebook\" href='https:\/\/www.facebook.com\/sharer.php?u=https:\/\/radiorevelacionfm.cl\/?p=58071&#038;t=Regi%C3%B3n%20de%20Ays%C3%A9n%20super%C3%B3%20su%20meta%20del%20Plan%20de%20Emergencia%20Habitacional%20con%201.306%20viviendas%20entregadas' aria-hidden='false' data-av_icon='\ue8f3' data-av_iconfont='entypo-fontello' title='' data-avia-related-tooltip='Compartir en Facebook' rel=\"noopener\"><span class='avia_hidden_link_text'>Compartir en Facebook<\/span><\/a><\/li><li class='av-share-link av-social-link-twitter' ><a target=\"_blank\" aria-label=\"Compartir en Twitter\" href='https:\/\/twitter.com\/share?text=Regi%C3%B3n%20de%20Ays%C3%A9n%20super%C3%B3%20su%20meta%20del%20Plan%20de%20Emergencia%20Habitacional%20con%201.306%20viviendas%20entregadas&#038;url=https:\/\/radiorevelacionfm.cl\/?p=58071' aria-hidden='false' data-av_icon='\ue8f1' data-av_iconfont='entypo-fontello' title='' data-avia-related-tooltip='Compartir en Twitter' rel=\"noopener\"><span class='avia_hidden_link_text'>Compartir en Twitter<\/span><\/a><\/li><li class='av-share-link av-social-link-whatsapp' ><a target=\"_blank\" aria-label=\"Compartir en Whatsapp\" href='https:\/\/api.whatsapp.com\/send?text=https:\/\/radiorevelacionfm.cl\/?p=58071' aria-hidden='false' data-av_icon='\uf232' data-av_iconfont='entypo-fontello' title='' data-avia-related-tooltip='Compartir en Whatsapp' rel=\"noopener\"><span class='avia_hidden_link_text'>Compartir en Whatsapp<\/span><\/a><\/li><li class='av-share-link av-social-link-linkedin' ><a target=\"_blank\" aria-label=\"Compartir en LinkedIn\" href='https:\/\/linkedin.com\/shareArticle?mini=true&#038;title=Regi%C3%B3n%20de%20Ays%C3%A9n%20super%C3%B3%20su%20meta%20del%20Plan%20de%20Emergencia%20Habitacional%20con%201.306%20viviendas%20entregadas&#038;url=https:\/\/radiorevelacionfm.cl\/?p=58071' aria-hidden='false' data-av_icon='\ue8fc' data-av_iconfont='entypo-fontello' title='' data-avia-related-tooltip='Compartir en LinkedIn' rel=\"noopener\"><span class='avia_hidden_link_text'>Compartir en LinkedIn<\/span><\/a><\/li><li class='av-share-link av-social-link-mail' ><a  aria-label=\"Compartir por correo\" href='mailto:?subject=Regi%C3%B3n%20de%20Ays%C3%A9n%20super%C3%B3%20su%20meta%20del%20Plan%20de%20Emergencia%20Habitacional%20con%201.306%20viviendas%20entregadas&#038;body=https:\/\/radiorevelacionfm.cl\/?p=58071' aria-hidden='false' data-av_icon='\ue805' data-av_iconfont='entypo-fontello' title='' data-avia-related-tooltip='Compartir por correo'><span class='avia_hidden_link_text'>Compartir por correo<\/span><\/a><\/li><\/ul><\/div><\/div>\n<div  style='height:50px' class='hr hr-invisible   avia-builder-el-8  el_after_av_social_share  el_before_av_comments_list '><span class='hr-inner ' ><span class='hr-inner-style'><\/span><\/span><\/div>\n<div  class='av-buildercomment  av-blog-meta-html-info-disabled av-blog-meta-tag-disabled  '><\/div>\n","protected":false},"excerpt":{"rendered":"","protected":false},"author":1,"featured_media":58072,"comment_status":"closed","ping_status":"closed","sticky":false,"template":"","format":"standard","meta":{"footnotes":""},"categories":[57],"tags":[],"class_list":["post-58071","post","type-post","status-publish","format-standard","has-post-thumbnail","hentry","category-vivienda"],"jetpack_featured_media_url":"https:\/\/radiorevelacionfm.cl\/wp-content\/uploads\/2025\/08\/acto-de-entrega-de-100-viviendas-para-familias-del-comite-ruka-kimun-de-coyhaique-1_optimized.jpeg","_links":{"self":[{"href":"https:\/\/radiorevelacionfm.cl\/index.php?rest_route=\/wp\/v2\/posts\/58071","targetHints":{"allow":["GET"]}}],"collection":[{"href":"https:\/\/radiorevelacionfm.cl\/index.php?rest_route=\/wp\/v2\/posts"}],"about":[{"href":"https:\/\/radiorevelacionfm.cl\/index.php?rest_route=\/wp\/v2\/types\/post"}],"author":[{"embeddable":true,"href":"https:\/\/radiorevelacionfm.cl\/index.php?rest_route=\/wp\/v2\/users\/1"}],"replies":[{"embeddable":true,"href":"https:\/\/radiorevelacionfm.cl\/index.php?rest_route=%2Fwp%2Fv2%2Fcomments&post=58071"}],"version-history":[{"count":3,"href":"https:\/\/radiorevelacionfm.cl\/index.php?rest_route=\/wp\/v2\/posts\/58071\/revisions"}],"predecessor-version":[{"id":58085,"href":"https:\/\/radiorevelacionfm.cl\/index.php?rest_route=\/wp\/v2\/posts\/58071\/revisions\/58085"}],"wp:featuredmedia":[{"embeddable":true,"href":"https:\/\/radiorevelacionfm.cl\/index.php?rest_route=\/wp\/v2\/media\/58072"}],"wp:attachment":[{"href":"https:\/\/radiorevelacionfm.cl\/index.php?rest_route=%2Fwp%2Fv2%2Fmedia&parent=58071"}],"wp:term":[{"taxonomy":"category","embeddable":true,"href":"https:\/\/radiorevelacionfm.cl\/index.php?rest_route=%2Fwp%2Fv2%2Fcategories&post=58071"},{"taxonomy":"post_tag","embeddable":true,"href":"https:\/\/radiorevelacionfm.cl\/index.php?rest_route=%2Fwp%2Fv2%2Ftags&post=58071"}],"curies":[{"name":"wp","href":"https:\/\/api.w.org\/{rel}","templated":true}]}}