{"id":58067,"date":"2025-08-20T19:31:08","date_gmt":"2025-08-20T22:31:08","guid":{"rendered":"https:\/\/radiorevelacionfm.cl\/?p=58067"},"modified":"2025-08-20T19:31:08","modified_gmt":"2025-08-20T22:31:08","slug":"mideso-invita-a-celebracion-del-dia-de-la-ninez-con-tarde-entretenida","status":"publish","type":"post","link":"https:\/\/radiorevelacionfm.cl\/?p=58067","title":{"rendered":"Mideso invita a celebraci\u00f3n del D\u00eda de la Ni\u00f1ez con tarde entretenida"},"content":{"rendered":"<div class=\"flex_column av_one_full  flex_column_div av-zero-column-padding first  avia-builder-el-0  el_before_av_one_full  avia-builder-el-first  \" style='border-radius:0px; '><div  class='avia-image-container  av-styling-    avia-builder-el-1  avia-builder-el-no-sibling  avia-align-center '  itemprop=\"image\" itemscope=\"itemscope\" itemtype=\"https:\/\/schema.org\/ImageObject\"  ><div class='avia-image-container-inner'><div class='avia-image-overlay-wrap'><img decoding=\"async\" class='wp-image-58068 avia-img-lazy-loading-not-58068 avia_image' src=\"https:\/\/radiorevelacionfm.cl\/wp-content\/uploads\/2025\/08\/buentrato-1-1_optimized.jpeg\" alt='' title='buentrato-1-(1)_optimized' height=\"600\" width=\"800\"  itemprop=\"thumbnailUrl\" srcset=\"https:\/\/radiorevelacionfm.cl\/wp-content\/uploads\/2025\/08\/buentrato-1-1_optimized.jpeg 800w, https:\/\/radiorevelacionfm.cl\/wp-content\/uploads\/2025\/08\/buentrato-1-1_optimized-300x225.jpeg 300w, https:\/\/radiorevelacionfm.cl\/wp-content\/uploads\/2025\/08\/buentrato-1-1_optimized-768x576.jpeg 768w, https:\/\/radiorevelacionfm.cl\/wp-content\/uploads\/2025\/08\/buentrato-1-1_optimized-705x529.jpeg 705w, https:\/\/radiorevelacionfm.cl\/wp-content\/uploads\/2025\/08\/buentrato-1-1_optimized-450x338.jpeg 450w, https:\/\/radiorevelacionfm.cl\/wp-content\/uploads\/2025\/08\/buentrato-1-1_optimized-600x450.jpeg 600w\" sizes=\"(max-width: 800px) 100vw, 800px\" \/><\/div><\/div><\/div><\/div><div class=\"flex_column av_one_full  flex_column_div av-zero-column-padding first  avia-builder-el-2  el_after_av_one_full  el_before_av_one_full  column-top-margin\" style='border-radius:0px; '><section class=\"av_textblock_section \"  itemscope=\"itemscope\" itemtype=\"https:\/\/schema.org\/BlogPosting\" itemprop=\"blogPost\" ><div class='avia_textblock  '   itemprop=\"text\" ><p style=\"text-align: center;\"><strong><span style=\"font-size: 18pt;\">Mideso invita a celebraci\u00f3n del D\u00eda de la Ni\u00f1ez con tarde entretenida<\/span><\/strong><\/p>\n<div id=\"gtx-trans\" style=\"position: absolute; left: -50px; top: 4.31534px;\">\n<div class=\"gtx-trans-icon\"><\/div>\n<\/div>\n<\/div><\/section><\/div><div class=\"flex_column av_one_full  flex_column_div av-zero-column-padding first  avia-builder-el-4  el_after_av_one_full  el_before_av_hr  column-top-margin\" style='border-radius:0px; '><section class=\"av_textblock_section \"  itemscope=\"itemscope\" itemtype=\"https:\/\/schema.org\/BlogPosting\" itemprop=\"blogPost\" ><div class='avia_textblock  '   itemprop=\"text\" ><p style=\"text-align: justify;\"><em>La iniciativa que est\u00e1 enmarcada en la campa\u00f1a de Buen Trato en Movimiento cuenta con la participaci\u00f3n de 30 servicios p\u00fablicos quienes tendr\u00e1n actividades l\u00fadicas, deportivas, culturales, literarias e informativas este s\u00e1bado 23 desde las 15:00 horas hasta las 18:00 en la Escuela Pedro Quintana.<\/em><\/p>\n<p style=\"text-align: justify;\">Con la participaci\u00f3n de estudiantes del Quinto a\u00f1o de la Escuela Pedro Quintana Mansilla de Coyhaique y de las representantes del Consejo Consultivo de Ni\u00f1ez y Adolescencia, se dio el vamos a la Campa\u00f1a Buen Trato en Movimiento del Ministerio de Desarrollo Social y Familia a trav\u00e9s de la Subsecretar\u00eda de la Ni\u00f1ez, que busca promover con distintas acciones un buen trato y respeto, por lo que una de ellas es una tarde entretenida con distintas actividades para ni\u00f1as, ni\u00f1os y adolescentes.<\/p>\n<p style=\"text-align: justify;\">La tarde de la Ni\u00f1ez, se llevar\u00e1 a cabo en la Escuela Pedro Quintana con la participaci\u00f3n de 30 servicios p\u00fablicos este s\u00e1bado 23 desde las 15:00 horas hasta las 18:00 abriendo con la banda instrumental de Carabineros para dar paso a actividades l\u00fadicas, deportivas, culturales, literarias e informativas. Es por ello que participaron en el lanzamiento las Seremis de Educaci\u00f3n y Desarrollo Social y Familia, Katherine Miqueles, Karina Acevedo, el director regional del Instituto Nacional de Deportes Javier Medina y Rodrigo D\u00edaz, Seremi(s) del trabajo y Previsi\u00f3n Social, quien lidera el Comit\u00e9 Regional de Erradicaci\u00f3n del Trabajo Infantil y Protecci\u00f3n al Adolescente Trabajador, CRETI.<\/p>\n<p style=\"text-align: justify;\">\u201cHoy damos cuenta c\u00f3mo es el trabajo del intersector\u00a0en la regi\u00f3n. Somos una de las regiones que m\u00e1s ha logrado en materias de intersectorialidad para poder dar protecci\u00f3n y garant\u00eda a nuestros ni\u00f1os\u201d destac\u00f3 La Seremi de Desarrollo Social y Familia, Karina Acevedo Auad agregando \u201cQueremos relevar adem\u00e1s el eslogan de campa\u00f1a que tenemos Buen Trato en Movimiento con la ni\u00f1ez y la adolescencia. Por eso nos acompa\u00f1an ni\u00f1os y ni\u00f1as de la Escuela Pedro Quintana con carteles, destacando sus derechos. As\u00ed que invitamos al d\u00eda 23 a ser parte de una gran feria entretenida y expositiva donde vamos a contar los derechos de los ni\u00f1os y ni\u00f1as\u00a0y adolescentes, ser\u00e1 un espacio de alegr\u00eda, cultural, deportivo, un espacio de encuentro, de distracci\u00f3n, de alegr\u00eda y sobre todo de informaci\u00f3n para toda la infancia en la regi\u00f3n de Ays\u00e9n\u201d.<\/p>\n<p style=\"text-align: justify;\">Promoviendo el derecho a la educaci\u00f3n, la Seremi de la Cartera Katherine Miqueles hizo menci\u00f3n al compromiso de todo el sector p\u00fablico en la promoci\u00f3n de derechos y bienestar de ni\u00f1as, ni\u00f1os y adolescentes \u201cSomos muchas las instituciones que est\u00e1n trabajando en esta mesa de protecci\u00f3n de la infancia: Desarrollo social, Educaci\u00f3n, Salud, Deporte, Trabajo, Justicia y nosotros como sector queremos destacar el derecho a los ni\u00f1os a una educaci\u00f3n de calidad, a un desarrollo integral de distintas capacidades y habilidades de beb\u00e9s, ni\u00f1os y ni\u00f1as, ya que son sujetos de derecho. Con mucha alegr\u00eda hacemos esta invitaci\u00f3n para el d\u00eda s\u00e1bado\u00a0en la tardecita, como educaci\u00f3n tenemos un espacio dedicado a la lectura, a la escritura, que es lo que a nosotros nos interesa, el fortalecimiento de los aprendizajes y cuentacuentos. Hay actividades distintas, creativas, para que los ni\u00f1os y ni\u00f1as\u00a0puedan participar\u201d.<\/p>\n<p style=\"text-align: justify;\">LOS 8 DEL BUEN TRATO<\/p>\n<p style=\"text-align: justify;\">\u201cBuen Trato en Movimiento\u201d es la campa\u00f1a ideada por el Consejo Nacional de Ni\u00f1as, Ni\u00f1os y Adolescentes NNA a trav\u00e9s de la Subsecretar\u00eda de la Ni\u00f1ez. Ah\u00ed nacen los 8 del Buen Trato\u00a0que es un grupo diverso de personajes ilustrados, inspirados en ni\u00f1os, ni\u00f1as y adolescentes de distintas realidades quienes buscan promover valores como el respeto, la empat\u00eda y la colaboraci\u00f3n.<\/p>\n<p style=\"text-align: justify;\">Desde la mirada y experiencia de ni\u00f1as, ni\u00f1os y adolescentes Pascal Mu\u00f1oz estudiante de 5to a\u00f1o de la Escuela Pedro Quintana relev\u00f3 la iniciativa\u201d Invitamos a todos para el d\u00eda s\u00e1bado\u00a023 de agosto desde las 15:00 \u00a0de la tarde en nuestra escuela, va a haber una actividad promoviendo el buen trato para ni\u00f1os, ni\u00f1as, adolescentes y va a ser una actividad que vamos a promover el buen trato entre compa\u00f1eros, entre familia y siempre recuerden, el buen trato es para todos y todas\u201d.<\/p>\n<p style=\"text-align: justify;\">Isidora Mart\u00ednez es una joven adolescente estudiante del Colegio Diego Portales y Presidenta Comunal del Consejo Consultivo de Ni\u00f1as, Ni\u00f1os y Adolescentes quien destac\u00f3 la activa participaci\u00f3n y mirada de las ni\u00f1eces \u201cSon s\u00faper motivados y me alegra tanto, porque a pesar de que sean tan chicos, porque he tenido la oportunidad de estar con ni\u00f1os de 10 a\u00f1os y son motivados en decir quisiera esto en Coyhaique o yo quisiera que se mejorara esto, entonces eso a m\u00ed me alegra tanto poder escuchar de que de tan peque\u00f1os sean muy conscientes\u201d. Finalmente, Francisca Rubilar, Vicepresidenta del Consejo Consultivo invit\u00f3 \u201ccon la campa\u00f1a Buen Trato buscamos promover en distintos espacios la empat\u00eda, respeto mutuo y apoyo. Los invito a ser parte de este movimiento que nos une\u201d.<\/p>\n<\/div><\/section><\/div><div  style='height:50px' class='hr hr-invisible   avia-builder-el-6  el_after_av_one_full  el_before_av_social_share '><span class='hr-inner ' ><span class='hr-inner-style'><\/span><\/span><\/div><\/p>\n<div  class='av-social-sharing-box  avia-builder-el-7  el_after_av_hr  el_before_av_hr  '><div class='av-share-box'><h5 class='av-share-link-description av-no-toc '>Compartir esta noticia<\/h5><ul class='av-share-box-list noLightbox'><li class='av-share-link av-social-link-facebook' ><a target=\"_blank\" aria-label=\"Compartir en Facebook\" href='https:\/\/www.facebook.com\/sharer.php?u=https:\/\/radiorevelacionfm.cl\/?p=58067&#038;t=Mideso%20invita%20a%20celebraci%C3%B3n%20del%20D%C3%ADa%20de%20la%20Ni%C3%B1ez%20con%20tarde%20entretenida' aria-hidden='false' data-av_icon='\ue8f3' data-av_iconfont='entypo-fontello' title='' data-avia-related-tooltip='Compartir en Facebook' rel=\"noopener\"><span class='avia_hidden_link_text'>Compartir en Facebook<\/span><\/a><\/li><li class='av-share-link av-social-link-twitter' ><a target=\"_blank\" aria-label=\"Compartir en Twitter\" href='https:\/\/twitter.com\/share?text=Mideso%20invita%20a%20celebraci%C3%B3n%20del%20D%C3%ADa%20de%20la%20Ni%C3%B1ez%20con%20tarde%20entretenida&#038;url=https:\/\/radiorevelacionfm.cl\/?p=58067' aria-hidden='false' data-av_icon='\ue8f1' data-av_iconfont='entypo-fontello' title='' data-avia-related-tooltip='Compartir en Twitter' rel=\"noopener\"><span class='avia_hidden_link_text'>Compartir en Twitter<\/span><\/a><\/li><li class='av-share-link av-social-link-whatsapp' ><a target=\"_blank\" aria-label=\"Compartir en Whatsapp\" href='https:\/\/api.whatsapp.com\/send?text=https:\/\/radiorevelacionfm.cl\/?p=58067' aria-hidden='false' data-av_icon='\uf232' data-av_iconfont='entypo-fontello' title='' data-avia-related-tooltip='Compartir en Whatsapp' rel=\"noopener\"><span class='avia_hidden_link_text'>Compartir en Whatsapp<\/span><\/a><\/li><li class='av-share-link av-social-link-linkedin' ><a target=\"_blank\" aria-label=\"Compartir en LinkedIn\" href='https:\/\/linkedin.com\/shareArticle?mini=true&#038;title=Mideso%20invita%20a%20celebraci%C3%B3n%20del%20D%C3%ADa%20de%20la%20Ni%C3%B1ez%20con%20tarde%20entretenida&#038;url=https:\/\/radiorevelacionfm.cl\/?p=58067' aria-hidden='false' data-av_icon='\ue8fc' data-av_iconfont='entypo-fontello' title='' data-avia-related-tooltip='Compartir en LinkedIn' rel=\"noopener\"><span class='avia_hidden_link_text'>Compartir en LinkedIn<\/span><\/a><\/li><li class='av-share-link av-social-link-mail' ><a  aria-label=\"Compartir por correo\" href='mailto:?subject=Mideso%20invita%20a%20celebraci%C3%B3n%20del%20D%C3%ADa%20de%20la%20Ni%C3%B1ez%20con%20tarde%20entretenida&#038;body=https:\/\/radiorevelacionfm.cl\/?p=58067' aria-hidden='false' data-av_icon='\ue805' data-av_iconfont='entypo-fontello' title='' data-avia-related-tooltip='Compartir por correo'><span class='avia_hidden_link_text'>Compartir por correo<\/span><\/a><\/li><\/ul><\/div><\/div>\n<div  style='height:50px' class='hr hr-invisible   avia-builder-el-8  el_after_av_social_share  el_before_av_comments_list '><span class='hr-inner ' ><span class='hr-inner-style'><\/span><\/span><\/div>\n<div  class='av-buildercomment  av-blog-meta-html-info-disabled av-blog-meta-tag-disabled  '><\/div>\n","protected":false},"excerpt":{"rendered":"","protected":false},"author":1,"featured_media":58068,"comment_status":"closed","ping_status":"closed","sticky":false,"template":"","format":"standard","meta":{"footnotes":""},"categories":[38],"tags":[],"class_list":["post-58067","post","type-post","status-publish","format-standard","has-post-thumbnail","hentry","category-regional"],"jetpack_featured_media_url":"https:\/\/radiorevelacionfm.cl\/wp-content\/uploads\/2025\/08\/buentrato-1-1_optimized.jpeg","_links":{"self":[{"href":"https:\/\/radiorevelacionfm.cl\/index.php?rest_route=\/wp\/v2\/posts\/58067","targetHints":{"allow":["GET"]}}],"collection":[{"href":"https:\/\/radiorevelacionfm.cl\/index.php?rest_route=\/wp\/v2\/posts"}],"about":[{"href":"https:\/\/radiorevelacionfm.cl\/index.php?rest_route=\/wp\/v2\/types\/post"}],"author":[{"embeddable":true,"href":"https:\/\/radiorevelacionfm.cl\/index.php?rest_route=\/wp\/v2\/users\/1"}],"replies":[{"embeddable":true,"href":"https:\/\/radiorevelacionfm.cl\/index.php?rest_route=%2Fwp%2Fv2%2Fcomments&post=58067"}],"version-history":[{"count":2,"href":"https:\/\/radiorevelacionfm.cl\/index.php?rest_route=\/wp\/v2\/posts\/58067\/revisions"}],"predecessor-version":[{"id":58070,"href":"https:\/\/radiorevelacionfm.cl\/index.php?rest_route=\/wp\/v2\/posts\/58067\/revisions\/58070"}],"wp:featuredmedia":[{"embeddable":true,"href":"https:\/\/radiorevelacionfm.cl\/index.php?rest_route=\/wp\/v2\/media\/58068"}],"wp:attachment":[{"href":"https:\/\/radiorevelacionfm.cl\/index.php?rest_route=%2Fwp%2Fv2%2Fmedia&parent=58067"}],"wp:term":[{"taxonomy":"category","embeddable":true,"href":"https:\/\/radiorevelacionfm.cl\/index.php?rest_route=%2Fwp%2Fv2%2Fcategories&post=58067"},{"taxonomy":"post_tag","embeddable":true,"href":"https:\/\/radiorevelacionfm.cl\/index.php?rest_route=%2Fwp%2Fv2%2Ftags&post=58067"}],"curies":[{"name":"wp","href":"https:\/\/api.w.org\/{rel}","templated":true}]}}