{"id":58060,"date":"2025-08-20T13:26:29","date_gmt":"2025-08-20T16:26:29","guid":{"rendered":"https:\/\/radiorevelacionfm.cl\/?p=58060"},"modified":"2025-08-20T17:47:02","modified_gmt":"2025-08-20T20:47:02","slug":"investigan-muerte-de-un-joven-de-28-anos-en-procedimiento-policial-en-puerto-aysen","status":"publish","type":"post","link":"https:\/\/radiorevelacionfm.cl\/?p=58060","title":{"rendered":"Investigan muerte de un joven de 28 a\u00f1os en procedimiento policial en Puerto Ays\u00e9n"},"content":{"rendered":"<div class=\"flex_column av_one_full  flex_column_div av-zero-column-padding first  avia-builder-el-0  el_before_av_one_full  avia-builder-el-first  \" style='border-radius:0px; '><div  class='avia-image-container  av-styling-    avia-builder-el-1  avia-builder-el-no-sibling  avia-align-center '  itemprop=\"image\" itemscope=\"itemscope\" itemtype=\"https:\/\/schema.org\/ImageObject\"  ><div class='avia-image-container-inner'><div class='avia-image-overlay-wrap'><img decoding=\"async\" class='wp-image-58061 avia-img-lazy-loading-not-58061 avia_image' src=\"https:\/\/radiorevelacionfm.cl\/wp-content\/uploads\/2025\/08\/Disparos-Aysen-1.jpg\" alt='' title='Disparos Aysen (1)' height=\"730\" width=\"800\"  itemprop=\"thumbnailUrl\" srcset=\"https:\/\/radiorevelacionfm.cl\/wp-content\/uploads\/2025\/08\/Disparos-Aysen-1.jpg 800w, https:\/\/radiorevelacionfm.cl\/wp-content\/uploads\/2025\/08\/Disparos-Aysen-1-300x274.jpg 300w, https:\/\/radiorevelacionfm.cl\/wp-content\/uploads\/2025\/08\/Disparos-Aysen-1-768x701.jpg 768w, https:\/\/radiorevelacionfm.cl\/wp-content\/uploads\/2025\/08\/Disparos-Aysen-1-705x643.jpg 705w, https:\/\/radiorevelacionfm.cl\/wp-content\/uploads\/2025\/08\/Disparos-Aysen-1-450x411.jpg 450w, https:\/\/radiorevelacionfm.cl\/wp-content\/uploads\/2025\/08\/Disparos-Aysen-1-600x548.jpg 600w\" sizes=\"(max-width: 800px) 100vw, 800px\" \/><\/div><\/div><\/div><\/div><div class=\"flex_column av_one_full  flex_column_div av-zero-column-padding first  avia-builder-el-2  el_after_av_one_full  el_before_av_one_full  column-top-margin\" style='border-radius:0px; '><section class=\"av_textblock_section \"  itemscope=\"itemscope\" itemtype=\"https:\/\/schema.org\/BlogPosting\" itemprop=\"blogPost\" ><div class='avia_textblock  '   itemprop=\"text\" ><p style=\"text-align: center;\"><strong><span style=\"font-size: 18pt;\">Investigan muerte de un joven de 28 a\u00f1os en procedimiento policial en Puerto Ays\u00e9n<\/span><\/strong><\/p>\n<div id=\"gtx-trans\" style=\"position: absolute; left: -50px; top: 4.31534px;\">\n<div class=\"gtx-trans-icon\"><\/div>\n<\/div>\n<\/div><\/section><\/div><div class=\"flex_column av_one_full  flex_column_div av-zero-column-padding first  avia-builder-el-4  el_after_av_one_full  el_before_av_hr  column-top-margin\" style='border-radius:0px; '><section class=\"av_textblock_section \"  itemscope=\"itemscope\" itemtype=\"https:\/\/schema.org\/BlogPosting\" itemprop=\"blogPost\" ><div class='avia_textblock  '   itemprop=\"text\" ><p style=\"text-align: justify;\"><em>Hecho ocurrido durante la noche en el sector de Aguas Muertas.<\/em><\/p>\n<p style=\"text-align: justify;\">Un confuso incidente se registr\u00f3 en la ciudad de Puerto Ays\u00e9n durante la noche. Seg\u00fan los primeros antecedentes, un hombre portaba un arma de fuego en la v\u00eda p\u00fablica, tras recibir la denuncia personal de Carabineros\u00a0 concurri\u00f3 hasta el lugar.<\/p>\n<p style=\"text-align: justify;\">De acuerdo a informaci\u00f3n entregada por el fiscal, Pedro Poblete, los hechos comenzaron aproximadamente a las 00:30 horas, cuando Cenco recibi\u00f3 un primer llamado alertando sobre un \u00abintento de suicidio de un hombre de 28 a\u00f1os de edad, quien estar\u00eda portando un arma de fuego\u00bb. Minutos despu\u00e9s, un nuevo llamado de un tercero report\u00f3 a un individuo con un arma en la v\u00eda p\u00fablica.<\/p>\n<p style=\"text-align: justify;\">\u00abPor lo anterior, el personal policial concurre al lugar, donde se encuentran con esta persona y comienza un procedimiento policial que es materia de investigaci\u00f3n\u00bb, detall\u00f3 el fiscal Pino. El resultado de la intervenci\u00f3n fue que el carabinero \u00abpercuta una serie de disparos impactando al fallecido\u00bb. El joven fue trasladado al hospital de Coyhaique, donde lleg\u00f3 sin signos vitales.<\/p>\n<p style=\"text-align: justify;\">El fiscal Pino explic\u00f3 que la investigaci\u00f3n se centra en esclarecer la din\u00e1mica del hecho. \u00abHasta ahora lo que tenemos es que una persona con un arma de fuego quien se enfrenta al menos verbalmente con personal de carabinero el cual realiza los disparos\u00bb. Para ello, se analizan \u00abdeclaraciones de testigos, videos, las c\u00e1maras de seguridad de los carros policiales\u00bb, precis\u00f3.<\/p>\n<p style=\"text-align: justify;\">Por otra parte, las indagatorias y las pericias del arma levantada en el lugar, ser\u00e1n materia de an\u00e1lisis por parte de la PDI, para determinar su naturaleza, si est\u00e1 adaptada al disparo y si tiene los n\u00fameros de serie. Adem\u00e1s, se indagar\u00e1 si es que la v\u00edctima fuera un \u00abportador autorizado de armas de fuego\u00bb, por lo que tambi\u00e9n se investiga el origen del arma, finaliz\u00f3 el fiscal de Puerto Ays\u00e9n.<\/p>\n<p style=\"text-align: justify;\">A esta hora contin\u00faan las diligencias para recopilar evidencia y toma de declaraciones tanto a funcionarios policiales como a testigos que permitan esclarecer este hecho que termin\u00f3 con una persona abatida.<\/p>\n<\/div><\/section><\/div><div  style='height:50px' class='hr hr-invisible   avia-builder-el-6  el_after_av_one_full  el_before_av_social_share '><span class='hr-inner ' ><span class='hr-inner-style'><\/span><\/span><\/div><\/p>\n<div  class='av-social-sharing-box  avia-builder-el-7  el_after_av_hr  el_before_av_hr  '><div class='av-share-box'><h5 class='av-share-link-description av-no-toc '>Compartir esta noticia<\/h5><ul class='av-share-box-list noLightbox'><li class='av-share-link av-social-link-facebook' ><a target=\"_blank\" aria-label=\"Compartir en Facebook\" href='https:\/\/www.facebook.com\/sharer.php?u=https:\/\/radiorevelacionfm.cl\/?p=58060&#038;t=Investigan%20muerte%20de%20un%20joven%20de%2028%20a%C3%B1os%20en%20procedimiento%20policial%20en%20Puerto%20Ays%C3%A9n' aria-hidden='false' data-av_icon='\ue8f3' data-av_iconfont='entypo-fontello' title='' data-avia-related-tooltip='Compartir en Facebook' rel=\"noopener\"><span class='avia_hidden_link_text'>Compartir en Facebook<\/span><\/a><\/li><li class='av-share-link av-social-link-twitter' ><a target=\"_blank\" aria-label=\"Compartir en Twitter\" href='https:\/\/twitter.com\/share?text=Investigan%20muerte%20de%20un%20joven%20de%2028%20a%C3%B1os%20en%20procedimiento%20policial%20en%20Puerto%20Ays%C3%A9n&#038;url=https:\/\/radiorevelacionfm.cl\/?p=58060' aria-hidden='false' data-av_icon='\ue8f1' data-av_iconfont='entypo-fontello' title='' data-avia-related-tooltip='Compartir en Twitter' rel=\"noopener\"><span class='avia_hidden_link_text'>Compartir en Twitter<\/span><\/a><\/li><li class='av-share-link av-social-link-whatsapp' ><a target=\"_blank\" aria-label=\"Compartir en Whatsapp\" href='https:\/\/api.whatsapp.com\/send?text=https:\/\/radiorevelacionfm.cl\/?p=58060' aria-hidden='false' data-av_icon='\uf232' data-av_iconfont='entypo-fontello' title='' data-avia-related-tooltip='Compartir en Whatsapp' rel=\"noopener\"><span class='avia_hidden_link_text'>Compartir en Whatsapp<\/span><\/a><\/li><li class='av-share-link av-social-link-linkedin' ><a target=\"_blank\" aria-label=\"Compartir en LinkedIn\" href='https:\/\/linkedin.com\/shareArticle?mini=true&#038;title=Investigan%20muerte%20de%20un%20joven%20de%2028%20a%C3%B1os%20en%20procedimiento%20policial%20en%20Puerto%20Ays%C3%A9n&#038;url=https:\/\/radiorevelacionfm.cl\/?p=58060' aria-hidden='false' data-av_icon='\ue8fc' data-av_iconfont='entypo-fontello' title='' data-avia-related-tooltip='Compartir en LinkedIn' rel=\"noopener\"><span class='avia_hidden_link_text'>Compartir en LinkedIn<\/span><\/a><\/li><li class='av-share-link av-social-link-mail' ><a  aria-label=\"Compartir por correo\" href='mailto:?subject=Investigan%20muerte%20de%20un%20joven%20de%2028%20a%C3%B1os%20en%20procedimiento%20policial%20en%20Puerto%20Ays%C3%A9n&#038;body=https:\/\/radiorevelacionfm.cl\/?p=58060' aria-hidden='false' data-av_icon='\ue805' data-av_iconfont='entypo-fontello' title='' data-avia-related-tooltip='Compartir por correo'><span class='avia_hidden_link_text'>Compartir por correo<\/span><\/a><\/li><\/ul><\/div><\/div>\n<div  style='height:50px' class='hr hr-invisible   avia-builder-el-8  el_after_av_social_share  el_before_av_comments_list '><span class='hr-inner ' ><span class='hr-inner-style'><\/span><\/span><\/div>\n<div  class='av-buildercomment  av-blog-meta-html-info-disabled av-blog-meta-tag-disabled  '><\/div>\n","protected":false},"excerpt":{"rendered":"","protected":false},"author":1,"featured_media":58061,"comment_status":"closed","ping_status":"closed","sticky":false,"template":"","format":"standard","meta":{"footnotes":""},"categories":[36],"tags":[],"class_list":["post-58060","post","type-post","status-publish","format-standard","has-post-thumbnail","hentry","category-policial"],"jetpack_featured_media_url":"https:\/\/radiorevelacionfm.cl\/wp-content\/uploads\/2025\/08\/Disparos-Aysen-1.jpg","_links":{"self":[{"href":"https:\/\/radiorevelacionfm.cl\/index.php?rest_route=\/wp\/v2\/posts\/58060","targetHints":{"allow":["GET"]}}],"collection":[{"href":"https:\/\/radiorevelacionfm.cl\/index.php?rest_route=\/wp\/v2\/posts"}],"about":[{"href":"https:\/\/radiorevelacionfm.cl\/index.php?rest_route=\/wp\/v2\/types\/post"}],"author":[{"embeddable":true,"href":"https:\/\/radiorevelacionfm.cl\/index.php?rest_route=\/wp\/v2\/users\/1"}],"replies":[{"embeddable":true,"href":"https:\/\/radiorevelacionfm.cl\/index.php?rest_route=%2Fwp%2Fv2%2Fcomments&post=58060"}],"version-history":[{"count":2,"href":"https:\/\/radiorevelacionfm.cl\/index.php?rest_route=\/wp\/v2\/posts\/58060\/revisions"}],"predecessor-version":[{"id":58063,"href":"https:\/\/radiorevelacionfm.cl\/index.php?rest_route=\/wp\/v2\/posts\/58060\/revisions\/58063"}],"wp:featuredmedia":[{"embeddable":true,"href":"https:\/\/radiorevelacionfm.cl\/index.php?rest_route=\/wp\/v2\/media\/58061"}],"wp:attachment":[{"href":"https:\/\/radiorevelacionfm.cl\/index.php?rest_route=%2Fwp%2Fv2%2Fmedia&parent=58060"}],"wp:term":[{"taxonomy":"category","embeddable":true,"href":"https:\/\/radiorevelacionfm.cl\/index.php?rest_route=%2Fwp%2Fv2%2Fcategories&post=58060"},{"taxonomy":"post_tag","embeddable":true,"href":"https:\/\/radiorevelacionfm.cl\/index.php?rest_route=%2Fwp%2Fv2%2Ftags&post=58060"}],"curies":[{"name":"wp","href":"https:\/\/api.w.org\/{rel}","templated":true}]}}