{"id":58057,"date":"2025-08-20T19:04:51","date_gmt":"2025-08-20T22:04:51","guid":{"rendered":"https:\/\/radiorevelacionfm.cl\/?p=58057"},"modified":"2025-08-20T19:04:51","modified_gmt":"2025-08-20T22:04:51","slug":"la-red-agroclimatica-nacional-invita-al-webinar-tenemos-suficiente-agua-y-nieve-disponible-en-el-territorio","status":"publish","type":"post","link":"https:\/\/radiorevelacionfm.cl\/?p=58057","title":{"rendered":"La Red Agroclim\u00e1tica Nacional invita al webinar \u00ab\u00bfTenemos suficiente agua y nieve disponible en el territorio?\u00bb"},"content":{"rendered":"<div class=\"flex_column av_one_full  flex_column_div av-zero-column-padding first  avia-builder-el-0  el_before_av_one_full  avia-builder-el-first  \" style='border-radius:0px; '><div  class='avia-image-container  av-styling-    avia-builder-el-1  avia-builder-el-no-sibling  avia-align-center '  itemprop=\"image\" itemscope=\"itemscope\" itemtype=\"https:\/\/schema.org\/ImageObject\"  ><div class='avia-image-container-inner'><div class='avia-image-overlay-wrap'><img decoding=\"async\" class='wp-image-58058 avia-img-lazy-loading-not-58058 avia_image' src=\"https:\/\/radiorevelacionfm.cl\/wp-content\/uploads\/2025\/08\/imagen-predio-aysen-0002-1_optimized-1.jpg\" alt='' title='imagen-predio-ays\u00e9n-0002-(1)_optimized (1)' height=\"600\" width=\"800\"  itemprop=\"thumbnailUrl\" srcset=\"https:\/\/radiorevelacionfm.cl\/wp-content\/uploads\/2025\/08\/imagen-predio-aysen-0002-1_optimized-1.jpg 800w, https:\/\/radiorevelacionfm.cl\/wp-content\/uploads\/2025\/08\/imagen-predio-aysen-0002-1_optimized-1-300x225.jpg 300w, https:\/\/radiorevelacionfm.cl\/wp-content\/uploads\/2025\/08\/imagen-predio-aysen-0002-1_optimized-1-768x576.jpg 768w, https:\/\/radiorevelacionfm.cl\/wp-content\/uploads\/2025\/08\/imagen-predio-aysen-0002-1_optimized-1-705x529.jpg 705w, https:\/\/radiorevelacionfm.cl\/wp-content\/uploads\/2025\/08\/imagen-predio-aysen-0002-1_optimized-1-450x338.jpg 450w, https:\/\/radiorevelacionfm.cl\/wp-content\/uploads\/2025\/08\/imagen-predio-aysen-0002-1_optimized-1-600x450.jpg 600w\" sizes=\"(max-width: 800px) 100vw, 800px\" \/><\/div><\/div><\/div><\/div><div class=\"flex_column av_one_full  flex_column_div av-zero-column-padding first  avia-builder-el-2  el_after_av_one_full  el_before_av_one_full  column-top-margin\" style='border-radius:0px; '><section class=\"av_textblock_section \"  itemscope=\"itemscope\" itemtype=\"https:\/\/schema.org\/BlogPosting\" itemprop=\"blogPost\" ><div class='avia_textblock  '   itemprop=\"text\" ><p style=\"text-align: center;\"><strong><span style=\"font-size: 18pt;\">La Red Agroclim\u00e1tica Nacional invita al webinar \u00ab\u00bfTenemos suficiente agua y nieve disponible en el territorio?\u00bb<\/span><\/strong><\/p>\n<div id=\"gtx-trans\" style=\"position: absolute; left: -50px; top: 4.31534px;\">\n<div class=\"gtx-trans-icon\"><\/div>\n<\/div>\n<\/div><\/section><\/div><div class=\"flex_column av_one_full  flex_column_div av-zero-column-padding first  avia-builder-el-4  el_after_av_one_full  el_before_av_hr  column-top-margin\" style='border-radius:0px; '><section class=\"av_textblock_section \"  itemscope=\"itemscope\" itemtype=\"https:\/\/schema.org\/BlogPosting\" itemprop=\"blogPost\" ><div class='avia_textblock  '   itemprop=\"text\" ><p style=\"text-align: justify;\"><em>Las personas interesadas en participar de este encuentro en l\u00ednea deben inscribirse en info@agromet.cl o a trav\u00e9s del enlace\u00a0<a href=\"https:\/\/forms.gle\/pAkMoQd9nBwr98LX7\">forms.gle\/pAkMoQd9nBwr98LX7<\/a><a href=\"https:\/\/forms.gle\/pAkMoQd9nBwr98LX7\">\u00a0<\/a><\/em><\/p>\n<p style=\"text-align: justify;\">\u00bfTenemos suficiente agua y nieve disponible en el territorio?, esta es la gran pregunta que buscar\u00e1 responder el segundo webinar de la Red Agroclim\u00e1tica, RAN \u2013 Agromet, que se desarrollar\u00e1 de manera gratuita el pr\u00f3ximo martes 26 de agosto entre las 9:30 y las 12:00 horas de Santiago.<\/p>\n<p style=\"text-align: justify;\">Este encuentro virtual gratuito es parte del ciclo de charlas agroclim\u00e1ticas de la RAN &#8211; AGROMET y cerrar\u00e1 el invierno 2025 con miradas estrat\u00e9gicas y proyecci\u00f3n del recurso h\u00eddrico de cara a la primavera.<\/p>\n<p style=\"text-align: justify;\">El seremi de Agricultura de la regi\u00f3n de Ays\u00e9n, Eugenio Ruiz Espinoza, invit\u00f3 a la comunidad, especialmente a las y los productores regionales, a inscribirse y participar de esta capacitaci\u00f3n, y detall\u00f3 que \u00aben la Patagonia tenemos condiciones clim\u00e1ticas diversas y es fundamental proyectar junto a expertos c\u00f3mo podemos preparar de la mejor manera posible nuestro campo, tomar medidas y aprender de manera estrat\u00e9gica c\u00f3mo anteponernos ante posibles amenazas, considerando tambi\u00e9n factores como el cambio clim\u00e1tico\u00bb.<\/p>\n<p style=\"text-align: justify;\"><strong>Programa<\/strong><\/p>\n<p style=\"text-align: justify;\">Durante la reuni\u00f3n, expositores del Ministerio de Agricultura, la Fundaci\u00f3n para el Desarrollo Frut\u00edcola, la Direcci\u00f3n General de Aguas y el Instituto de Investigaciones Agropecuarias (INIA) realizar\u00e1n las siguientes exposiciones: \u00abAn\u00e1lisis de los Indicadores de Invierno y Primavera\u00bb, \u00abEstado de la Nieve y Proyecci\u00f3n de la Calidad del Agua\u00bb, \u00abInvierno en la Zona Sur, Agua Disponible\u00bb, e \u00abInvierno en la Zona Norte\u00bb.<\/p>\n<p style=\"text-align: justify;\"><strong>RAN -Agromet<\/strong><\/p>\n<p style=\"text-align: justify;\">Cabe recordar que la Red Agroclim\u00e1tica Nacional RAN \u2013 Agromet es una alianza p\u00fablico-privada materializada el 2013, cuya misi\u00f3n es proveer informaci\u00f3n de este \u00e1mbito en tiempo real y analizar las condiciones clim\u00e1ticas para el sector agr\u00edcola, integrando a m\u00e1s de 400 estaciones meteorol\u00f3gicas autom\u00e1ticas ubicadas en todas las regiones del pa\u00eds.<\/p>\n<p style=\"text-align: justify;\">Esta Red est\u00e1 integrada por la Fundaci\u00f3n para el Desarrollo Frut\u00edcola (FDF), el Instituto de Investigaciones Agropecuarias (INIA), la Asociaci\u00f3n de Exportadores de Frutas de Chile A.G. (ASOEX), el Centro Cooperativo para el Desarrollo Vitivin\u00edcola S.A., la Asociaci\u00f3n Vinos de Chile A.G., y el Centro de Estudios Avanzados en Zonas \u00c1ridas (CEAZA).<\/p>\n<\/div><\/section><\/div><div  style='height:50px' class='hr hr-invisible   avia-builder-el-6  el_after_av_one_full  el_before_av_social_share '><span class='hr-inner ' ><span class='hr-inner-style'><\/span><\/span><\/div><\/p>\n<div  class='av-social-sharing-box  avia-builder-el-7  el_after_av_hr  el_before_av_hr  '><div class='av-share-box'><h5 class='av-share-link-description av-no-toc '>Compartir esta noticia<\/h5><ul class='av-share-box-list noLightbox'><li class='av-share-link av-social-link-facebook' ><a target=\"_blank\" aria-label=\"Compartir en Facebook\" href='https:\/\/www.facebook.com\/sharer.php?u=https:\/\/radiorevelacionfm.cl\/?p=58057&#038;t=La%20Red%20Agroclim%C3%A1tica%20Nacional%20invita%20al%20webinar%20%C2%AB%C2%BFTenemos%20suficiente%20agua%20y%20nieve%20disponible%20en%20el%20territorio%3F%C2%BB' aria-hidden='false' data-av_icon='\ue8f3' data-av_iconfont='entypo-fontello' title='' data-avia-related-tooltip='Compartir en Facebook' rel=\"noopener\"><span class='avia_hidden_link_text'>Compartir en Facebook<\/span><\/a><\/li><li class='av-share-link av-social-link-twitter' ><a target=\"_blank\" aria-label=\"Compartir en Twitter\" href='https:\/\/twitter.com\/share?text=La%20Red%20Agroclim%C3%A1tica%20Nacional%20invita%20al%20webinar%20%C2%AB%C2%BFTenemos%20suficiente%20agua%20y%20nieve%20disponible%20en%20el%20territorio%3F%C2%BB&#038;url=https:\/\/radiorevelacionfm.cl\/?p=58057' aria-hidden='false' data-av_icon='\ue8f1' data-av_iconfont='entypo-fontello' title='' data-avia-related-tooltip='Compartir en Twitter' rel=\"noopener\"><span class='avia_hidden_link_text'>Compartir en Twitter<\/span><\/a><\/li><li class='av-share-link av-social-link-whatsapp' ><a target=\"_blank\" aria-label=\"Compartir en Whatsapp\" href='https:\/\/api.whatsapp.com\/send?text=https:\/\/radiorevelacionfm.cl\/?p=58057' aria-hidden='false' data-av_icon='\uf232' data-av_iconfont='entypo-fontello' title='' data-avia-related-tooltip='Compartir en Whatsapp' rel=\"noopener\"><span class='avia_hidden_link_text'>Compartir en Whatsapp<\/span><\/a><\/li><li class='av-share-link av-social-link-linkedin' ><a target=\"_blank\" aria-label=\"Compartir en LinkedIn\" href='https:\/\/linkedin.com\/shareArticle?mini=true&#038;title=La%20Red%20Agroclim%C3%A1tica%20Nacional%20invita%20al%20webinar%20%C2%AB%C2%BFTenemos%20suficiente%20agua%20y%20nieve%20disponible%20en%20el%20territorio%3F%C2%BB&#038;url=https:\/\/radiorevelacionfm.cl\/?p=58057' aria-hidden='false' data-av_icon='\ue8fc' data-av_iconfont='entypo-fontello' title='' data-avia-related-tooltip='Compartir en LinkedIn' rel=\"noopener\"><span class='avia_hidden_link_text'>Compartir en LinkedIn<\/span><\/a><\/li><li class='av-share-link av-social-link-mail' ><a  aria-label=\"Compartir por correo\" href='mailto:?subject=La%20Red%20Agroclim%C3%A1tica%20Nacional%20invita%20al%20webinar%20%C2%AB%C2%BFTenemos%20suficiente%20agua%20y%20nieve%20disponible%20en%20el%20territorio%3F%C2%BB&#038;body=https:\/\/radiorevelacionfm.cl\/?p=58057' aria-hidden='false' data-av_icon='\ue805' data-av_iconfont='entypo-fontello' title='' data-avia-related-tooltip='Compartir por correo'><span class='avia_hidden_link_text'>Compartir por correo<\/span><\/a><\/li><\/ul><\/div><\/div>\n<div  style='height:50px' class='hr hr-invisible   avia-builder-el-8  el_after_av_social_share  el_before_av_comments_list '><span class='hr-inner ' ><span class='hr-inner-style'><\/span><\/span><\/div>\n<div  class='av-buildercomment  av-blog-meta-html-info-disabled av-blog-meta-tag-disabled  '><\/div>\n","protected":false},"excerpt":{"rendered":"","protected":false},"author":1,"featured_media":58058,"comment_status":"closed","ping_status":"closed","sticky":false,"template":"","format":"standard","meta":{"footnotes":""},"categories":[58],"tags":[],"class_list":["post-58057","post","type-post","status-publish","format-standard","has-post-thumbnail","hentry","category-agricultura"],"jetpack_featured_media_url":"https:\/\/radiorevelacionfm.cl\/wp-content\/uploads\/2025\/08\/imagen-predio-aysen-0002-1_optimized-1.jpg","_links":{"self":[{"href":"https:\/\/radiorevelacionfm.cl\/index.php?rest_route=\/wp\/v2\/posts\/58057","targetHints":{"allow":["GET"]}}],"collection":[{"href":"https:\/\/radiorevelacionfm.cl\/index.php?rest_route=\/wp\/v2\/posts"}],"about":[{"href":"https:\/\/radiorevelacionfm.cl\/index.php?rest_route=\/wp\/v2\/types\/post"}],"author":[{"embeddable":true,"href":"https:\/\/radiorevelacionfm.cl\/index.php?rest_route=\/wp\/v2\/users\/1"}],"replies":[{"embeddable":true,"href":"https:\/\/radiorevelacionfm.cl\/index.php?rest_route=%2Fwp%2Fv2%2Fcomments&post=58057"}],"version-history":[{"count":2,"href":"https:\/\/radiorevelacionfm.cl\/index.php?rest_route=\/wp\/v2\/posts\/58057\/revisions"}],"predecessor-version":[{"id":58066,"href":"https:\/\/radiorevelacionfm.cl\/index.php?rest_route=\/wp\/v2\/posts\/58057\/revisions\/58066"}],"wp:featuredmedia":[{"embeddable":true,"href":"https:\/\/radiorevelacionfm.cl\/index.php?rest_route=\/wp\/v2\/media\/58058"}],"wp:attachment":[{"href":"https:\/\/radiorevelacionfm.cl\/index.php?rest_route=%2Fwp%2Fv2%2Fmedia&parent=58057"}],"wp:term":[{"taxonomy":"category","embeddable":true,"href":"https:\/\/radiorevelacionfm.cl\/index.php?rest_route=%2Fwp%2Fv2%2Fcategories&post=58057"},{"taxonomy":"post_tag","embeddable":true,"href":"https:\/\/radiorevelacionfm.cl\/index.php?rest_route=%2Fwp%2Fv2%2Ftags&post=58057"}],"curies":[{"name":"wp","href":"https:\/\/api.w.org\/{rel}","templated":true}]}}