{"id":58054,"date":"2025-08-20T17:50:05","date_gmt":"2025-08-20T20:50:05","guid":{"rendered":"https:\/\/radiorevelacionfm.cl\/?p=58054"},"modified":"2025-08-20T17:50:05","modified_gmt":"2025-08-20T20:50:05","slug":"bienes-nacionales-realizo-charla-sobre-regularizacion-de-la-propiedad-raiz-a-mujeres-rurales-de-la-region","status":"publish","type":"post","link":"https:\/\/radiorevelacionfm.cl\/?p=58054","title":{"rendered":"Bienes Nacionales realiz\u00f3 charla sobre Regularizaci\u00f3n de la Propiedad Ra\u00edz a mujeres rurales de la regi\u00f3n"},"content":{"rendered":"<div class=\"flex_column av_one_full  flex_column_div av-zero-column-padding first  avia-builder-el-0  el_before_av_one_full  avia-builder-el-first  \" style='border-radius:0px; '><div  class='avia-image-container  av-styling-    avia-builder-el-1  avia-builder-el-no-sibling  avia-align-center '  itemprop=\"image\" itemscope=\"itemscope\" itemtype=\"https:\/\/schema.org\/ImageObject\"  ><div class='avia-image-container-inner'><div class='avia-image-overlay-wrap'><img decoding=\"async\" class='wp-image-58055 avia-img-lazy-loading-not-58055 avia_image' src=\"https:\/\/radiorevelacionfm.cl\/wp-content\/uploads\/2025\/08\/20250812_163110-1-1.jpg\" alt='' title='20250812_163110 (1) (1)' height=\"600\" width=\"800\"  itemprop=\"thumbnailUrl\" srcset=\"https:\/\/radiorevelacionfm.cl\/wp-content\/uploads\/2025\/08\/20250812_163110-1-1.jpg 800w, https:\/\/radiorevelacionfm.cl\/wp-content\/uploads\/2025\/08\/20250812_163110-1-1-300x225.jpg 300w, https:\/\/radiorevelacionfm.cl\/wp-content\/uploads\/2025\/08\/20250812_163110-1-1-768x576.jpg 768w, https:\/\/radiorevelacionfm.cl\/wp-content\/uploads\/2025\/08\/20250812_163110-1-1-705x529.jpg 705w, https:\/\/radiorevelacionfm.cl\/wp-content\/uploads\/2025\/08\/20250812_163110-1-1-450x338.jpg 450w, https:\/\/radiorevelacionfm.cl\/wp-content\/uploads\/2025\/08\/20250812_163110-1-1-600x450.jpg 600w\" sizes=\"(max-width: 800px) 100vw, 800px\" \/><\/div><\/div><\/div><\/div><div class=\"flex_column av_one_full  flex_column_div av-zero-column-padding first  avia-builder-el-2  el_after_av_one_full  el_before_av_one_full  column-top-margin\" style='border-radius:0px; '><section class=\"av_textblock_section \"  itemscope=\"itemscope\" itemtype=\"https:\/\/schema.org\/BlogPosting\" itemprop=\"blogPost\" ><div class='avia_textblock  '   itemprop=\"text\" ><p style=\"text-align: center;\"><strong><span style=\"font-size: 18pt;\">Bienes Nacionales realiz\u00f3 charla sobre Regularizaci\u00f3n de la Propiedad Ra\u00edz a mujeres rurales de la regi\u00f3n<\/span><\/strong><\/p>\n<div id=\"gtx-trans\" style=\"position: absolute; left: -50px; top: 4.31534px;\">\n<div class=\"gtx-trans-icon\"><\/div>\n<\/div>\n<\/div><\/section><\/div><div class=\"flex_column av_one_full  flex_column_div av-zero-column-padding first  avia-builder-el-4  el_after_av_one_full  el_before_av_hr  column-top-margin\" style='border-radius:0px; '><section class=\"av_textblock_section \"  itemscope=\"itemscope\" itemtype=\"https:\/\/schema.org\/BlogPosting\" itemprop=\"blogPost\" ><div class='avia_textblock  '   itemprop=\"text\" ><p style=\"text-align: justify;\">En el marco de la Mesa de la Mujer Rural que sesion\u00f3 hace unos d\u00edas en Coyhaique, desde la Seremi de Bienes Nacionales de Ays\u00e9n, se realiz\u00f3 el taller \u201cPrograma Informativo de Regularizaci\u00f3n\u201d, instancia en que las dirigentas de distintas zonas rurales de la regi\u00f3n, se interiorizaron sobre los alcances del Decreto Ley 2.695, proceso administrativo excepcional que aplica el Ministerio de Bienes Nacionales para regularizar la posesi\u00f3n material de un inmueble en propiedad particular, otorgando el T\u00edtulo de Dominio y, con esto, la seguridad y certeza territorial de ser due\u00f1a o due\u00f1o leg\u00edtimo de un bien ra\u00edz.<\/p>\n<p style=\"text-align: justify;\">Las dirigentas se mostraron interesadas en la presentaci\u00f3n realizada por funcionarios de la Unidad de Regularizaci\u00f3n, y entre sus inquietudes, surgieron diferentes consultas, entre estas, cu\u00e1l es la importancia de contar con el t\u00edtulo de dominio, por lo que se les se\u00f1al\u00f3 que ser due\u00f1a o due\u00f1o de un bien inmueble permite, por ejemplo, arrendar y vender la propiedad, posibilidad de acceso a cr\u00e9ditos estatales o bancarios, indemnizaci\u00f3n en caso de expropiaci\u00f3n, posibilidad de dejar a herederos el bien ra\u00edz en caso de fallecimiento y acceso a diversos beneficios entregados por el Estado.<\/p>\n<p style=\"text-align: justify;\">\u201cEstas charlas son parte de nuestro Programa Informativo de Regularizaci\u00f3n del Ministerio de Bienes Nacionales y son instancias que tratamos de llevar a distintos espacios, a organizaciones sociales, juntas de vecinos, a servicios p\u00fablicos, entre otros. En el caso de esta charla, nos centramos en explicar en qu\u00e9 casos se puede aplicar el D.L. 2.695, los requisitos principales, adem\u00e1s de hacer un llamado para prevenir la adquisici\u00f3n de bienes ra\u00edces donde se est\u00e9 incumpliendo con la Ley, como es el caso de los loteos irregulares\u201d, sostuvo Mauricio Schacht, encargado de la Unidad de Regularizaci\u00f3n.<\/p>\n<p style=\"text-align: justify;\">Al ser una instancia especial con participaci\u00f3n de mujeres rurales, tambi\u00e9n se enfatiz\u00f3 en el art\u00edculo 37\u00b0 del D.L. 2.695 de 1979 que Fija Normas para Regularizar la Posesi\u00f3n de la Peque\u00f1a Propiedad Ra\u00edz, estipula que\u00a0<em>\u201cla mujer casada se considerar\u00e1 separada de bienes. En consecuencia, una vez inscrito el inmueble a nombre de la mujer y transcurridos 2 a\u00f1os, \u00e9sta podr\u00e1 disponer de la propiedad sin necesidad de contar con autorizaci\u00f3n del marido\u201d, informaci\u00f3n que fue bien recibida por las dirigentas, algo que la seremi Irina Morend reforz\u00f3, se\u00f1alando que<\/em>, \u201cnuestras charlas tienen componente de enfoque de g\u00e9nero, ya que este es un proceso que busca relevar la autonom\u00eda de la mujer y brindarle tanto seguridad econ\u00f3mica como seguridad jur\u00eddica. Respecto del saneamiento de una propiedad, les decimos a las mujeres que, no es obligaci\u00f3n que el tr\u00e1mite lo haga el marido, que es importante que la mujer realice su tramitaci\u00f3n en el caso que corresponda, y as\u00ed convertirse en due\u00f1a, en propietaria&#8230;Y esto significa mucho, significa que la propiedad regularizada a trav\u00e9s del Ministerio de Bienes Nacionales, pasa a ser parte del patrimonio propio e individual de la mujer, y no de la sociedad conyugal\u201d, explic\u00f3 la seremi Irina Morend Valdebenito.<\/p>\n<p style=\"text-align: justify;\">Para conocer m\u00e1s sobre el proceso de Regularizaci\u00f3n, se puede ingresar al sitio web del Ministerio de Bienes Nacionales\u00a0 <a href=\"http:\/\/www.bienesnacionales.cl\">www.bienesnacionales.cl<\/a> y desglosar el link Nuestros Programas, donde se encontrar\u00e1 el bot\u00f3n referente a Regularizaci\u00f3n de T\u00edtulos.<\/p>\n<\/div><\/section><\/div><div  style='height:50px' class='hr hr-invisible   avia-builder-el-6  el_after_av_one_full  el_before_av_social_share '><span class='hr-inner ' ><span class='hr-inner-style'><\/span><\/span><\/div><\/p>\n<div  class='av-social-sharing-box  avia-builder-el-7  el_after_av_hr  el_before_av_hr  '><div class='av-share-box'><h5 class='av-share-link-description av-no-toc '>Compartir esta noticia<\/h5><ul class='av-share-box-list noLightbox'><li class='av-share-link av-social-link-facebook' ><a target=\"_blank\" aria-label=\"Compartir en Facebook\" href='https:\/\/www.facebook.com\/sharer.php?u=https:\/\/radiorevelacionfm.cl\/?p=58054&#038;t=Bienes%20Nacionales%20realiz%C3%B3%20charla%20sobre%20Regularizaci%C3%B3n%20de%20la%20Propiedad%20Ra%C3%ADz%20a%20mujeres%20rurales%20de%20la%20regi%C3%B3n' aria-hidden='false' data-av_icon='\ue8f3' data-av_iconfont='entypo-fontello' title='' data-avia-related-tooltip='Compartir en Facebook' rel=\"noopener\"><span class='avia_hidden_link_text'>Compartir en Facebook<\/span><\/a><\/li><li class='av-share-link av-social-link-twitter' ><a target=\"_blank\" aria-label=\"Compartir en Twitter\" href='https:\/\/twitter.com\/share?text=Bienes%20Nacionales%20realiz%C3%B3%20charla%20sobre%20Regularizaci%C3%B3n%20de%20la%20Propiedad%20Ra%C3%ADz%20a%20mujeres%20rurales%20de%20la%20regi%C3%B3n&#038;url=https:\/\/radiorevelacionfm.cl\/?p=58054' aria-hidden='false' data-av_icon='\ue8f1' data-av_iconfont='entypo-fontello' title='' data-avia-related-tooltip='Compartir en Twitter' rel=\"noopener\"><span class='avia_hidden_link_text'>Compartir en Twitter<\/span><\/a><\/li><li class='av-share-link av-social-link-whatsapp' ><a target=\"_blank\" aria-label=\"Compartir en Whatsapp\" href='https:\/\/api.whatsapp.com\/send?text=https:\/\/radiorevelacionfm.cl\/?p=58054' aria-hidden='false' data-av_icon='\uf232' data-av_iconfont='entypo-fontello' title='' data-avia-related-tooltip='Compartir en Whatsapp' rel=\"noopener\"><span class='avia_hidden_link_text'>Compartir en Whatsapp<\/span><\/a><\/li><li class='av-share-link av-social-link-linkedin' ><a target=\"_blank\" aria-label=\"Compartir en LinkedIn\" href='https:\/\/linkedin.com\/shareArticle?mini=true&#038;title=Bienes%20Nacionales%20realiz%C3%B3%20charla%20sobre%20Regularizaci%C3%B3n%20de%20la%20Propiedad%20Ra%C3%ADz%20a%20mujeres%20rurales%20de%20la%20regi%C3%B3n&#038;url=https:\/\/radiorevelacionfm.cl\/?p=58054' aria-hidden='false' data-av_icon='\ue8fc' data-av_iconfont='entypo-fontello' title='' data-avia-related-tooltip='Compartir en LinkedIn' rel=\"noopener\"><span class='avia_hidden_link_text'>Compartir en LinkedIn<\/span><\/a><\/li><li class='av-share-link av-social-link-mail' ><a  aria-label=\"Compartir por correo\" href='mailto:?subject=Bienes%20Nacionales%20realiz%C3%B3%20charla%20sobre%20Regularizaci%C3%B3n%20de%20la%20Propiedad%20Ra%C3%ADz%20a%20mujeres%20rurales%20de%20la%20regi%C3%B3n&#038;body=https:\/\/radiorevelacionfm.cl\/?p=58054' aria-hidden='false' data-av_icon='\ue805' data-av_iconfont='entypo-fontello' title='' data-avia-related-tooltip='Compartir por correo'><span class='avia_hidden_link_text'>Compartir por correo<\/span><\/a><\/li><\/ul><\/div><\/div>\n<div  style='height:50px' class='hr hr-invisible   avia-builder-el-8  el_after_av_social_share  el_before_av_comments_list '><span class='hr-inner ' ><span class='hr-inner-style'><\/span><\/span><\/div>\n<div  class='av-buildercomment  av-blog-meta-html-info-disabled av-blog-meta-tag-disabled  '><\/div>\n","protected":false},"excerpt":{"rendered":"","protected":false},"author":1,"featured_media":58055,"comment_status":"closed","ping_status":"closed","sticky":false,"template":"","format":"standard","meta":{"footnotes":""},"categories":[38],"tags":[],"class_list":["post-58054","post","type-post","status-publish","format-standard","has-post-thumbnail","hentry","category-regional"],"jetpack_featured_media_url":"https:\/\/radiorevelacionfm.cl\/wp-content\/uploads\/2025\/08\/20250812_163110-1-1.jpg","_links":{"self":[{"href":"https:\/\/radiorevelacionfm.cl\/index.php?rest_route=\/wp\/v2\/posts\/58054","targetHints":{"allow":["GET"]}}],"collection":[{"href":"https:\/\/radiorevelacionfm.cl\/index.php?rest_route=\/wp\/v2\/posts"}],"about":[{"href":"https:\/\/radiorevelacionfm.cl\/index.php?rest_route=\/wp\/v2\/types\/post"}],"author":[{"embeddable":true,"href":"https:\/\/radiorevelacionfm.cl\/index.php?rest_route=\/wp\/v2\/users\/1"}],"replies":[{"embeddable":true,"href":"https:\/\/radiorevelacionfm.cl\/index.php?rest_route=%2Fwp%2Fv2%2Fcomments&post=58054"}],"version-history":[{"count":2,"href":"https:\/\/radiorevelacionfm.cl\/index.php?rest_route=\/wp\/v2\/posts\/58054\/revisions"}],"predecessor-version":[{"id":58064,"href":"https:\/\/radiorevelacionfm.cl\/index.php?rest_route=\/wp\/v2\/posts\/58054\/revisions\/58064"}],"wp:featuredmedia":[{"embeddable":true,"href":"https:\/\/radiorevelacionfm.cl\/index.php?rest_route=\/wp\/v2\/media\/58055"}],"wp:attachment":[{"href":"https:\/\/radiorevelacionfm.cl\/index.php?rest_route=%2Fwp%2Fv2%2Fmedia&parent=58054"}],"wp:term":[{"taxonomy":"category","embeddable":true,"href":"https:\/\/radiorevelacionfm.cl\/index.php?rest_route=%2Fwp%2Fv2%2Fcategories&post=58054"},{"taxonomy":"post_tag","embeddable":true,"href":"https:\/\/radiorevelacionfm.cl\/index.php?rest_route=%2Fwp%2Fv2%2Ftags&post=58054"}],"curies":[{"name":"wp","href":"https:\/\/api.w.org\/{rel}","templated":true}]}}