{"id":58047,"date":"2025-08-20T16:03:54","date_gmt":"2025-08-20T19:03:54","guid":{"rendered":"https:\/\/radiorevelacionfm.cl\/?p=58047"},"modified":"2025-08-20T16:03:54","modified_gmt":"2025-08-20T19:03:54","slug":"premios-regionales-de-cultura-2025-abren-convocatoria-con-foco-en-educacion-artistica","status":"publish","type":"post","link":"https:\/\/radiorevelacionfm.cl\/?p=58047","title":{"rendered":"Premios Regionales de Cultura 2025 abren convocatoria con foco en Educaci\u00f3n Art\u00edstica"},"content":{"rendered":"<div class=\"flex_column av_one_full  flex_column_div av-zero-column-padding first  avia-builder-el-0  el_before_av_one_full  avia-builder-el-first  \" style='border-radius:0px; '><div  class='avia-image-container  av-styling-    avia-builder-el-1  avia-builder-el-no-sibling  avia-align-center '  itemprop=\"image\" itemscope=\"itemscope\" itemtype=\"https:\/\/schema.org\/ImageObject\"  ><div class='avia-image-container-inner'><div class='avia-image-overlay-wrap'><img decoding=\"async\" class='wp-image-44085 avia-img-lazy-loading-not-44085 avia_image' src=\"https:\/\/radiorevelacionfm.cl\/wp-content\/uploads\/2024\/07\/premio-regional-1-1.jpg\" alt='' title='premio regional (1) (1)' height=\"600\" width=\"899\"  itemprop=\"thumbnailUrl\" srcset=\"https:\/\/radiorevelacionfm.cl\/wp-content\/uploads\/2024\/07\/premio-regional-1-1.jpg 899w, https:\/\/radiorevelacionfm.cl\/wp-content\/uploads\/2024\/07\/premio-regional-1-1-300x200.jpg 300w, https:\/\/radiorevelacionfm.cl\/wp-content\/uploads\/2024\/07\/premio-regional-1-1-768x513.jpg 768w, https:\/\/radiorevelacionfm.cl\/wp-content\/uploads\/2024\/07\/premio-regional-1-1-705x471.jpg 705w, https:\/\/radiorevelacionfm.cl\/wp-content\/uploads\/2024\/07\/premio-regional-1-1-450x300.jpg 450w, https:\/\/radiorevelacionfm.cl\/wp-content\/uploads\/2024\/07\/premio-regional-1-1-600x400.jpg 600w\" sizes=\"(max-width: 899px) 100vw, 899px\" \/><\/div><\/div><\/div><\/div><div class=\"flex_column av_one_full  flex_column_div av-zero-column-padding first  avia-builder-el-2  el_after_av_one_full  el_before_av_one_full  column-top-margin\" style='border-radius:0px; '><section class=\"av_textblock_section \"  itemscope=\"itemscope\" itemtype=\"https:\/\/schema.org\/BlogPosting\" itemprop=\"blogPost\" ><div class='avia_textblock  '   itemprop=\"text\" ><p style=\"text-align: center;\"><span style=\"font-size: 18pt;\"><b>Premios Regionales de Cultura 2025 abren convocatoria con foco en Educaci\u00f3n Art\u00edstica<\/b><\/span><\/p>\n<div id=\"gtx-trans\" style=\"position: absolute; left: -50px; top: 4.31534px;\">\n<div class=\"gtx-trans-icon\"><\/div>\n<\/div>\n<\/div><\/section><\/div><div class=\"flex_column av_one_full  flex_column_div av-zero-column-padding first  avia-builder-el-4  el_after_av_one_full  el_before_av_hr  column-top-margin\" style='border-radius:0px; '><section class=\"av_textblock_section \"  itemscope=\"itemscope\" itemtype=\"https:\/\/schema.org\/BlogPosting\" itemprop=\"blogPost\" ><div class='avia_textblock  '   itemprop=\"text\" ><p style=\"text-align: justify;\">El educador brit\u00e1nico Ken Robinson pensaba que la escuela en su modelo cl\u00e1sico destru\u00eda la creatividad. Por eso consideraba que el lenguaje art\u00edstico y sus disciplinas eran vitales para formar personas buenas y talentosas.<\/p>\n<p style=\"text-align: justify;\">Con la premisa de que la Educaci\u00f3n Art\u00edstica es un motor de desarrollo humano, tanto en las escuelas como en espacios no formales, este 2025 la Secretar\u00eda de las Culturas, las Artes y el Patrimonio Regi\u00f3n de Ays\u00e9n abri\u00f3 la convocatoria para los Premios Regionales de Arte, Cultura y Patrimonio 2025 que en esta edici\u00f3n se concentran en la Trayectoria en Educaci\u00f3n de Art\u00edstica.<\/p>\n<p style=\"text-align: justify;\">Los Premios Regionales de Arte, Cultura y Patrimonio 2025 son iniciativa del Programa de Fortalecimiento de la Identidad Cultural Regional de la Unidad de Ciudadan\u00eda de la Seremi de Culturas Ays\u00e9n, y busca reconocer y poner en valor los aportes de personas influyentes en sus \u00e1reas de trabajo.<\/p>\n<p style=\"text-align: justify;\">En la categor\u00eda Educaci\u00f3n Art\u00edstica en el Sistema Educativo Formal se premiar\u00e1 a la o el docente que acredite aportes relevantes por al menos 7 a\u00f1os en una instituci\u00f3n educacional de la Regi\u00f3n de Ays\u00e9n. En la categor\u00eda Educaci\u00f3n Art\u00edstica No Formal existen las subcategor\u00edas de Educaci\u00f3n Art\u00edstica (para artistas) y Educaci\u00f3n Patrimonial (para cultoras y cultores). Todos y todas deben ser postulados a trav\u00e9s de una entidad patrocinante.<\/p>\n<p style=\"text-align: justify;\">El seremi de Culturas Ays\u00e9n, Felipe Quiroz, invit\u00f3 a docentes, cultoras y cultores a participar: \u201cNo es casualidad que, en el a\u00f1o en que conmemoramos los 80 a\u00f1os de la entrega del Premio Nobel a la poeta chilena Gabriela Mistral, hayamos puesto el acento en la educaci\u00f3n art\u00edstica para nuestros Premios Regionales de Arte, Cultura y Patrimonio. Este reconocimiento es tambi\u00e9n parte del trabajo institucional que se ha cimentado con las in\u00e9ditas pol\u00edticas de educaci\u00f3n art\u00edstica y patrimonial, orientadas a fortalecer la transmisi\u00f3n de saberes y la valorizaci\u00f3n de nuestra identidad. Queremos invitar a profesoras y profesores, cultoras y cultores, quienes han dedicado gran parte de su vida a ense\u00f1ar y difundir nuestra historia y patrimonio, a participar a trav\u00e9s de una entidad patrocinante en este certamen anual de la Seremi de Culturas Ays\u00e9n\u201d.<\/p>\n<p style=\"text-align: justify;\">El premio para cada categor\u00eda consta de $2.500.000, adem\u00e1s de la tradicional estatuilla T\u00e9mpano, creada especialmente por la artista visual Paz Schwencke para representarlo. Las bases ya est\u00e1n disponibles en <a href=\"https:\/\/tinyurl.com\/muunafuv\">Bases Concurso Regional Arte Cultura y Patrimonio 2025<\/a><\/p>\n<p style=\"text-align: justify;\">Con este concurso anual, la Seremi de Culturas Ays\u00e9n premia la creatividad dentro y fuera del aula y la educaci\u00f3n art\u00edstica como una herramienta fundamental en el aprendizaje y el crecimiento del ser humano, porque est\u00e1 demostrado que Ken Robinson ten\u00eda raz\u00f3n cuando dec\u00eda que \u201cla creatividad es tan importante en la educaci\u00f3n como la alfabetizaci\u00f3n, y deber\u00edamos tratarla con la misma importancia\u201d.<\/p>\n<\/div><\/section><\/div><div  style='height:50px' class='hr hr-invisible   avia-builder-el-6  el_after_av_one_full  el_before_av_social_share '><span class='hr-inner ' ><span class='hr-inner-style'><\/span><\/span><\/div><\/p>\n<div  class='av-social-sharing-box  avia-builder-el-7  el_after_av_hr  el_before_av_hr  '><div class='av-share-box'><h5 class='av-share-link-description av-no-toc '>Compartir esta noticia<\/h5><ul class='av-share-box-list noLightbox'><li class='av-share-link av-social-link-facebook' ><a target=\"_blank\" aria-label=\"Compartir en Facebook\" href='https:\/\/www.facebook.com\/sharer.php?u=https:\/\/radiorevelacionfm.cl\/?p=58047&#038;t=Premios%20Regionales%20de%20Cultura%202025%20abren%20convocatoria%20con%20foco%20en%20Educaci%C3%B3n%20Art%C3%ADstica' aria-hidden='false' data-av_icon='\ue8f3' data-av_iconfont='entypo-fontello' title='' data-avia-related-tooltip='Compartir en Facebook' rel=\"noopener\"><span class='avia_hidden_link_text'>Compartir en Facebook<\/span><\/a><\/li><li class='av-share-link av-social-link-twitter' ><a target=\"_blank\" aria-label=\"Compartir en Twitter\" href='https:\/\/twitter.com\/share?text=Premios%20Regionales%20de%20Cultura%202025%20abren%20convocatoria%20con%20foco%20en%20Educaci%C3%B3n%20Art%C3%ADstica&#038;url=https:\/\/radiorevelacionfm.cl\/?p=58047' aria-hidden='false' data-av_icon='\ue8f1' data-av_iconfont='entypo-fontello' title='' data-avia-related-tooltip='Compartir en Twitter' rel=\"noopener\"><span class='avia_hidden_link_text'>Compartir en Twitter<\/span><\/a><\/li><li class='av-share-link av-social-link-whatsapp' ><a target=\"_blank\" aria-label=\"Compartir en Whatsapp\" href='https:\/\/api.whatsapp.com\/send?text=https:\/\/radiorevelacionfm.cl\/?p=58047' aria-hidden='false' data-av_icon='\uf232' data-av_iconfont='entypo-fontello' title='' data-avia-related-tooltip='Compartir en Whatsapp' rel=\"noopener\"><span class='avia_hidden_link_text'>Compartir en Whatsapp<\/span><\/a><\/li><li class='av-share-link av-social-link-linkedin' ><a target=\"_blank\" aria-label=\"Compartir en LinkedIn\" href='https:\/\/linkedin.com\/shareArticle?mini=true&#038;title=Premios%20Regionales%20de%20Cultura%202025%20abren%20convocatoria%20con%20foco%20en%20Educaci%C3%B3n%20Art%C3%ADstica&#038;url=https:\/\/radiorevelacionfm.cl\/?p=58047' aria-hidden='false' data-av_icon='\ue8fc' data-av_iconfont='entypo-fontello' title='' data-avia-related-tooltip='Compartir en LinkedIn' rel=\"noopener\"><span class='avia_hidden_link_text'>Compartir en LinkedIn<\/span><\/a><\/li><li class='av-share-link av-social-link-mail' ><a  aria-label=\"Compartir por correo\" href='mailto:?subject=Premios%20Regionales%20de%20Cultura%202025%20abren%20convocatoria%20con%20foco%20en%20Educaci%C3%B3n%20Art%C3%ADstica&#038;body=https:\/\/radiorevelacionfm.cl\/?p=58047' aria-hidden='false' data-av_icon='\ue805' data-av_iconfont='entypo-fontello' title='' data-avia-related-tooltip='Compartir por correo'><span class='avia_hidden_link_text'>Compartir por correo<\/span><\/a><\/li><\/ul><\/div><\/div>\n<div  style='height:50px' class='hr hr-invisible   avia-builder-el-8  el_after_av_social_share  el_before_av_comments_list '><span class='hr-inner ' ><span class='hr-inner-style'><\/span><\/span><\/div>\n<div  class='av-buildercomment  av-blog-meta-html-info-disabled av-blog-meta-tag-disabled  '><\/div>\n","protected":false},"excerpt":{"rendered":"","protected":false},"author":1,"featured_media":44085,"comment_status":"closed","ping_status":"closed","sticky":false,"template":"","format":"standard","meta":{"footnotes":""},"categories":[52],"tags":[],"class_list":["post-58047","post","type-post","status-publish","format-standard","has-post-thumbnail","hentry","category-cultura"],"jetpack_featured_media_url":"https:\/\/radiorevelacionfm.cl\/wp-content\/uploads\/2024\/07\/premio-regional-1-1.jpg","_links":{"self":[{"href":"https:\/\/radiorevelacionfm.cl\/index.php?rest_route=\/wp\/v2\/posts\/58047","targetHints":{"allow":["GET"]}}],"collection":[{"href":"https:\/\/radiorevelacionfm.cl\/index.php?rest_route=\/wp\/v2\/posts"}],"about":[{"href":"https:\/\/radiorevelacionfm.cl\/index.php?rest_route=\/wp\/v2\/types\/post"}],"author":[{"embeddable":true,"href":"https:\/\/radiorevelacionfm.cl\/index.php?rest_route=\/wp\/v2\/users\/1"}],"replies":[{"embeddable":true,"href":"https:\/\/radiorevelacionfm.cl\/index.php?rest_route=%2Fwp%2Fv2%2Fcomments&post=58047"}],"version-history":[{"count":2,"href":"https:\/\/radiorevelacionfm.cl\/index.php?rest_route=\/wp\/v2\/posts\/58047\/revisions"}],"predecessor-version":[{"id":58049,"href":"https:\/\/radiorevelacionfm.cl\/index.php?rest_route=\/wp\/v2\/posts\/58047\/revisions\/58049"}],"wp:featuredmedia":[{"embeddable":true,"href":"https:\/\/radiorevelacionfm.cl\/index.php?rest_route=\/wp\/v2\/media\/44085"}],"wp:attachment":[{"href":"https:\/\/radiorevelacionfm.cl\/index.php?rest_route=%2Fwp%2Fv2%2Fmedia&parent=58047"}],"wp:term":[{"taxonomy":"category","embeddable":true,"href":"https:\/\/radiorevelacionfm.cl\/index.php?rest_route=%2Fwp%2Fv2%2Fcategories&post=58047"},{"taxonomy":"post_tag","embeddable":true,"href":"https:\/\/radiorevelacionfm.cl\/index.php?rest_route=%2Fwp%2Fv2%2Ftags&post=58047"}],"curies":[{"name":"wp","href":"https:\/\/api.w.org\/{rel}","templated":true}]}}