{"id":58043,"date":"2025-08-20T15:50:51","date_gmt":"2025-08-20T18:50:51","guid":{"rendered":"https:\/\/radiorevelacionfm.cl\/?p=58043"},"modified":"2025-08-20T15:50:51","modified_gmt":"2025-08-20T18:50:51","slug":"con-instalacion-de-primera-piedra-en-nirehuao-mop-sumara-nuevo-punto-de-posada-de-helicopteros-a-red-nacional-de-soporte-aereo-para-enfrentar-emergencias","status":"publish","type":"post","link":"https:\/\/radiorevelacionfm.cl\/?p=58043","title":{"rendered":"Con instalaci\u00f3n de primera piedra en \u00d1irehuao MOP sumar\u00e1 nuevo punto de posada de helic\u00f3pteros a red nacional de soporte a\u00e9reo para enfrentar emergencias"},"content":{"rendered":"<div class=\"flex_column av_one_full  flex_column_div av-zero-column-padding first  avia-builder-el-0  el_before_av_one_full  avia-builder-el-first  \" style='border-radius:0px; '><div  class='avia-image-container  av-styling-    avia-builder-el-1  avia-builder-el-no-sibling  avia-align-center '  itemprop=\"image\" itemscope=\"itemscope\" itemtype=\"https:\/\/schema.org\/ImageObject\"  ><div class='avia-image-container-inner'><div class='avia-image-overlay-wrap'><img decoding=\"async\" class='wp-image-58044 avia-img-lazy-loading-not-58044 avia_image' src=\"https:\/\/radiorevelacionfm.cl\/wp-content\/uploads\/2025\/08\/FOTO-4-2-1-1.jpg\" alt='' title='FOTO-4 (2) (1) (1)' height=\"640\" width=\"803\"  itemprop=\"thumbnailUrl\" srcset=\"https:\/\/radiorevelacionfm.cl\/wp-content\/uploads\/2025\/08\/FOTO-4-2-1-1.jpg 803w, https:\/\/radiorevelacionfm.cl\/wp-content\/uploads\/2025\/08\/FOTO-4-2-1-1-300x239.jpg 300w, https:\/\/radiorevelacionfm.cl\/wp-content\/uploads\/2025\/08\/FOTO-4-2-1-1-768x612.jpg 768w, https:\/\/radiorevelacionfm.cl\/wp-content\/uploads\/2025\/08\/FOTO-4-2-1-1-705x562.jpg 705w, https:\/\/radiorevelacionfm.cl\/wp-content\/uploads\/2025\/08\/FOTO-4-2-1-1-450x359.jpg 450w, https:\/\/radiorevelacionfm.cl\/wp-content\/uploads\/2025\/08\/FOTO-4-2-1-1-600x478.jpg 600w\" sizes=\"(max-width: 803px) 100vw, 803px\" \/><\/div><\/div><\/div><\/div><div class=\"flex_column av_one_full  flex_column_div av-zero-column-padding first  avia-builder-el-2  el_after_av_one_full  el_before_av_one_full  column-top-margin\" style='border-radius:0px; '><section class=\"av_textblock_section \"  itemscope=\"itemscope\" itemtype=\"https:\/\/schema.org\/BlogPosting\" itemprop=\"blogPost\" ><div class='avia_textblock  '   itemprop=\"text\" ><p style=\"text-align: center;\"><strong><span style=\"font-size: 18pt;\">Con instalaci\u00f3n de primera piedra en \u00d1irehuao MOP sumar\u00e1 nuevo punto de posada de helic\u00f3pteros a red nacional de soporte a\u00e9reo para enfrentar emergencias<\/span><\/strong><\/p>\n<div id=\"gtx-trans\" style=\"position: absolute; left: -50px; top: 4.31534px;\">\n<div class=\"gtx-trans-icon\"><\/div>\n<\/div>\n<\/div><\/section><\/div><div class=\"flex_column av_one_full  flex_column_div av-zero-column-padding first  avia-builder-el-4  el_after_av_one_full  el_before_av_hr  column-top-margin\" style='border-radius:0px; '><section class=\"av_textblock_section \"  itemscope=\"itemscope\" itemtype=\"https:\/\/schema.org\/BlogPosting\" itemprop=\"blogPost\" ><div class='avia_textblock  '   itemprop=\"text\" ><ul>\n<li style=\"text-align: justify;\"><em>MOP invierte $1.380 millones en la construcci\u00f3n de cinco nuevos Puntos de Posada para Helic\u00f3pteros en la Regi\u00f3n de Ays\u00e9n, que se suman a otros cuatro ya habilitados el a\u00f1o 2024 como parte de la Red Nacional.<\/em><\/li>\n<li style=\"text-align: justify;\"><em>Este semestre se ejecutar\u00e1n obras en \u00d1irehuao, Caleta Tortel, Coyhaique Alto, Paso Fronterizo Triana y La Junta, en el marco de un Plan Nacional que busca asegurar soporte a\u00e9reo durante emergencias.<\/em><\/li>\n<\/ul>\n<p style=\"text-align: justify;\">Con el objetivo de reforzar la conectividad a\u00e9rea en situaciones de emergencia, incendios forestales, operaciones policiales y evacuaciones m\u00e9dicas, la Direcci\u00f3n de Aeropuertos del Ministerio de Obras P\u00fablicas (MOP) inici\u00f3 este semestre la construcci\u00f3n de cinco nuevos Puntos de Posada para Helic\u00f3pteros en la Regi\u00f3n de Ays\u00e9n, con una inversi\u00f3n de $1.381 millones.<\/p>\n<p style=\"text-align: justify;\">La primera de las cinco obras que se sumar\u00e1n a la Red Nacional de Puntos de Posada de Helic\u00f3pteros este a\u00f1o, es el Punto de Posada de Villa \u00d1irehuao, cuya Primera Piedra fue instalada hoy, en una ceremonia encabezada por autoridades regionales y la comunidad.<\/p>\n<p style=\"text-align: justify;\">El Delegado Presidencial Regional, Jorge D\u00edaz Guzm\u00e1n, destac\u00f3 que esta infraestructura responde a las necesidades de localidades apartadas:<\/p>\n<p style=\"text-align: justify;\">\u201cLo que estamos haciendo aqu\u00ed es entregar una infraestructura que permite conectividad a\u00e9rea a trav\u00e9s de helic\u00f3pteros por lo tanto, es una infraestructura que aporta al desarrollo de este lugar. Lo hemos conversado con los vecinos y con las vecinas, as\u00ed que nosotros como gobierno estamos muy contentos de materializar este proyecto. Adem\u00e1s, creo que la comunidad tambi\u00e9n as\u00ed lo expres\u00f3, al brindarles seguridad que, efectivamente, si tienen una emergencia va poder llegar un helic\u00f3ptero sin problemas, posarse y hacer la evacuaci\u00f3n pertinente, as\u00ed que estamos muy contentos porque hemos respondido tambi\u00e9n a un requerimiento de la comunidad de \u00d1irehuao\u201d.<\/p>\n<p style=\"text-align: justify;\">En particular, los trabajos en \u00d1irehuao contemplan una inversi\u00f3n de $613 millones y estar\u00e1 ubicado junto al Ret\u00e9n de Carabineros de la localidad, 62 km al noreste de Coyhaique. Incluir\u00e1 una plataforma de hormig\u00f3n de 45 x 45 metros, sistema de iluminaci\u00f3n, catavientos, drenaje de aguas lluvias y demarcaciones seg\u00fan normativa aeroportuaria, capaz de recibir aeronaves de gran tonelaje como los helic\u00f3pteros Black Hawk de la Fuerza A\u00e9rea.<\/p>\n<p style=\"text-align: justify;\">La Directora Regional de Aeropuertos del MOP, Anita \u00c1lvarez Lemus, precis\u00f3 que adem\u00e1s de \u00d1irehuao, ya se encuentran adjudicadas y este a\u00f1o se ejecutar\u00e1n obras en los aer\u00f3dromos de Tortel y La Junta, as\u00ed como tambi\u00e9n en Coyhaique Alto y el Paso Fronterizo Triana.<\/p>\n<p style=\"text-align: justify;\">Este Plan Nacional de Puntos de Posada de Helic\u00f3pteros busca poder enfrentar un nuevo escenario cada vez m\u00e1s recurrente para atender m\u00faltiples emergencias o eventos catastr\u00f3ficos de distinta naturaleza a lo largo de todo el territorio nacional\u00a0 sean terremotos, tsunamis, erupciones volc\u00e1nicas, nevazones, lluvias intensas que generan desbordes, eventos de remoci\u00f3n de masa, combate de incendios forestales, como alternativa de conectividad ante la afectaci\u00f3n de infraestructura cr\u00edtica como caminos y puentes, entre otras estructuras. De esta forma, el Plan Nacional de Infraestructura de Soporte A\u00e9reo para Emergencias (ISAE) se hace cargo del desaf\u00edo planteado abordando todas estas materias y planteando como uno de sus ejes principales el complementar la Red Aeroportuaria Nacional con una Red de Puntos de Posada de Helic\u00f3pteros.<\/p>\n<p style=\"text-align: justify;\">En el marco de la reciente presentaci\u00f3n de este Plan a nivel nacional la ministra de Obras P\u00fablicas, Jessica L\u00f3pez destac\u00f3: \u201cEl rol de estos puntos es fundamental. Es la presencia y acci\u00f3n del Estado en el territorio, particularmente, en los lugares m\u00e1s aislados del pa\u00eds para dar una respuesta r\u00e1pida y eficaz a la poblaci\u00f3n frente a las emergencias\u201d.<\/p>\n<p style=\"text-align: justify;\">En tanto, en la Regi\u00f3n de Ays\u00e9n la comunidad de \u00d1irehuao valor\u00f3 positivamente esta iniciativa. Los ni\u00f1os y ni\u00f1as del establecimiento educacional realizaron dibujos alusivos a esta ocasi\u00f3n y fueron incluidos en una c\u00e1psula que se instal\u00f3 junto a la Primera Piedra de la obra como testimonio de este importante hito. Mar\u00eda Paz Ovando Hern\u00e1ndez, encargada de la Escuela Rural Valle de la Luna, expres\u00f3: \u201cHoy d\u00eda solamente tenemos conectividad terrestre y esto facilita el desplazamiento ya que aproximadamente en 15 minutos estar\u00edamos en la ciudad de Coyhaique. As\u00ed que ante cualquier emergencia vital, es s\u00faper necesario tener este tipo de conectividad\u201d.<\/p>\n<p style=\"text-align: justify;\">Carabineros de Chile facilit\u00f3 el terreno donde se levanta la infraestructura. El Teniente Coronel Gerardo Gonz\u00e1lez, jefe de la Secci\u00f3n A\u00e9rea de Coyhaique, destac\u00f3 que se trata de \u201cuna infraestructura que nos va a permitir -con los helic\u00f3pteros que operan aqu\u00ed en la regi\u00f3n- poder establecer un puente a\u00e9reo con otras localidades, tambi\u00e9n unir a \u00d1irehuao con el centro urbano m\u00e1s cercano que es Coyhaique en 20 &#8211; 15 minutos, para el traslado m\u00e9dico y para toda tipo de operaciones que cumplen las aeronaves, los helic\u00f3pteros que son tan vers\u00e1tiles\u201d.<\/p>\n<p style=\"text-align: justify;\">Estos nuevos puntos se sumar\u00e1n a los ya habilitados en Puerto Chacabuco, Coyhaique, Cochrane y Chile Chico en el a\u00f1o 2024. A nivel nacional, el Plan contempla la construcci\u00f3n de al menos 100 posiciones de aterrizaje para marzo de 2026. Actualmente ya se contabilizan 80, con una inversi\u00f3n superior a $40 mil millones.<\/p>\n<\/div><\/section><\/div><div  style='height:50px' class='hr hr-invisible   avia-builder-el-6  el_after_av_one_full  el_before_av_social_share '><span class='hr-inner ' ><span class='hr-inner-style'><\/span><\/span><\/div><\/p>\n<div  class='av-social-sharing-box  avia-builder-el-7  el_after_av_hr  el_before_av_hr  '><div class='av-share-box'><h5 class='av-share-link-description av-no-toc '>Compartir esta noticia<\/h5><ul class='av-share-box-list noLightbox'><li class='av-share-link av-social-link-facebook' ><a target=\"_blank\" aria-label=\"Compartir en Facebook\" href='https:\/\/www.facebook.com\/sharer.php?u=https:\/\/radiorevelacionfm.cl\/?p=58043&#038;t=Con%20instalaci%C3%B3n%20de%20primera%20piedra%20en%20%C3%91irehuao%20MOP%20sumar%C3%A1%20nuevo%20punto%20de%20posada%20de%20helic%C3%B3pteros%20a%20red%20nacional%20de%20soporte%20a%C3%A9reo%20para%20enfrentar%20emergencias' aria-hidden='false' data-av_icon='\ue8f3' data-av_iconfont='entypo-fontello' title='' data-avia-related-tooltip='Compartir en Facebook' rel=\"noopener\"><span class='avia_hidden_link_text'>Compartir en Facebook<\/span><\/a><\/li><li class='av-share-link av-social-link-twitter' ><a target=\"_blank\" aria-label=\"Compartir en Twitter\" href='https:\/\/twitter.com\/share?text=Con%20instalaci%C3%B3n%20de%20primera%20piedra%20en%20%C3%91irehuao%20MOP%20sumar%C3%A1%20nuevo%20punto%20de%20posada%20de%20helic%C3%B3pteros%20a%20red%20nacional%20de%20soporte%20a%C3%A9reo%20para%20enfrentar%20emergencias&#038;url=https:\/\/radiorevelacionfm.cl\/?p=58043' aria-hidden='false' data-av_icon='\ue8f1' data-av_iconfont='entypo-fontello' title='' data-avia-related-tooltip='Compartir en Twitter' rel=\"noopener\"><span class='avia_hidden_link_text'>Compartir en Twitter<\/span><\/a><\/li><li class='av-share-link av-social-link-whatsapp' ><a target=\"_blank\" aria-label=\"Compartir en Whatsapp\" href='https:\/\/api.whatsapp.com\/send?text=https:\/\/radiorevelacionfm.cl\/?p=58043' aria-hidden='false' data-av_icon='\uf232' data-av_iconfont='entypo-fontello' title='' data-avia-related-tooltip='Compartir en Whatsapp' rel=\"noopener\"><span class='avia_hidden_link_text'>Compartir en Whatsapp<\/span><\/a><\/li><li class='av-share-link av-social-link-linkedin' ><a target=\"_blank\" aria-label=\"Compartir en LinkedIn\" href='https:\/\/linkedin.com\/shareArticle?mini=true&#038;title=Con%20instalaci%C3%B3n%20de%20primera%20piedra%20en%20%C3%91irehuao%20MOP%20sumar%C3%A1%20nuevo%20punto%20de%20posada%20de%20helic%C3%B3pteros%20a%20red%20nacional%20de%20soporte%20a%C3%A9reo%20para%20enfrentar%20emergencias&#038;url=https:\/\/radiorevelacionfm.cl\/?p=58043' aria-hidden='false' data-av_icon='\ue8fc' data-av_iconfont='entypo-fontello' title='' data-avia-related-tooltip='Compartir en LinkedIn' rel=\"noopener\"><span class='avia_hidden_link_text'>Compartir en LinkedIn<\/span><\/a><\/li><li class='av-share-link av-social-link-mail' ><a  aria-label=\"Compartir por correo\" href='mailto:?subject=Con%20instalaci%C3%B3n%20de%20primera%20piedra%20en%20%C3%91irehuao%20MOP%20sumar%C3%A1%20nuevo%20punto%20de%20posada%20de%20helic%C3%B3pteros%20a%20red%20nacional%20de%20soporte%20a%C3%A9reo%20para%20enfrentar%20emergencias&#038;body=https:\/\/radiorevelacionfm.cl\/?p=58043' aria-hidden='false' data-av_icon='\ue805' data-av_iconfont='entypo-fontello' title='' data-avia-related-tooltip='Compartir por correo'><span class='avia_hidden_link_text'>Compartir por correo<\/span><\/a><\/li><\/ul><\/div><\/div>\n<div  style='height:50px' class='hr hr-invisible   avia-builder-el-8  el_after_av_social_share  el_before_av_comments_list '><span class='hr-inner ' ><span class='hr-inner-style'><\/span><\/span><\/div>\n<div  class='av-buildercomment  av-blog-meta-html-info-disabled av-blog-meta-tag-disabled  '><\/div>\n","protected":false},"excerpt":{"rendered":"","protected":false},"author":1,"featured_media":58044,"comment_status":"closed","ping_status":"closed","sticky":false,"template":"","format":"standard","meta":{"footnotes":""},"categories":[38],"tags":[],"class_list":["post-58043","post","type-post","status-publish","format-standard","has-post-thumbnail","hentry","category-regional"],"jetpack_featured_media_url":"https:\/\/radiorevelacionfm.cl\/wp-content\/uploads\/2025\/08\/FOTO-4-2-1-1.jpg","_links":{"self":[{"href":"https:\/\/radiorevelacionfm.cl\/index.php?rest_route=\/wp\/v2\/posts\/58043","targetHints":{"allow":["GET"]}}],"collection":[{"href":"https:\/\/radiorevelacionfm.cl\/index.php?rest_route=\/wp\/v2\/posts"}],"about":[{"href":"https:\/\/radiorevelacionfm.cl\/index.php?rest_route=\/wp\/v2\/types\/post"}],"author":[{"embeddable":true,"href":"https:\/\/radiorevelacionfm.cl\/index.php?rest_route=\/wp\/v2\/users\/1"}],"replies":[{"embeddable":true,"href":"https:\/\/radiorevelacionfm.cl\/index.php?rest_route=%2Fwp%2Fv2%2Fcomments&post=58043"}],"version-history":[{"count":2,"href":"https:\/\/radiorevelacionfm.cl\/index.php?rest_route=\/wp\/v2\/posts\/58043\/revisions"}],"predecessor-version":[{"id":58046,"href":"https:\/\/radiorevelacionfm.cl\/index.php?rest_route=\/wp\/v2\/posts\/58043\/revisions\/58046"}],"wp:featuredmedia":[{"embeddable":true,"href":"https:\/\/radiorevelacionfm.cl\/index.php?rest_route=\/wp\/v2\/media\/58044"}],"wp:attachment":[{"href":"https:\/\/radiorevelacionfm.cl\/index.php?rest_route=%2Fwp%2Fv2%2Fmedia&parent=58043"}],"wp:term":[{"taxonomy":"category","embeddable":true,"href":"https:\/\/radiorevelacionfm.cl\/index.php?rest_route=%2Fwp%2Fv2%2Fcategories&post=58043"},{"taxonomy":"post_tag","embeddable":true,"href":"https:\/\/radiorevelacionfm.cl\/index.php?rest_route=%2Fwp%2Fv2%2Ftags&post=58043"}],"curies":[{"name":"wp","href":"https:\/\/api.w.org\/{rel}","templated":true}]}}