{"id":5804,"date":"2021-06-30T22:33:01","date_gmt":"2021-07-01T01:33:01","guid":{"rendered":"https:\/\/radiorevelacionfm.cl\/?p=5804"},"modified":"2021-06-30T22:33:01","modified_gmt":"2021-07-01T01:33:01","slug":"diputado-calisto-pide-medidas-concretas-para-enfrentar-contaminacion-atmosferica-en-coyhaique","status":"publish","type":"post","link":"https:\/\/radiorevelacionfm.cl\/?p=5804","title":{"rendered":"Diputado Calisto pide medidas concretas para enfrentar contaminaci\u00f3n atmosf\u00e9rica en Coyhaique"},"content":{"rendered":"<div class=\"flex_column av_one_full  flex_column_div av-zero-column-padding first  avia-builder-el-0  el_before_av_one_full  avia-builder-el-first  \" style='border-radius:0px; '><div  class='avia-image-container  av-styling-    avia-builder-el-1  avia-builder-el-no-sibling  avia-align-center '  itemprop=\"image\" itemscope=\"itemscope\" itemtype=\"https:\/\/schema.org\/ImageObject\"  ><div class='avia-image-container-inner'><div class='avia-image-overlay-wrap'><img decoding=\"async\" class='wp-image-5805 avia-img-lazy-loading-not-5805 avia_image' src=\"https:\/\/radiorevelacionfm.cl\/wp-content\/uploads\/2021\/06\/Coyhaique2-1-1.jpg\" alt='' title='Coyhaique2 (1) (1)' height=\"600\" width=\"981\"  itemprop=\"thumbnailUrl\" srcset=\"https:\/\/radiorevelacionfm.cl\/wp-content\/uploads\/2021\/06\/Coyhaique2-1-1.jpg 981w, https:\/\/radiorevelacionfm.cl\/wp-content\/uploads\/2021\/06\/Coyhaique2-1-1-300x183.jpg 300w, https:\/\/radiorevelacionfm.cl\/wp-content\/uploads\/2021\/06\/Coyhaique2-1-1-768x470.jpg 768w, https:\/\/radiorevelacionfm.cl\/wp-content\/uploads\/2021\/06\/Coyhaique2-1-1-705x431.jpg 705w, https:\/\/radiorevelacionfm.cl\/wp-content\/uploads\/2021\/06\/Coyhaique2-1-1-600x367.jpg 600w\" sizes=\"(max-width: 981px) 100vw, 981px\" \/><\/div><\/div><\/div><\/div><div class=\"flex_column av_one_full  flex_column_div av-zero-column-padding first  avia-builder-el-2  el_after_av_one_full  el_before_av_one_full  column-top-margin\" style='border-radius:0px; '><section class=\"av_textblock_section \"  itemscope=\"itemscope\" itemtype=\"https:\/\/schema.org\/BlogPosting\" itemprop=\"blogPost\" ><div class='avia_textblock  '   itemprop=\"text\" ><p style=\"text-align: center;\"><strong><span style=\"font-size: 18pt;\">Diputado Calisto pide medidas concretas para enfrentar contaminaci\u00f3n atmosf\u00e9rica en Coyhaique <\/span><\/strong><\/p>\n<div id=\"gtx-trans\" style=\"position: absolute; left: -50px; top: 4.31534px;\">\n<div class=\"gtx-trans-icon\"><\/div>\n<\/div>\n<\/div><\/section><\/div><div class=\"flex_column av_one_full  flex_column_div av-zero-column-padding first  avia-builder-el-4  el_after_av_one_full  el_before_av_hr  column-top-margin\" style='border-radius:0px; '><section class=\"av_textblock_section \"  itemscope=\"itemscope\" itemtype=\"https:\/\/schema.org\/BlogPosting\" itemprop=\"blogPost\" ><div class='avia_textblock  '   itemprop=\"text\" ><p style=\"font-weight: 400; text-align: justify;\">Ante el alarmante aumento de emergencias ambientales en la capital regional en lo que va de 2021 en comparaci\u00f3n con el a\u00f1o pasado, el diputado Miguel \u00c1ngel Calisto intervino en la sala de la C\u00e1mara para hacer una fuerte cr\u00edtica a las medidas adoptadas para enfrentar esta situaci\u00f3n, adem\u00e1s de hacer un llamado al Gobierno a que convoque a las distintas autoridades nacionales a una reuni\u00f3n urgente para implementar medidas que permitan disminuir la contaminaci\u00f3n atmosf\u00e9rica.<\/p>\n<p style=\"font-weight: 400; text-align: justify;\">Seg\u00fan el legislador, \u201cestamos en nuestro cuarto d\u00eda consecutivo de emergencia ambiental producto de la contaminaci\u00f3n por el uso de la le\u00f1a. Estamos en una situaci\u00f3n cr\u00edtica. El material particulado fino 2.5 est\u00e1 matando a nuestros adultos mayores anticipadamente y generando serios da\u00f1os a la salud de nuestras ni\u00f1as y ni\u00f1os, es un verdadero c\u00e1ncer\u201d.<\/p>\n<p style=\"font-weight: 400; text-align: justify;\">\u201cCreo que hay un abandono por parte del Gobierno central, y nos est\u00e1n matando con el humo. Pido que el Gobierno ahora, de forma urgente, convoque a una mesa\u00a0 de contaminaci\u00f3n en Coyhaique, donde est\u00e9n presentes los Ministros de las distintas materias convergentes, para destrabar la burocracia en la implementaci\u00f3n de programas de aislaci\u00f3n t\u00e9rmica, de recambio de calefactores, se tomen decisiones en torno a la tarifa el\u00e9ctrica y la eliminaci\u00f3n del impuesto espec\u00edfico a los combustibles, con la intenci\u00f3n de disminuir los niveles de contaminaci\u00f3n atmosf\u00e9rica que tenemos en la regi\u00f3n, particularmente en Coyhaique\u201d.<\/p>\n<p style=\"font-weight: 400; text-align: justify;\">Calisto agreg\u00f3 que \u201clamentablemente los gobiernos que han pasado y este gobierno siguen con medidas parche, medidas que no solucionan el problema que tenemos en Coyhaique, una ciudad que tiene mala ventilaci\u00f3n y que ha registrado los niveles m\u00e1s altos de contaminaci\u00f3n, siendo la ciudad m\u00e1s contaminada de Chile, de Am\u00e9rica y una de las m\u00e1s contaminadas del mundo\u201d.<\/p>\n<p style=\"font-weight: 400; text-align: justify;\">\u201cNos jactamos de ir a la COP 25 y llenarnos de plauso por los temas ambientales, cuando tenemos la embarrada en las ciudades del sur de Chile. El programa de recambio de calefactores no ha llegado a toda la gente, no es un programa expedito. Vemos que hay excesiva burocracia para la implementaci\u00f3n de la aislaci\u00f3n t\u00e9rmica, siendo que la contaminaci\u00f3n parte en las propias viviendas\u201d, se\u00f1al\u00f3.<\/p>\n<p style=\"font-weight: 400; text-align: justify;\">Finalmente, el legislador expuso que \u201cnosotros nos levantamos con 10 grados bajo cero, incluso menos 17 en otras comunas de la regi\u00f3n. hemos pedido hasta el cansancio que exista la eliminaci\u00f3n del impuesto espec\u00edfico a los combustibles, lo que podr\u00eda incentivar su uso para la calefacci\u00f3n. Tambi\u00e9n tenemos problemas con el precio de la luz, algunas comunas pagan 380 pesos el kilowatt hora, mientras en Las Condes se paga 140\u201d.<\/p>\n<\/div><\/section><\/div><div  style='height:50px' class='hr hr-invisible   avia-builder-el-6  el_after_av_one_full  el_before_av_social_share '><span class='hr-inner ' ><span class='hr-inner-style'><\/span><\/span><\/div><\/p>\n<div  class='av-social-sharing-box  avia-builder-el-7  el_after_av_hr  el_before_av_hr  '><div class='av-share-box'><h5 class='av-share-link-description av-no-toc '>Compartir esta noticia<\/h5><ul class='av-share-box-list noLightbox'><li class='av-share-link av-social-link-facebook' ><a target=\"_blank\" aria-label=\"Compartir en Facebook\" href='https:\/\/www.facebook.com\/sharer.php?u=https:\/\/radiorevelacionfm.cl\/?p=5804&#038;t=Diputado%20Calisto%20pide%20medidas%20concretas%20para%20enfrentar%20contaminaci%C3%B3n%20atmosf%C3%A9rica%20en%20Coyhaique' aria-hidden='false' data-av_icon='\ue8f3' data-av_iconfont='entypo-fontello' title='' data-avia-related-tooltip='Compartir en Facebook' rel=\"noopener\"><span class='avia_hidden_link_text'>Compartir en Facebook<\/span><\/a><\/li><li class='av-share-link av-social-link-twitter' ><a target=\"_blank\" aria-label=\"Compartir en Twitter\" href='https:\/\/twitter.com\/share?text=Diputado%20Calisto%20pide%20medidas%20concretas%20para%20enfrentar%20contaminaci%C3%B3n%20atmosf%C3%A9rica%20en%20Coyhaique&#038;url=https:\/\/radiorevelacionfm.cl\/?p=5804' aria-hidden='false' data-av_icon='\ue8f1' data-av_iconfont='entypo-fontello' title='' data-avia-related-tooltip='Compartir en Twitter' rel=\"noopener\"><span class='avia_hidden_link_text'>Compartir en Twitter<\/span><\/a><\/li><li class='av-share-link av-social-link-whatsapp' ><a target=\"_blank\" aria-label=\"Compartir en Whatsapp\" href='https:\/\/api.whatsapp.com\/send?text=https:\/\/radiorevelacionfm.cl\/?p=5804' aria-hidden='false' data-av_icon='\uf232' data-av_iconfont='entypo-fontello' title='' data-avia-related-tooltip='Compartir en Whatsapp' rel=\"noopener\"><span class='avia_hidden_link_text'>Compartir en Whatsapp<\/span><\/a><\/li><li class='av-share-link av-social-link-linkedin' ><a target=\"_blank\" aria-label=\"Compartir en LinkedIn\" href='https:\/\/linkedin.com\/shareArticle?mini=true&#038;title=Diputado%20Calisto%20pide%20medidas%20concretas%20para%20enfrentar%20contaminaci%C3%B3n%20atmosf%C3%A9rica%20en%20Coyhaique&#038;url=https:\/\/radiorevelacionfm.cl\/?p=5804' aria-hidden='false' data-av_icon='\ue8fc' data-av_iconfont='entypo-fontello' title='' data-avia-related-tooltip='Compartir en LinkedIn' rel=\"noopener\"><span class='avia_hidden_link_text'>Compartir en LinkedIn<\/span><\/a><\/li><li class='av-share-link av-social-link-mail' ><a  aria-label=\"Compartir por correo\" href='mailto:?subject=Diputado%20Calisto%20pide%20medidas%20concretas%20para%20enfrentar%20contaminaci%C3%B3n%20atmosf%C3%A9rica%20en%20Coyhaique&#038;body=https:\/\/radiorevelacionfm.cl\/?p=5804' aria-hidden='false' data-av_icon='\ue805' data-av_iconfont='entypo-fontello' title='' data-avia-related-tooltip='Compartir por correo'><span class='avia_hidden_link_text'>Compartir por correo<\/span><\/a><\/li><\/ul><\/div><\/div>\n<div  style='height:50px' class='hr hr-invisible   avia-builder-el-8  el_after_av_social_share  el_before_av_comments_list '><span class='hr-inner ' ><span class='hr-inner-style'><\/span><\/span><\/div>\n<div  class='av-buildercomment  av-blog-meta-html-info-disabled av-blog-meta-tag-disabled  '><\/div>\n","protected":false},"excerpt":{"rendered":"","protected":false},"author":1,"featured_media":5805,"comment_status":"open","ping_status":"open","sticky":false,"template":"","format":"standard","meta":{"footnotes":""},"categories":[35],"tags":[],"class_list":["post-5804","post","type-post","status-publish","format-standard","has-post-thumbnail","hentry","category-politica"],"jetpack_featured_media_url":"https:\/\/radiorevelacionfm.cl\/wp-content\/uploads\/2021\/06\/Coyhaique2-1-1.jpg","_links":{"self":[{"href":"https:\/\/radiorevelacionfm.cl\/index.php?rest_route=\/wp\/v2\/posts\/5804","targetHints":{"allow":["GET"]}}],"collection":[{"href":"https:\/\/radiorevelacionfm.cl\/index.php?rest_route=\/wp\/v2\/posts"}],"about":[{"href":"https:\/\/radiorevelacionfm.cl\/index.php?rest_route=\/wp\/v2\/types\/post"}],"author":[{"embeddable":true,"href":"https:\/\/radiorevelacionfm.cl\/index.php?rest_route=\/wp\/v2\/users\/1"}],"replies":[{"embeddable":true,"href":"https:\/\/radiorevelacionfm.cl\/index.php?rest_route=%2Fwp%2Fv2%2Fcomments&post=5804"}],"version-history":[{"count":1,"href":"https:\/\/radiorevelacionfm.cl\/index.php?rest_route=\/wp\/v2\/posts\/5804\/revisions"}],"predecessor-version":[{"id":5806,"href":"https:\/\/radiorevelacionfm.cl\/index.php?rest_route=\/wp\/v2\/posts\/5804\/revisions\/5806"}],"wp:featuredmedia":[{"embeddable":true,"href":"https:\/\/radiorevelacionfm.cl\/index.php?rest_route=\/wp\/v2\/media\/5805"}],"wp:attachment":[{"href":"https:\/\/radiorevelacionfm.cl\/index.php?rest_route=%2Fwp%2Fv2%2Fmedia&parent=5804"}],"wp:term":[{"taxonomy":"category","embeddable":true,"href":"https:\/\/radiorevelacionfm.cl\/index.php?rest_route=%2Fwp%2Fv2%2Fcategories&post=5804"},{"taxonomy":"post_tag","embeddable":true,"href":"https:\/\/radiorevelacionfm.cl\/index.php?rest_route=%2Fwp%2Fv2%2Ftags&post=5804"}],"curies":[{"name":"wp","href":"https:\/\/api.w.org\/{rel}","templated":true}]}}