{"id":58038,"date":"2025-08-20T13:42:47","date_gmt":"2025-08-20T16:42:47","guid":{"rendered":"https:\/\/radiorevelacionfm.cl\/?p=58038"},"modified":"2025-08-20T13:42:47","modified_gmt":"2025-08-20T16:42:47","slug":"fiscalia-de-aysen-solicito-diligencias-a-la-brigada-de-homicidios-de-la-pdi-y-al-sml-tras-fallecimiento-de-persona-de-28-anos","status":"publish","type":"post","link":"https:\/\/radiorevelacionfm.cl\/?p=58038","title":{"rendered":"Fiscal\u00eda de Ays\u00e9n solicit\u00f3 diligencias a la Brigada de Homicidios de la PDI y al SML tras fallecimiento de persona de 28 a\u00f1os"},"content":{"rendered":"<div class=\"flex_column av_one_full  flex_column_div av-zero-column-padding first  avia-builder-el-0  el_before_av_one_full  avia-builder-el-first  \" style='border-radius:0px; '><div  class='avia-image-container  av-styling-    avia-builder-el-1  avia-builder-el-no-sibling  avia-align-center '  itemprop=\"image\" itemscope=\"itemscope\" itemtype=\"https:\/\/schema.org\/ImageObject\"  ><div class='avia-image-container-inner'><div class='avia-image-overlay-wrap'><img decoding=\"async\" class='wp-image-58039 avia-img-lazy-loading-not-58039 avia_image' src=\"https:\/\/radiorevelacionfm.cl\/wp-content\/uploads\/2025\/08\/pdi-investigacion-1_optimized-1.jpg\" alt='' title='pdi-investigacion-(1)_optimized (1)' height=\"600\" width=\"1067\"  itemprop=\"thumbnailUrl\" srcset=\"https:\/\/radiorevelacionfm.cl\/wp-content\/uploads\/2025\/08\/pdi-investigacion-1_optimized-1.jpg 1067w, https:\/\/radiorevelacionfm.cl\/wp-content\/uploads\/2025\/08\/pdi-investigacion-1_optimized-1-300x169.jpg 300w, https:\/\/radiorevelacionfm.cl\/wp-content\/uploads\/2025\/08\/pdi-investigacion-1_optimized-1-1030x579.jpg 1030w, https:\/\/radiorevelacionfm.cl\/wp-content\/uploads\/2025\/08\/pdi-investigacion-1_optimized-1-768x432.jpg 768w, https:\/\/radiorevelacionfm.cl\/wp-content\/uploads\/2025\/08\/pdi-investigacion-1_optimized-1-705x396.jpg 705w, https:\/\/radiorevelacionfm.cl\/wp-content\/uploads\/2025\/08\/pdi-investigacion-1_optimized-1-450x253.jpg 450w, https:\/\/radiorevelacionfm.cl\/wp-content\/uploads\/2025\/08\/pdi-investigacion-1_optimized-1-600x337.jpg 600w\" sizes=\"(max-width: 1067px) 100vw, 1067px\" \/><\/div><\/div><\/div><\/div><div class=\"flex_column av_one_full  flex_column_div av-zero-column-padding first  avia-builder-el-2  el_after_av_one_full  el_before_av_one_full  column-top-margin\" style='border-radius:0px; '><section class=\"av_textblock_section \"  itemscope=\"itemscope\" itemtype=\"https:\/\/schema.org\/BlogPosting\" itemprop=\"blogPost\" ><div class='avia_textblock  '   itemprop=\"text\" ><p style=\"text-align: center;\"><span style=\"font-size: 18pt;\"><b>Fiscal\u00eda de Ays\u00e9n solicit\u00f3 diligencias a la Brigada de Homicidios de la PDI y al SML tras fallecimiento de persona de 28 a\u00f1os<\/b><\/span><\/p>\n<div id=\"gtx-trans\" style=\"position: absolute; left: -50px; top: 4.31534px;\">\n<div class=\"gtx-trans-icon\"><\/div>\n<\/div>\n<\/div><\/section><\/div><div class=\"flex_column av_one_full  flex_column_div av-zero-column-padding first  avia-builder-el-4  el_after_av_one_full  el_before_av_hr  column-top-margin\" style='border-radius:0px; '><section class=\"av_textblock_section \"  itemscope=\"itemscope\" itemtype=\"https:\/\/schema.org\/BlogPosting\" itemprop=\"blogPost\" ><div class='avia_textblock  '   itemprop=\"text\" ><p style=\"font-weight: 400; text-align: justify;\">Diligencias buscan determinar las circunstancias en que ocurrieron los hechos esta madrugada en el sector de Aguas Muertas de Puerto Ays\u00e9n. Persona habr\u00eda portado un arma.<\/p>\n<p style=\"font-weight: 400; text-align: justify;\">La Fiscal\u00eda Local de Ays\u00e9n-Cisnes solicit\u00f3 diligencias a la Brigada de Homicidios de la PDI y al Servicio M\u00e9dico Legal a fin de aclarar las circunstancias del fallecimiento de una persona de 28 a\u00f1os, caso ocurrido esta madrugada en calle Bernardo O\u00b4Higgins, sector de Aguas Muertas y donde efectivos de Carabineros de la Segunda Comisar\u00eda habr\u00edan utilizado sus armas institucionales.<\/p>\n<p style=\"font-weight: 400; text-align: justify;\">Seg\u00fan explic\u00f3 el Fiscal Jefe de Puerto Ays\u00e9n-Cisnes, Pedro Poblete, \u201cen la madrugada del d\u00eda de hoy se dio cuenta de un procedimiento policial en el cual intervienen funcionarios de Carabineros, en el cual se suscitan disparos y uso de las armas de fuego institucional. Esto ocurre en el sector de Aguas Muertas\u201d.<\/p>\n<p style=\"font-weight: 400; text-align: justify;\">El persecutor penal a\u00f1adi\u00f3 que \u201cse recibe el llamado telef\u00f3nico al turno de Fiscal\u00eda Local, raz\u00f3n por la cual se constituye el Fiscal Fernando Pino quien decreta las diligencias investigativas de rigor, en particular la concurrencia de la Brigada de Homicidios de la Polic\u00eda de Investigaciones, toda vez que resulta fallecida una persona que portaba presumiblemente un arma de fuego en el lugar\u201d.<\/p>\n<p style=\"font-weight: 400; text-align: justify;\">Por su parte el Fiscal Fernando Pino explic\u00f3 que \u201choy, aproximadamente a las 00.30 horas, Carabineros recibi\u00f3 un primer llamado a Cenco, avisando de un intento de suicidio de una persona masculina de 28 a\u00f1os de edad, quien estar\u00eda portando un arma de fuego\u201d.<\/p>\n<p style=\"font-weight: 400; text-align: justify;\">El fiscal Pino a\u00f1adi\u00f3 que \u201ca los pocos minutos, Cenco vuelve a recibir un llamado de terceros, quienes se\u00f1alar\u00edan que una persona por el sector de Aguas Muertas estar\u00eda portando un arma de fuego en la v\u00eda p\u00fablica. Por lo anterior, personal policial concurre al lugar, lugar donde se encuentran con esta persona, comienza un procedimiento policial que es materia investigaci\u00f3n, donde Carabineros percuta una serie de disparos impactando al fallecido\u201d.<\/p>\n<p style=\"font-weight: 400; text-align: justify;\">El persecutor penal agreg\u00f3 que \u201cesta persona de 28 edad, masculina, es trasladada al hospital falleciendo, es decir, llegando sin pulso al Hospital de Ays\u00e9n\u201d.<\/p>\n<p style=\"font-weight: 400; text-align: justify;\">Las diligencias y pericias de este caso fueron solicitadas por la Fiscal\u00eda a la Polic\u00eda de Investigaciones y el Servicio M\u00e9dico Legal a fin de determinar c\u00f3mo ocurrieron los hechos.<\/p>\n<\/div><\/section><\/div><div  style='height:50px' class='hr hr-invisible   avia-builder-el-6  el_after_av_one_full  el_before_av_social_share '><span class='hr-inner ' ><span class='hr-inner-style'><\/span><\/span><\/div><\/p>\n<div  class='av-social-sharing-box  avia-builder-el-7  el_after_av_hr  el_before_av_hr  '><div class='av-share-box'><h5 class='av-share-link-description av-no-toc '>Compartir esta noticia<\/h5><ul class='av-share-box-list noLightbox'><li class='av-share-link av-social-link-facebook' ><a target=\"_blank\" aria-label=\"Compartir en Facebook\" href='https:\/\/www.facebook.com\/sharer.php?u=https:\/\/radiorevelacionfm.cl\/?p=58038&#038;t=Fiscal%C3%ADa%20de%20Ays%C3%A9n%20solicit%C3%B3%20diligencias%20a%20la%20Brigada%20de%20Homicidios%20de%20la%20PDI%20y%20al%20SML%20tras%20fallecimiento%20de%20persona%20de%2028%20a%C3%B1os' aria-hidden='false' data-av_icon='\ue8f3' data-av_iconfont='entypo-fontello' title='' data-avia-related-tooltip='Compartir en Facebook' rel=\"noopener\"><span class='avia_hidden_link_text'>Compartir en Facebook<\/span><\/a><\/li><li class='av-share-link av-social-link-twitter' ><a target=\"_blank\" aria-label=\"Compartir en Twitter\" href='https:\/\/twitter.com\/share?text=Fiscal%C3%ADa%20de%20Ays%C3%A9n%20solicit%C3%B3%20diligencias%20a%20la%20Brigada%20de%20Homicidios%20de%20la%20PDI%20y%20al%20SML%20tras%20fallecimiento%20de%20persona%20de%2028%20a%C3%B1os&#038;url=https:\/\/radiorevelacionfm.cl\/?p=58038' aria-hidden='false' data-av_icon='\ue8f1' data-av_iconfont='entypo-fontello' title='' data-avia-related-tooltip='Compartir en Twitter' rel=\"noopener\"><span class='avia_hidden_link_text'>Compartir en Twitter<\/span><\/a><\/li><li class='av-share-link av-social-link-whatsapp' ><a target=\"_blank\" aria-label=\"Compartir en Whatsapp\" href='https:\/\/api.whatsapp.com\/send?text=https:\/\/radiorevelacionfm.cl\/?p=58038' aria-hidden='false' data-av_icon='\uf232' data-av_iconfont='entypo-fontello' title='' data-avia-related-tooltip='Compartir en Whatsapp' rel=\"noopener\"><span class='avia_hidden_link_text'>Compartir en Whatsapp<\/span><\/a><\/li><li class='av-share-link av-social-link-linkedin' ><a target=\"_blank\" aria-label=\"Compartir en LinkedIn\" href='https:\/\/linkedin.com\/shareArticle?mini=true&#038;title=Fiscal%C3%ADa%20de%20Ays%C3%A9n%20solicit%C3%B3%20diligencias%20a%20la%20Brigada%20de%20Homicidios%20de%20la%20PDI%20y%20al%20SML%20tras%20fallecimiento%20de%20persona%20de%2028%20a%C3%B1os&#038;url=https:\/\/radiorevelacionfm.cl\/?p=58038' aria-hidden='false' data-av_icon='\ue8fc' data-av_iconfont='entypo-fontello' title='' data-avia-related-tooltip='Compartir en LinkedIn' rel=\"noopener\"><span class='avia_hidden_link_text'>Compartir en LinkedIn<\/span><\/a><\/li><li class='av-share-link av-social-link-mail' ><a  aria-label=\"Compartir por correo\" href='mailto:?subject=Fiscal%C3%ADa%20de%20Ays%C3%A9n%20solicit%C3%B3%20diligencias%20a%20la%20Brigada%20de%20Homicidios%20de%20la%20PDI%20y%20al%20SML%20tras%20fallecimiento%20de%20persona%20de%2028%20a%C3%B1os&#038;body=https:\/\/radiorevelacionfm.cl\/?p=58038' aria-hidden='false' data-av_icon='\ue805' data-av_iconfont='entypo-fontello' title='' data-avia-related-tooltip='Compartir por correo'><span class='avia_hidden_link_text'>Compartir por correo<\/span><\/a><\/li><\/ul><\/div><\/div>\n<div  style='height:50px' class='hr hr-invisible   avia-builder-el-8  el_after_av_social_share  el_before_av_comments_list '><span class='hr-inner ' ><span class='hr-inner-style'><\/span><\/span><\/div>\n<div  class='av-buildercomment  av-blog-meta-html-info-disabled av-blog-meta-tag-disabled  '><\/div>\n","protected":false},"excerpt":{"rendered":"","protected":false},"author":1,"featured_media":58039,"comment_status":"closed","ping_status":"closed","sticky":false,"template":"","format":"standard","meta":{"footnotes":""},"categories":[36],"tags":[],"class_list":["post-58038","post","type-post","status-publish","format-standard","has-post-thumbnail","hentry","category-policial"],"jetpack_featured_media_url":"https:\/\/radiorevelacionfm.cl\/wp-content\/uploads\/2025\/08\/pdi-investigacion-1_optimized-1.jpg","_links":{"self":[{"href":"https:\/\/radiorevelacionfm.cl\/index.php?rest_route=\/wp\/v2\/posts\/58038","targetHints":{"allow":["GET"]}}],"collection":[{"href":"https:\/\/radiorevelacionfm.cl\/index.php?rest_route=\/wp\/v2\/posts"}],"about":[{"href":"https:\/\/radiorevelacionfm.cl\/index.php?rest_route=\/wp\/v2\/types\/post"}],"author":[{"embeddable":true,"href":"https:\/\/radiorevelacionfm.cl\/index.php?rest_route=\/wp\/v2\/users\/1"}],"replies":[{"embeddable":true,"href":"https:\/\/radiorevelacionfm.cl\/index.php?rest_route=%2Fwp%2Fv2%2Fcomments&post=58038"}],"version-history":[{"count":2,"href":"https:\/\/radiorevelacionfm.cl\/index.php?rest_route=\/wp\/v2\/posts\/58038\/revisions"}],"predecessor-version":[{"id":58041,"href":"https:\/\/radiorevelacionfm.cl\/index.php?rest_route=\/wp\/v2\/posts\/58038\/revisions\/58041"}],"wp:featuredmedia":[{"embeddable":true,"href":"https:\/\/radiorevelacionfm.cl\/index.php?rest_route=\/wp\/v2\/media\/58039"}],"wp:attachment":[{"href":"https:\/\/radiorevelacionfm.cl\/index.php?rest_route=%2Fwp%2Fv2%2Fmedia&parent=58038"}],"wp:term":[{"taxonomy":"category","embeddable":true,"href":"https:\/\/radiorevelacionfm.cl\/index.php?rest_route=%2Fwp%2Fv2%2Fcategories&post=58038"},{"taxonomy":"post_tag","embeddable":true,"href":"https:\/\/radiorevelacionfm.cl\/index.php?rest_route=%2Fwp%2Fv2%2Ftags&post=58038"}],"curies":[{"name":"wp","href":"https:\/\/api.w.org\/{rel}","templated":true}]}}