{"id":58033,"date":"2025-08-20T15:27:34","date_gmt":"2025-08-20T18:27:34","guid":{"rendered":"https:\/\/radiorevelacionfm.cl\/?p=58033"},"modified":"2025-08-20T15:27:34","modified_gmt":"2025-08-20T18:27:34","slug":"aysen-impulsa-20-proyectos-de-inversion-productiva-con-apoyo-del-comite-de-desarrollo-productivo-regional-de-corfo","status":"publish","type":"post","link":"https:\/\/radiorevelacionfm.cl\/?p=58033","title":{"rendered":"Ays\u00e9n impulsa 20 proyectos de inversi\u00f3n productiva con apoyo del Comit\u00e9 de Desarrollo Productivo Regional de Corfo"},"content":{"rendered":"<div class=\"flex_column av_one_full  flex_column_div av-zero-column-padding first  avia-builder-el-0  el_before_av_one_full  avia-builder-el-first  \" style='border-radius:0px; '><div  class='avia-image-container  av-styling-    avia-builder-el-1  avia-builder-el-no-sibling  avia-align-center '  itemprop=\"image\" itemscope=\"itemscope\" itemtype=\"https:\/\/schema.org\/ImageObject\"  ><div class='avia-image-container-inner'><div class='avia-image-overlay-wrap'><img decoding=\"async\" class='wp-image-58034 avia-img-lazy-loading-not-58034 avia_image' src=\"https:\/\/radiorevelacionfm.cl\/wp-content\/uploads\/2025\/08\/01-CDP-SubComFomento-1-1.jpg\" alt='' title='01 CDP SubComFomento (1) (1)' height=\"600\" width=\"1065\"  itemprop=\"thumbnailUrl\" srcset=\"https:\/\/radiorevelacionfm.cl\/wp-content\/uploads\/2025\/08\/01-CDP-SubComFomento-1-1.jpg 1065w, https:\/\/radiorevelacionfm.cl\/wp-content\/uploads\/2025\/08\/01-CDP-SubComFomento-1-1-300x169.jpg 300w, https:\/\/radiorevelacionfm.cl\/wp-content\/uploads\/2025\/08\/01-CDP-SubComFomento-1-1-1030x580.jpg 1030w, https:\/\/radiorevelacionfm.cl\/wp-content\/uploads\/2025\/08\/01-CDP-SubComFomento-1-1-768x433.jpg 768w, https:\/\/radiorevelacionfm.cl\/wp-content\/uploads\/2025\/08\/01-CDP-SubComFomento-1-1-705x397.jpg 705w, https:\/\/radiorevelacionfm.cl\/wp-content\/uploads\/2025\/08\/01-CDP-SubComFomento-1-1-450x254.jpg 450w, https:\/\/radiorevelacionfm.cl\/wp-content\/uploads\/2025\/08\/01-CDP-SubComFomento-1-1-600x338.jpg 600w\" sizes=\"(max-width: 1065px) 100vw, 1065px\" \/><\/div><\/div><\/div><\/div><div class=\"flex_column av_one_full  flex_column_div av-zero-column-padding first  avia-builder-el-2  el_after_av_one_full  el_before_av_one_full  column-top-margin\" style='border-radius:0px; '><section class=\"av_textblock_section \"  itemscope=\"itemscope\" itemtype=\"https:\/\/schema.org\/BlogPosting\" itemprop=\"blogPost\" ><div class='avia_textblock  '   itemprop=\"text\" ><p style=\"text-align: center;\"><span style=\"font-size: 18pt;\"><b>Ays\u00e9n impulsa 20 proyectos de inversi\u00f3n productiva con apoyo del Comit\u00e9 de Desarrollo Productivo Regional de Corfo<\/b><\/span><\/p>\n<div id=\"gtx-trans\" style=\"position: absolute; left: -50px; top: 4.31534px;\">\n<div class=\"gtx-trans-icon\"><\/div>\n<\/div>\n<\/div><\/section><\/div><div class=\"flex_column av_one_full  flex_column_div av-zero-column-padding first  avia-builder-el-4  el_after_av_one_full  el_before_av_hr  column-top-margin\" style='border-radius:0px; '><section class=\"av_textblock_section \"  itemscope=\"itemscope\" itemtype=\"https:\/\/schema.org\/BlogPosting\" itemprop=\"blogPost\" ><div class='avia_textblock  '   itemprop=\"text\" ><p style=\"font-weight: 400; text-align: justify;\"><em>La iniciativa, enmarcada en el Programa Activa Desarrolla Inversi\u00f3n, busca fortalecer el desarrollo productivo, la innovaci\u00f3n y la sostenibilidad, con \u00e9nfasis en energ\u00edas renovables y econom\u00eda circular.<\/em><\/p>\n<p style=\"font-weight: 400; text-align: justify;\">Con una inversi\u00f3n p\u00fablica de $469.745.000, el Comit\u00e9 de Desarrollo Productivo Regional (CDPR) de Ays\u00e9n, con el respaldo de Corfo, aprob\u00f3 el financiamiento de 20 proyectos en el marco del Programa Activa Desarrolla Inversi\u00f3n 2025, que tiene como objetivo impulsar iniciativas productivas con alto potencial de impacto econ\u00f3mico, social y ambiental.<\/p>\n<p style=\"font-weight: 400; text-align: justify;\">Este programa, implementado como parte de la estrategia de descentralizaci\u00f3n efectiva de Corfo iniciada en 2024, permite que la regi\u00f3n decida directamente c\u00f3mo asignar recursos para proyectos que se alinean con su propio plan de desarrollo territorial. Las iniciativas seleccionadas abarcan sectores como la industria alimentaria, el turismo, la actividad silvoagropecuaria, la construcci\u00f3n y log\u00edstica, la pesca y acuicultura, las industrias emergentes, la tecnolog\u00eda y la miner\u00eda, con especial \u00e9nfasis en proyectos que incorporen energ\u00edas renovables y pr\u00e1cticas de econom\u00eda circular.<\/p>\n<p style=\"font-weight: 400; text-align: justify;\">En la \u00faltima sesi\u00f3n del SubComit\u00e9 de Fomento Productivo del CDPR, se revisaron 65 proyectos admisibles y se aprobaron 20, con una inversi\u00f3n total de aproximadamente 795 millones de pesos para la Regi\u00f3n de Ays\u00e9n. La consejera y representante del sector privado, Alejandra Alert Rivas, precis\u00f3 que \u201cel 41% de los recursos ser\u00e1 financiado por las propias empresas, mientras que el 59% provendr\u00e1 de Corfo, lo que equivale a un aporte cercano a los 470 millones de pesos\u201d. Destac\u00f3 adem\u00e1s que las iniciativas \u201cabarcan diversos sectores productivos y responden a necesidades identificadas por las empresas en innovaci\u00f3n y generaci\u00f3n de energ\u00eda, con el objetivo de hacer m\u00e1s eficientes sus propios negocios\u201d.<\/p>\n<p style=\"font-weight: 400; text-align: justify;\"><strong>MIRADA SOSTENIBLE<\/strong><\/p>\n<p style=\"font-weight: 400; text-align: justify;\">Los proyectos aprobados no solo apuntan a mejorar la competitividad de las empresas locales, sino tambi\u00e9n a generar externalidades positivas en sus comunidades, como empleo local, fortalecimiento de cadenas de valor y adopci\u00f3n de tecnolog\u00edas limpias.<\/p>\n<p style=\"font-weight: 400; text-align: justify;\">\u201cEl Programa Activa Desarrolla Inversi\u00f3n es una herramienta estrat\u00e9gica para materializar proyectos que est\u00e1n alineados con la vocaci\u00f3n productiva de Ays\u00e9n y con nuestra visi\u00f3n de desarrollo sostenible. Este a\u00f1o, hemos priorizado aquellas iniciativas que aportan a la diversificaci\u00f3n econ\u00f3mica, la innovaci\u00f3n y el cuidado del medioambiente\u201d, se\u00f1al\u00f3 Humberto Mar\u00edn Leiva, director de Corfo Ays\u00e9n.<\/p>\n<p style=\"font-weight: 400; text-align: justify;\">Mar\u00edn destac\u00f3 que la aprobaci\u00f3n de estos proyectos es fruto de un proceso de evaluaci\u00f3n riguroso y participativo que involucra a representantes p\u00fablicos y privados en el CDPR. \u201cEste modelo descentralizado nos permite tomar decisiones desde y para la regi\u00f3n, con una mirada cercana a las realidades locales\u201d, agreg\u00f3.<\/p>\n<p style=\"font-weight: 400; text-align: justify;\"><strong>DESCENTRALIZACI\u00d3N CON IMPACTO<\/strong><\/p>\n<p style=\"font-weight: 400; text-align: justify;\">El CDPR marca un hito en la pol\u00edtica de descentralizaci\u00f3n econ\u00f3mica del pa\u00eds, permitiendo que regiones como Ays\u00e9n definan sus propias prioridades de inversi\u00f3n. El caso del Programa Activa Desarrolla Inversi\u00f3n refleja c\u00f3mo este enfoque otorga mayor agilidad y pertinencia a las decisiones, favoreciendo la ejecuci\u00f3n de proyectos que responden a desaf\u00edos y oportunidades concretas del territorio.<\/p>\n<p style=\"font-weight: 400; text-align: justify;\">El impacto esperado de las iniciativas aprobadas incluye la generaci\u00f3n de nuevos empleos, el aumento de la capacidad productiva, la mejora de procesos y la incorporaci\u00f3n de soluciones tecnol\u00f3gicas que eleven la competitividad regional. Adem\u00e1s, varios de los proyectos integran componentes de sostenibilidad ambiental, como la reducci\u00f3n de huella de carbono, el uso de energ\u00edas limpias y la valorizaci\u00f3n de residuos.<\/p>\n<\/div><\/section><\/div><div  style='height:50px' class='hr hr-invisible   avia-builder-el-6  el_after_av_one_full  el_before_av_social_share '><span class='hr-inner ' ><span class='hr-inner-style'><\/span><\/span><\/div><\/p>\n<div  class='av-social-sharing-box  avia-builder-el-7  el_after_av_hr  el_before_av_hr  '><div class='av-share-box'><h5 class='av-share-link-description av-no-toc '>Compartir esta noticia<\/h5><ul class='av-share-box-list noLightbox'><li class='av-share-link av-social-link-facebook' ><a target=\"_blank\" aria-label=\"Compartir en Facebook\" href='https:\/\/www.facebook.com\/sharer.php?u=https:\/\/radiorevelacionfm.cl\/?p=58033&#038;t=Ays%C3%A9n%20impulsa%2020%20proyectos%20de%20inversi%C3%B3n%20productiva%20con%20apoyo%20del%20Comit%C3%A9%20de%20Desarrollo%20Productivo%20Regional%20de%20Corfo' aria-hidden='false' data-av_icon='\ue8f3' data-av_iconfont='entypo-fontello' title='' data-avia-related-tooltip='Compartir en Facebook' rel=\"noopener\"><span class='avia_hidden_link_text'>Compartir en Facebook<\/span><\/a><\/li><li class='av-share-link av-social-link-twitter' ><a target=\"_blank\" aria-label=\"Compartir en Twitter\" href='https:\/\/twitter.com\/share?text=Ays%C3%A9n%20impulsa%2020%20proyectos%20de%20inversi%C3%B3n%20productiva%20con%20apoyo%20del%20Comit%C3%A9%20de%20Desarrollo%20Productivo%20Regional%20de%20Corfo&#038;url=https:\/\/radiorevelacionfm.cl\/?p=58033' aria-hidden='false' data-av_icon='\ue8f1' data-av_iconfont='entypo-fontello' title='' data-avia-related-tooltip='Compartir en Twitter' rel=\"noopener\"><span class='avia_hidden_link_text'>Compartir en Twitter<\/span><\/a><\/li><li class='av-share-link av-social-link-whatsapp' ><a target=\"_blank\" aria-label=\"Compartir en Whatsapp\" href='https:\/\/api.whatsapp.com\/send?text=https:\/\/radiorevelacionfm.cl\/?p=58033' aria-hidden='false' data-av_icon='\uf232' data-av_iconfont='entypo-fontello' title='' data-avia-related-tooltip='Compartir en Whatsapp' rel=\"noopener\"><span class='avia_hidden_link_text'>Compartir en Whatsapp<\/span><\/a><\/li><li class='av-share-link av-social-link-linkedin' ><a target=\"_blank\" aria-label=\"Compartir en LinkedIn\" href='https:\/\/linkedin.com\/shareArticle?mini=true&#038;title=Ays%C3%A9n%20impulsa%2020%20proyectos%20de%20inversi%C3%B3n%20productiva%20con%20apoyo%20del%20Comit%C3%A9%20de%20Desarrollo%20Productivo%20Regional%20de%20Corfo&#038;url=https:\/\/radiorevelacionfm.cl\/?p=58033' aria-hidden='false' data-av_icon='\ue8fc' data-av_iconfont='entypo-fontello' title='' data-avia-related-tooltip='Compartir en LinkedIn' rel=\"noopener\"><span class='avia_hidden_link_text'>Compartir en LinkedIn<\/span><\/a><\/li><li class='av-share-link av-social-link-mail' ><a  aria-label=\"Compartir por correo\" href='mailto:?subject=Ays%C3%A9n%20impulsa%2020%20proyectos%20de%20inversi%C3%B3n%20productiva%20con%20apoyo%20del%20Comit%C3%A9%20de%20Desarrollo%20Productivo%20Regional%20de%20Corfo&#038;body=https:\/\/radiorevelacionfm.cl\/?p=58033' aria-hidden='false' data-av_icon='\ue805' data-av_iconfont='entypo-fontello' title='' data-avia-related-tooltip='Compartir por correo'><span class='avia_hidden_link_text'>Compartir por correo<\/span><\/a><\/li><\/ul><\/div><\/div>\n<div  style='height:50px' class='hr hr-invisible   avia-builder-el-8  el_after_av_social_share  el_before_av_comments_list '><span class='hr-inner ' ><span class='hr-inner-style'><\/span><\/span><\/div>\n<div  class='av-buildercomment  av-blog-meta-html-info-disabled av-blog-meta-tag-disabled  '><\/div>\n","protected":false},"excerpt":{"rendered":"","protected":false},"author":1,"featured_media":58034,"comment_status":"closed","ping_status":"closed","sticky":false,"template":"","format":"standard","meta":{"footnotes":""},"categories":[38],"tags":[],"class_list":["post-58033","post","type-post","status-publish","format-standard","has-post-thumbnail","hentry","category-regional"],"jetpack_featured_media_url":"https:\/\/radiorevelacionfm.cl\/wp-content\/uploads\/2025\/08\/01-CDP-SubComFomento-1-1.jpg","_links":{"self":[{"href":"https:\/\/radiorevelacionfm.cl\/index.php?rest_route=\/wp\/v2\/posts\/58033","targetHints":{"allow":["GET"]}}],"collection":[{"href":"https:\/\/radiorevelacionfm.cl\/index.php?rest_route=\/wp\/v2\/posts"}],"about":[{"href":"https:\/\/radiorevelacionfm.cl\/index.php?rest_route=\/wp\/v2\/types\/post"}],"author":[{"embeddable":true,"href":"https:\/\/radiorevelacionfm.cl\/index.php?rest_route=\/wp\/v2\/users\/1"}],"replies":[{"embeddable":true,"href":"https:\/\/radiorevelacionfm.cl\/index.php?rest_route=%2Fwp%2Fv2%2Fcomments&post=58033"}],"version-history":[{"count":2,"href":"https:\/\/radiorevelacionfm.cl\/index.php?rest_route=\/wp\/v2\/posts\/58033\/revisions"}],"predecessor-version":[{"id":58042,"href":"https:\/\/radiorevelacionfm.cl\/index.php?rest_route=\/wp\/v2\/posts\/58033\/revisions\/58042"}],"wp:featuredmedia":[{"embeddable":true,"href":"https:\/\/radiorevelacionfm.cl\/index.php?rest_route=\/wp\/v2\/media\/58034"}],"wp:attachment":[{"href":"https:\/\/radiorevelacionfm.cl\/index.php?rest_route=%2Fwp%2Fv2%2Fmedia&parent=58033"}],"wp:term":[{"taxonomy":"category","embeddable":true,"href":"https:\/\/radiorevelacionfm.cl\/index.php?rest_route=%2Fwp%2Fv2%2Fcategories&post=58033"},{"taxonomy":"post_tag","embeddable":true,"href":"https:\/\/radiorevelacionfm.cl\/index.php?rest_route=%2Fwp%2Fv2%2Ftags&post=58033"}],"curies":[{"name":"wp","href":"https:\/\/api.w.org\/{rel}","templated":true}]}}