{"id":58029,"date":"2025-08-20T12:17:38","date_gmt":"2025-08-20T15:17:38","guid":{"rendered":"https:\/\/radiorevelacionfm.cl\/?p=58029"},"modified":"2025-08-20T12:17:38","modified_gmt":"2025-08-20T15:17:38","slug":"en-etapa-decisiva-de-tramitacion-en-el-congreso-esta-el-proyecto-del-gobierno-que-pone-fin-al-cae-y-crea-el-nuevo-instrumento-de-financiamiento-de-la-educacion-superior-fes","status":"publish","type":"post","link":"https:\/\/radiorevelacionfm.cl\/?p=58029","title":{"rendered":"En etapa decisiva de tramitaci\u00f3n en el Congreso est\u00e1 el proyecto del Gobierno que pone fin al CAE y crea el nuevo instrumento de Financiamiento de la Educaci\u00f3n Superior FES"},"content":{"rendered":"<div class=\"flex_column av_one_full  flex_column_div av-zero-column-padding first  avia-builder-el-0  el_before_av_one_full  avia-builder-el-first  \" style='border-radius:0px; '><div  class='avia-image-container  av-styling-    avia-builder-el-1  avia-builder-el-no-sibling  avia-align-center '  itemprop=\"image\" itemscope=\"itemscope\" itemtype=\"https:\/\/schema.org\/ImageObject\"  ><div class='avia-image-container-inner'><div class='avia-image-overlay-wrap'><img decoding=\"async\" class='wp-image-58030 avia-img-lazy-loading-not-58030 avia_image' src=\"https:\/\/radiorevelacionfm.cl\/wp-content\/uploads\/2025\/08\/Seremis-educacion-y-gobierno-1-1.jpeg\" alt='' title='Seremis educaci\u00f3n y gobierno (1) (1)' height=\"656\" width=\"800\"  itemprop=\"thumbnailUrl\" srcset=\"https:\/\/radiorevelacionfm.cl\/wp-content\/uploads\/2025\/08\/Seremis-educacion-y-gobierno-1-1.jpeg 800w, https:\/\/radiorevelacionfm.cl\/wp-content\/uploads\/2025\/08\/Seremis-educacion-y-gobierno-1-1-300x246.jpeg 300w, https:\/\/radiorevelacionfm.cl\/wp-content\/uploads\/2025\/08\/Seremis-educacion-y-gobierno-1-1-768x630.jpeg 768w, https:\/\/radiorevelacionfm.cl\/wp-content\/uploads\/2025\/08\/Seremis-educacion-y-gobierno-1-1-705x578.jpeg 705w, https:\/\/radiorevelacionfm.cl\/wp-content\/uploads\/2025\/08\/Seremis-educacion-y-gobierno-1-1-450x369.jpeg 450w, https:\/\/radiorevelacionfm.cl\/wp-content\/uploads\/2025\/08\/Seremis-educacion-y-gobierno-1-1-600x492.jpeg 600w\" sizes=\"(max-width: 800px) 100vw, 800px\" \/><\/div><\/div><\/div><\/div><div class=\"flex_column av_one_full  flex_column_div av-zero-column-padding first  avia-builder-el-2  el_after_av_one_full  el_before_av_one_full  column-top-margin\" style='border-radius:0px; '><section class=\"av_textblock_section \"  itemscope=\"itemscope\" itemtype=\"https:\/\/schema.org\/BlogPosting\" itemprop=\"blogPost\" ><div class='avia_textblock  '   itemprop=\"text\" ><p style=\"text-align: center;\"><span style=\"font-size: 18pt;\"><b>En etapa decisiva de tramitaci\u00f3n en el Congreso est\u00e1 el proyecto del Gobierno que pone fin al CAE y crea el nuevo instrumento de Financiamiento de la Educaci\u00f3n Superior FES<\/b><\/span><\/p>\n<div id=\"gtx-trans\" style=\"position: absolute; left: -50px; top: 4.31534px;\">\n<div class=\"gtx-trans-icon\"><\/div>\n<\/div>\n<\/div><\/section><\/div><div class=\"flex_column av_one_full  flex_column_div av-zero-column-padding first  avia-builder-el-4  el_after_av_one_full  el_before_av_hr  column-top-margin\" style='border-radius:0px; '><section class=\"av_textblock_section \"  itemscope=\"itemscope\" itemtype=\"https:\/\/schema.org\/BlogPosting\" itemprop=\"blogPost\" ><div class='avia_textblock  '   itemprop=\"text\" ><p style=\"font-weight: 400; text-align: justify;\"><em>Con la aprobaci\u00f3n de este proyecto ser\u00e1n beneficiadas 4.453 familias deudoras del CAE en la Regi\u00f3n de Ays\u00e9n y 1.277.451 familias del pa\u00eds.<\/em><\/p>\n<p style=\"font-weight: 400; text-align: justify;\">La C\u00e1mara de Diputadas y Diputados aprob\u00f3 en particular el proyecto de ley que crea un nuevo instrumento de financiamiento p\u00fablico para la educaci\u00f3n superior y un plan de reorganizaci\u00f3n y condonaci\u00f3n de deudas educativas, poniendo fin al CAE. Ahora la iniciativa ser\u00e1 revisada en la Sala de la C\u00e1mara.<\/p>\n<p style=\"font-weight: 400; text-align: justify;\">El Ministro de Educaci\u00f3n Nicol\u00e1s Cataldo agradeci\u00f3 a las y los diputados que aprobaron el proyecto y valor\u00f3 la voluntad de la oposici\u00f3n para llegar a un acuerdo.<\/p>\n<p style=\"font-weight: 400; text-align: justify;\">\u201cCreo que hoy d\u00eda hemos dado un gran paso, estamos muy contentos y expectantes, porque tenemos el desaf\u00edo de construir un acuerdo para mejorar el proyecto. Somos conscientes de que necesitamos dar estos pasos para entregarle al pa\u00eds un nuevo financiamiento para la educaci\u00f3n superior, que sea responsable fiscalmente y que mejore las condiciones de quienes est\u00e1n endeudados con el CAE y el Cr\u00e9dito Corfo\u201d.<\/p>\n<p style=\"font-weight: 400; text-align: justify;\">En esa misma l\u00ednea, la Seremi de Gobierno de Ays\u00e9n \u00darsula Mix afirm\u00f3 que \u201cEl Presidente Gabriel Boric asumi\u00f3 un compromiso con estudiantes y trabajadores con deudas de educaci\u00f3n superior, siendo el fin al CAE uno de sus proyectos de ley m\u00e1s sentidos. Por eso, esperamos que la C\u00e1mara se ponga en los zapatos de miles de familias endeudadas, permitiendo que puedan regularizar sus compromisos y darles mayor bienestar\u201d.<\/p>\n<p style=\"font-weight: 400; text-align: justify;\"><strong>Beneficios del proyecto<\/strong><\/p>\n<p style=\"font-weight: 400; text-align: justify;\">La Seremi de Educaci\u00f3n de Ays\u00e9n Katherine Miqueles Hern\u00e1ndez resumi\u00f3 los beneficios concretos del proyecto.<\/p>\n<p style=\"font-weight: 400; text-align: justify;\">\u201cCon este proyecto se pone fin a las cargas de pagos de cr\u00e9ditos imposibles de llevar, se entrega tranquilidad a las familias y certeza para el futuro. Se pone fin a los abusos y se introduce justicia social.\u00a0Para terminar con el CAE es necesario crear el FES, un instrumento que le permitir\u00e1 estudiar a los j\u00f3venes de las familias de la gran clase media que actualmente no acceden a la gratuidad\u201d.<\/p>\n<p style=\"font-weight: 400; text-align: justify;\">Para graficar los beneficios reales de la iniciativa, la autoridad del sector Educaci\u00f3n afirm\u00f3 que \u201ces bueno por un hecho muy simple: 4 es menos que 14, esto significa que con el FES las personas pagar\u00e1n en promedio un 4% de sus ingresos, mientras que con el CAE hoy pagan alrededor de un 14% en promedio. Una persona que gana $800 mil pesos, en lugar de pagar $114 mil mensuales con CAE, pagar\u00eda s\u00f3lo $32 mil con FES.<\/p>\n<p style=\"font-weight: 400; text-align: justify;\">La Seremi explic\u00f3 que lo anterior es posible porque se ahorra plata al eliminar la participaci\u00f3n de los bancos y, al no pasar por ellos, tanto estudiantes como instituciones de educaci\u00f3n superior ahorran plata.<\/p>\n<p style=\"font-weight: 400; text-align: justify;\">\u201cEl FES elimina a los intermediarios financieros que lucran con la educaci\u00f3n. No m\u00e1s comisiones bancarias, no m\u00e1s garant\u00edas que ejecutar, no m\u00e1s intereses que se capitalizan. Los recursos van directo del Estado a las universidades e instituciones T\u00e9cnico Profesionales\u201d.<\/p>\n<p style=\"font-weight: 400; text-align: justify;\">El proyecto de ley fue presentado\u00a0<a href=\"https:\/\/www.mineduc.cl\/proyecto-de-ley-financiamiento-educacion-superior-y-deudas-educativas\/\" data-saferedirecturl=\"https:\/\/www.google.com\/url?q=https:\/\/www.mineduc.cl\/proyecto-de-ley-financiamiento-educacion-superior-y-deudas-educativas\/&amp;source=gmail&amp;ust=1755787976378000&amp;usg=AOvVaw0ZK_Eapzj8zPHqrkk2Q88Q\">en octubre de 2024<\/a>, y discutido en la Comisi\u00f3n de Educaci\u00f3n de la C\u00e1mara de Diputadas y Diputados a lo largo de sus distintas etapas. Posteriormente, fue presentado por el Ejecutivo en la Comisi\u00f3n de Hacienda a inicios de mayo y se espera que la revisi\u00f3n en Sala se realice durante este mes.<\/p>\n<p style=\"font-weight: 400; text-align: justify;\">Finalmente, Katherine Miqueles expres\u00f3 su deseo de que esta iniciativa se transforme en ley.<\/p>\n<p style=\"font-weight: 400; text-align: justify;\">\u201cEste proyecto no divide a Chile, lo une. El FES propone una soluci\u00f3n justa y fiscalmente responsable a la pesada deuda estudiantil y a la necesidad de otorgar sostenibilidad al sistema. El Fin al CAE es un consenso en la sociedad chilena, las familias creen que es necesario y urgente y el FES como nuevo instrumento de financiamiento de la educaci\u00f3n superior lo har\u00e1 posible mejorando la calidad educativa, siendo un acto de justicia social y que adem\u00e1s ayuda a garantizar el acceso de millones de estudiantes a la educaci\u00f3n superior\u201d.<\/p>\n<p style=\"font-weight: 400; text-align: justify;\">Con la aprobaci\u00f3n de este proyecto, ser\u00e1n beneficiadas 1.277.451 familias deudoras del CAE y 4.453 familias deudoras del CAE en la Regi\u00f3n de Ays\u00e9n.<\/p>\n<p style=\"font-weight: 400; text-align: justify;\"><strong>Voz estudiantil<\/strong><\/p>\n<p style=\"font-weight: 400; text-align: justify;\">Franco Uribe Mansilla, estudiante de 4to a\u00f1o de Agronom\u00eda de la Universidad de Ays\u00e9n expres\u00f3 que \u201ccomo estudiante de la Universidad de Ays\u00e9n, en una regi\u00f3n extrema, donde el acceso a la educaci\u00f3n, ya implica desaf\u00edos que son log\u00edsticos, econ\u00f3micos, y emocionales, principalmente el FES representa mucho m\u00e1s que un cambio de sistema es una oportunidad de justicia territorial, principalmente en zonas como la nuestra, donde muchas familias viven con ingresos limitados y las opciones de financiamiento han sido hist\u00f3ricamente excluyentes Bueno, este nuevo modelo nos permite estudiar sin hipotecar nuestro futuro. Eso principalmente es el fin al CAE y la condonaci\u00f3n de deudas, no solo alivian a quienes ya cargan con esa mochila, sino que abren las puertas para que nuevas generaciones puedan formarse con dignidad. Y bueno, el FES una herramienta concreta para democratizar el conocimiento y reconocer que vivir en Ays\u00e9n no deber\u00eda significar estudiar con desventaja en comparaci\u00f3n a las otras regiones del pa\u00eds.<\/p>\n<\/div><\/section><\/div><div  style='height:50px' class='hr hr-invisible   avia-builder-el-6  el_after_av_one_full  el_before_av_social_share '><span class='hr-inner ' ><span class='hr-inner-style'><\/span><\/span><\/div><\/p>\n<div  class='av-social-sharing-box  avia-builder-el-7  el_after_av_hr  el_before_av_hr  '><div class='av-share-box'><h5 class='av-share-link-description av-no-toc '>Compartir esta noticia<\/h5><ul class='av-share-box-list noLightbox'><li class='av-share-link av-social-link-facebook' ><a target=\"_blank\" aria-label=\"Compartir en Facebook\" href='https:\/\/www.facebook.com\/sharer.php?u=https:\/\/radiorevelacionfm.cl\/?p=58029&#038;t=En%20etapa%20decisiva%20de%20tramitaci%C3%B3n%20en%20el%20Congreso%20est%C3%A1%20el%20proyecto%20del%20Gobierno%20que%20pone%20fin%20al%20CAE%20y%20crea%20el%20nuevo%20instrumento%20de%20Financiamiento%20de%20la%20Educaci%C3%B3n%20Superior%20FES' aria-hidden='false' data-av_icon='\ue8f3' data-av_iconfont='entypo-fontello' title='' data-avia-related-tooltip='Compartir en Facebook' rel=\"noopener\"><span class='avia_hidden_link_text'>Compartir en Facebook<\/span><\/a><\/li><li class='av-share-link av-social-link-twitter' ><a target=\"_blank\" aria-label=\"Compartir en Twitter\" href='https:\/\/twitter.com\/share?text=En%20etapa%20decisiva%20de%20tramitaci%C3%B3n%20en%20el%20Congreso%20est%C3%A1%20el%20proyecto%20del%20Gobierno%20que%20pone%20fin%20al%20CAE%20y%20crea%20el%20nuevo%20instrumento%20de%20Financiamiento%20de%20la%20Educaci%C3%B3n%20Superior%20FES&#038;url=https:\/\/radiorevelacionfm.cl\/?p=58029' aria-hidden='false' data-av_icon='\ue8f1' data-av_iconfont='entypo-fontello' title='' data-avia-related-tooltip='Compartir en Twitter' rel=\"noopener\"><span class='avia_hidden_link_text'>Compartir en Twitter<\/span><\/a><\/li><li class='av-share-link av-social-link-whatsapp' ><a target=\"_blank\" aria-label=\"Compartir en Whatsapp\" href='https:\/\/api.whatsapp.com\/send?text=https:\/\/radiorevelacionfm.cl\/?p=58029' aria-hidden='false' data-av_icon='\uf232' data-av_iconfont='entypo-fontello' title='' data-avia-related-tooltip='Compartir en Whatsapp' rel=\"noopener\"><span class='avia_hidden_link_text'>Compartir en Whatsapp<\/span><\/a><\/li><li class='av-share-link av-social-link-linkedin' ><a target=\"_blank\" aria-label=\"Compartir en LinkedIn\" href='https:\/\/linkedin.com\/shareArticle?mini=true&#038;title=En%20etapa%20decisiva%20de%20tramitaci%C3%B3n%20en%20el%20Congreso%20est%C3%A1%20el%20proyecto%20del%20Gobierno%20que%20pone%20fin%20al%20CAE%20y%20crea%20el%20nuevo%20instrumento%20de%20Financiamiento%20de%20la%20Educaci%C3%B3n%20Superior%20FES&#038;url=https:\/\/radiorevelacionfm.cl\/?p=58029' aria-hidden='false' data-av_icon='\ue8fc' data-av_iconfont='entypo-fontello' title='' data-avia-related-tooltip='Compartir en LinkedIn' rel=\"noopener\"><span class='avia_hidden_link_text'>Compartir en LinkedIn<\/span><\/a><\/li><li class='av-share-link av-social-link-mail' ><a  aria-label=\"Compartir por correo\" href='mailto:?subject=En%20etapa%20decisiva%20de%20tramitaci%C3%B3n%20en%20el%20Congreso%20est%C3%A1%20el%20proyecto%20del%20Gobierno%20que%20pone%20fin%20al%20CAE%20y%20crea%20el%20nuevo%20instrumento%20de%20Financiamiento%20de%20la%20Educaci%C3%B3n%20Superior%20FES&#038;body=https:\/\/radiorevelacionfm.cl\/?p=58029' aria-hidden='false' data-av_icon='\ue805' data-av_iconfont='entypo-fontello' title='' data-avia-related-tooltip='Compartir por correo'><span class='avia_hidden_link_text'>Compartir por correo<\/span><\/a><\/li><\/ul><\/div><\/div>\n<div  style='height:50px' class='hr hr-invisible   avia-builder-el-8  el_after_av_social_share  el_before_av_comments_list '><span class='hr-inner ' ><span class='hr-inner-style'><\/span><\/span><\/div>\n<div  class='av-buildercomment  av-blog-meta-html-info-disabled av-blog-meta-tag-disabled  '><\/div>\n","protected":false},"excerpt":{"rendered":"","protected":false},"author":1,"featured_media":58030,"comment_status":"closed","ping_status":"closed","sticky":false,"template":"","format":"standard","meta":{"footnotes":""},"categories":[49],"tags":[],"class_list":["post-58029","post","type-post","status-publish","format-standard","has-post-thumbnail","hentry","category-educacion"],"jetpack_featured_media_url":"https:\/\/radiorevelacionfm.cl\/wp-content\/uploads\/2025\/08\/Seremis-educacion-y-gobierno-1-1.jpeg","_links":{"self":[{"href":"https:\/\/radiorevelacionfm.cl\/index.php?rest_route=\/wp\/v2\/posts\/58029","targetHints":{"allow":["GET"]}}],"collection":[{"href":"https:\/\/radiorevelacionfm.cl\/index.php?rest_route=\/wp\/v2\/posts"}],"about":[{"href":"https:\/\/radiorevelacionfm.cl\/index.php?rest_route=\/wp\/v2\/types\/post"}],"author":[{"embeddable":true,"href":"https:\/\/radiorevelacionfm.cl\/index.php?rest_route=\/wp\/v2\/users\/1"}],"replies":[{"embeddable":true,"href":"https:\/\/radiorevelacionfm.cl\/index.php?rest_route=%2Fwp%2Fv2%2Fcomments&post=58029"}],"version-history":[{"count":2,"href":"https:\/\/radiorevelacionfm.cl\/index.php?rest_route=\/wp\/v2\/posts\/58029\/revisions"}],"predecessor-version":[{"id":58032,"href":"https:\/\/radiorevelacionfm.cl\/index.php?rest_route=\/wp\/v2\/posts\/58029\/revisions\/58032"}],"wp:featuredmedia":[{"embeddable":true,"href":"https:\/\/radiorevelacionfm.cl\/index.php?rest_route=\/wp\/v2\/media\/58030"}],"wp:attachment":[{"href":"https:\/\/radiorevelacionfm.cl\/index.php?rest_route=%2Fwp%2Fv2%2Fmedia&parent=58029"}],"wp:term":[{"taxonomy":"category","embeddable":true,"href":"https:\/\/radiorevelacionfm.cl\/index.php?rest_route=%2Fwp%2Fv2%2Fcategories&post=58029"},{"taxonomy":"post_tag","embeddable":true,"href":"https:\/\/radiorevelacionfm.cl\/index.php?rest_route=%2Fwp%2Fv2%2Ftags&post=58029"}],"curies":[{"name":"wp","href":"https:\/\/api.w.org\/{rel}","templated":true}]}}