{"id":58019,"date":"2025-08-20T10:35:01","date_gmt":"2025-08-20T13:35:01","guid":{"rendered":"https:\/\/radiorevelacionfm.cl\/?p=58019"},"modified":"2025-08-20T10:35:01","modified_gmt":"2025-08-20T13:35:01","slug":"indap-aysen-fortalece-a-las-nuevas-generaciones-con-mi-primer-negocio-rural-para-que-el-campo-siga-siendo-una-opcion-de-vida","status":"publish","type":"post","link":"https:\/\/radiorevelacionfm.cl\/?p=58019","title":{"rendered":"Indap Ays\u00e9n fortalece a las nuevas generaciones con \u00abMi Primer Negocio Rural\u00bb para que el campo siga siendo una opci\u00f3n de vida"},"content":{"rendered":"<div class=\"flex_column av_one_full  flex_column_div av-zero-column-padding first  avia-builder-el-0  el_before_av_one_full  avia-builder-el-first  \" style='border-radius:0px; '><div  class='avia-image-container  av-styling-    avia-builder-el-1  avia-builder-el-no-sibling  avia-align-center '  itemprop=\"image\" itemscope=\"itemscope\" itemtype=\"https:\/\/schema.org\/ImageObject\"  ><div class='avia-image-container-inner'><div class='avia-image-overlay-wrap'><img decoding=\"async\" class='wp-image-58020 avia-img-lazy-loading-not-58020 avia_image' src=\"https:\/\/radiorevelacionfm.cl\/wp-content\/uploads\/2025\/08\/entrega-inversion-mpnr-4-1-1_optimized-1.jpeg\" alt='' title='entrega-inversion-mpnr-(4)-(1)-(1)_optimized (1)' height=\"600\" width=\"800\"  itemprop=\"thumbnailUrl\" srcset=\"https:\/\/radiorevelacionfm.cl\/wp-content\/uploads\/2025\/08\/entrega-inversion-mpnr-4-1-1_optimized-1.jpeg 800w, https:\/\/radiorevelacionfm.cl\/wp-content\/uploads\/2025\/08\/entrega-inversion-mpnr-4-1-1_optimized-1-300x225.jpeg 300w, https:\/\/radiorevelacionfm.cl\/wp-content\/uploads\/2025\/08\/entrega-inversion-mpnr-4-1-1_optimized-1-768x576.jpeg 768w, https:\/\/radiorevelacionfm.cl\/wp-content\/uploads\/2025\/08\/entrega-inversion-mpnr-4-1-1_optimized-1-705x529.jpeg 705w, https:\/\/radiorevelacionfm.cl\/wp-content\/uploads\/2025\/08\/entrega-inversion-mpnr-4-1-1_optimized-1-450x338.jpeg 450w, https:\/\/radiorevelacionfm.cl\/wp-content\/uploads\/2025\/08\/entrega-inversion-mpnr-4-1-1_optimized-1-600x450.jpeg 600w\" sizes=\"(max-width: 800px) 100vw, 800px\" \/><\/div><\/div><\/div><\/div><div class=\"flex_column av_one_full  flex_column_div av-zero-column-padding first  avia-builder-el-2  el_after_av_one_full  el_before_av_one_full  column-top-margin\" style='border-radius:0px; '><section class=\"av_textblock_section \"  itemscope=\"itemscope\" itemtype=\"https:\/\/schema.org\/BlogPosting\" itemprop=\"blogPost\" ><div class='avia_textblock  '   itemprop=\"text\" ><p style=\"text-align: center;\"><strong><span style=\"font-size: 18pt;\">Indap Ays\u00e9n fortalece a las nuevas generaciones con \u00abMi Primer Negocio Rural\u00bb para que el campo siga siendo una opci\u00f3n de vida<\/span><\/strong><\/p>\n<div id=\"gtx-trans\" style=\"position: absolute; left: -50px; top: 4.31534px;\">\n<div class=\"gtx-trans-icon\"><\/div>\n<\/div>\n<\/div><\/section><\/div><div class=\"flex_column av_one_full  flex_column_div av-zero-column-padding first  avia-builder-el-4  el_after_av_one_full  el_before_av_hr  column-top-margin\" style='border-radius:0px; '><section class=\"av_textblock_section \"  itemscope=\"itemscope\" itemtype=\"https:\/\/schema.org\/BlogPosting\" itemprop=\"blogPost\" ><div class='avia_textblock  '   itemprop=\"text\" ><p style=\"text-align: justify;\">Con una significativa ceremonia, 40 j\u00f3venes de la Regi\u00f3n de Ays\u00e9n de distintos territorios recibieron los fondos de inversi\u00f3n del programa Mi Primer Negocio Rural, iniciativa de INDAP que busca fortalecer las capacidades de emprendimiento de las juventudes rurales, fomentando la innovaci\u00f3n, la sostenibilidad y la asociatividad en sus proyectos. La instancia cont\u00f3 con la participaci\u00f3n de las SEREMIS de Gobierno, Agricultura y de la Mujer y Equidad de G\u00e9nero, junto a la directora regional del SAG, el jefe nacional de la Divisi\u00f3n de Fomento de INDAP y sus respectivos equipos t\u00e9cnicos.<\/p>\n<p style=\"text-align: justify;\">\u201cCon la entrega de recursos de Mi Primer Negocio Rural reafirmamos la apuesta de esta administraci\u00f3n por abrir oportunidades reales a las juventudes del campo. Este programa es una muestra concreta de que al Presidente Gabriel Boric le importa que el mundo rural sea un lugar viable y digno para desarrollarse, un espacio donde la innovaci\u00f3n y la sustentabilidad se transformen en motor de futuro. Las y los j\u00f3venes rurales nos demuestran que el campo no es pasado, es presente y tambi\u00e9n futuro\u201d, destac\u00f3 Yessica Lagos C\u00e1rdenas, directora regional de INDAP Ays\u00e9n.<\/p>\n<p style=\"text-align: justify;\">La cohorte de beneficiarios est\u00e1 integrada por 40 j\u00f3venes de entre 20 y 40 a\u00f1os, con una edad promedio de 32,4 a\u00f1os. Del total, 20 son mujeres (50%) y 20 hombres (50%), y el 17,5% pertenece a pueblos originarios mapuche o huilliche. Se trata de una representaci\u00f3n diversa que incluye a todas las \u00e1reas de INDAP en la regi\u00f3n: Cochrane, Coyhaique, Puerto Ays\u00e9n, Puerto Ib\u00e1\u00f1ez, Chile Chico y La Junta.<\/p>\n<p style=\"text-align: justify;\">El jefe nacional de la Divisi\u00f3n de Fomento de INDAP, Sebasti\u00e1n Acosta, quien visit\u00f3 a la regi\u00f3n para esta ocasi\u00f3n, resalt\u00f3 que esta primera generaci\u00f3n de Mi Primer Negocio Rural constituye un hito hist\u00f3rico en el fortalecimiento de la agricultura familiar campesina y en la proyecci\u00f3n de la Regi\u00f3n de Ays\u00e9n. Subray\u00f3 que la iniciativa abre oportunidades reales para que la juventud se mantenga en el campo y consolida una pol\u00edtica p\u00fablica in\u00e9dita en Chile. En sus palabras, \u201ceste programa se proyecta no solo en la regi\u00f3n y en el pa\u00eds, sino tambi\u00e9n a nivel latinoamericano. Mi Primer Negocio Rural es ya una referencia regional y un orgullo en t\u00e9rminos de pol\u00edticas p\u00fablicas para la agricultura familiar campesina\u201d.<\/p>\n<p style=\"text-align: justify;\">El programa constituye una oportunidad real para que j\u00f3venes rurales fortalezcan sus capacidades y desarrollen emprendimientos sustentables, promoviendo la innovaci\u00f3n, la agroecolog\u00eda, el turismo rural y la diversificaci\u00f3n productiva, as\u00ed como la creaci\u00f3n de redes y espacios de colaboraci\u00f3n. Este enfoque, alineado con la Pol\u00edtica Nacional de Juventudes Rurales presentada por el Presidente Gabriel Boric, da cuenta del compromiso del Gobierno con una nueva ruralidad: m\u00e1s equitativa, resiliente e inclusiva.<\/p>\n<p style=\"text-align: justify;\">Ornella Aguirre, representante de la Mesa Regional de Juventudes Rurales, destac\u00f3 la relevancia de la iniciativa y el apoyo recibido: \u201cQueremos agradecer a INDAP por este programa, porque sabemos que va a marcar un hito en las juventudes rurales. Agradecemos a Yessica Lagos, la directora de INDAP, por los esfuerzos que hicieron para que todos accedamos a este programa. Sabemos que se nos vienen grandes desaf\u00edos, pero contamos con el apoyo de INDAP, y estamos agradecidos por el acompa\u00f1amiento de 3 a\u00f1os que recibiremos en Mi Primer Negocio Rural\u201d.<\/p>\n<p style=\"text-align: justify;\">La ceremonia incluy\u00f3 la entrega de carpetas y cartas compromiso, un espacio de di\u00e1logo sobre juventud rural y pol\u00edtica p\u00fablica, y la exposici\u00f3n de aspectos t\u00e9cnicos y administrativos del programa. El hito finaliz\u00f3 con un reconocimiento al liderazgo de las juventudes del campo, quienes con sus proyectos y visiones aportan al desarrollo sostenible y al fortalecimiento de las comunidades rurales de Ays\u00e9n.<\/p>\n<\/div><\/section><\/div><div  style='height:50px' class='hr hr-invisible   avia-builder-el-6  el_after_av_one_full  el_before_av_social_share '><span class='hr-inner ' ><span class='hr-inner-style'><\/span><\/span><\/div><\/p>\n<div  class='av-social-sharing-box  avia-builder-el-7  el_after_av_hr  el_before_av_hr  '><div class='av-share-box'><h5 class='av-share-link-description av-no-toc '>Compartir esta noticia<\/h5><ul class='av-share-box-list noLightbox'><li class='av-share-link av-social-link-facebook' ><a target=\"_blank\" aria-label=\"Compartir en Facebook\" href='https:\/\/www.facebook.com\/sharer.php?u=https:\/\/radiorevelacionfm.cl\/?p=58019&#038;t=Indap%20Ays%C3%A9n%20fortalece%20a%20las%20nuevas%20generaciones%20con%20%C2%ABMi%20Primer%20Negocio%20Rural%C2%BB%20para%20que%20el%20campo%20siga%20siendo%20una%20opci%C3%B3n%20de%20vida' aria-hidden='false' data-av_icon='\ue8f3' data-av_iconfont='entypo-fontello' title='' data-avia-related-tooltip='Compartir en Facebook' rel=\"noopener\"><span class='avia_hidden_link_text'>Compartir en Facebook<\/span><\/a><\/li><li class='av-share-link av-social-link-twitter' ><a target=\"_blank\" aria-label=\"Compartir en Twitter\" href='https:\/\/twitter.com\/share?text=Indap%20Ays%C3%A9n%20fortalece%20a%20las%20nuevas%20generaciones%20con%20%C2%ABMi%20Primer%20Negocio%20Rural%C2%BB%20para%20que%20el%20campo%20siga%20siendo%20una%20opci%C3%B3n%20de%20vida&#038;url=https:\/\/radiorevelacionfm.cl\/?p=58019' aria-hidden='false' data-av_icon='\ue8f1' data-av_iconfont='entypo-fontello' title='' data-avia-related-tooltip='Compartir en Twitter' rel=\"noopener\"><span class='avia_hidden_link_text'>Compartir en Twitter<\/span><\/a><\/li><li class='av-share-link av-social-link-whatsapp' ><a target=\"_blank\" aria-label=\"Compartir en Whatsapp\" href='https:\/\/api.whatsapp.com\/send?text=https:\/\/radiorevelacionfm.cl\/?p=58019' aria-hidden='false' data-av_icon='\uf232' data-av_iconfont='entypo-fontello' title='' data-avia-related-tooltip='Compartir en Whatsapp' rel=\"noopener\"><span class='avia_hidden_link_text'>Compartir en Whatsapp<\/span><\/a><\/li><li class='av-share-link av-social-link-linkedin' ><a target=\"_blank\" aria-label=\"Compartir en LinkedIn\" href='https:\/\/linkedin.com\/shareArticle?mini=true&#038;title=Indap%20Ays%C3%A9n%20fortalece%20a%20las%20nuevas%20generaciones%20con%20%C2%ABMi%20Primer%20Negocio%20Rural%C2%BB%20para%20que%20el%20campo%20siga%20siendo%20una%20opci%C3%B3n%20de%20vida&#038;url=https:\/\/radiorevelacionfm.cl\/?p=58019' aria-hidden='false' data-av_icon='\ue8fc' data-av_iconfont='entypo-fontello' title='' data-avia-related-tooltip='Compartir en LinkedIn' rel=\"noopener\"><span class='avia_hidden_link_text'>Compartir en LinkedIn<\/span><\/a><\/li><li class='av-share-link av-social-link-mail' ><a  aria-label=\"Compartir por correo\" href='mailto:?subject=Indap%20Ays%C3%A9n%20fortalece%20a%20las%20nuevas%20generaciones%20con%20%C2%ABMi%20Primer%20Negocio%20Rural%C2%BB%20para%20que%20el%20campo%20siga%20siendo%20una%20opci%C3%B3n%20de%20vida&#038;body=https:\/\/radiorevelacionfm.cl\/?p=58019' aria-hidden='false' data-av_icon='\ue805' data-av_iconfont='entypo-fontello' title='' data-avia-related-tooltip='Compartir por correo'><span class='avia_hidden_link_text'>Compartir por correo<\/span><\/a><\/li><\/ul><\/div><\/div>\n<div  style='height:50px' class='hr hr-invisible   avia-builder-el-8  el_after_av_social_share  el_before_av_comments_list '><span class='hr-inner ' ><span class='hr-inner-style'><\/span><\/span><\/div>\n<div  class='av-buildercomment  av-blog-meta-html-info-disabled av-blog-meta-tag-disabled  '><\/div>\n","protected":false},"excerpt":{"rendered":"","protected":false},"author":1,"featured_media":58020,"comment_status":"closed","ping_status":"closed","sticky":false,"template":"","format":"standard","meta":{"footnotes":""},"categories":[58],"tags":[],"class_list":["post-58019","post","type-post","status-publish","format-standard","has-post-thumbnail","hentry","category-agricultura"],"jetpack_featured_media_url":"https:\/\/radiorevelacionfm.cl\/wp-content\/uploads\/2025\/08\/entrega-inversion-mpnr-4-1-1_optimized-1.jpeg","_links":{"self":[{"href":"https:\/\/radiorevelacionfm.cl\/index.php?rest_route=\/wp\/v2\/posts\/58019","targetHints":{"allow":["GET"]}}],"collection":[{"href":"https:\/\/radiorevelacionfm.cl\/index.php?rest_route=\/wp\/v2\/posts"}],"about":[{"href":"https:\/\/radiorevelacionfm.cl\/index.php?rest_route=\/wp\/v2\/types\/post"}],"author":[{"embeddable":true,"href":"https:\/\/radiorevelacionfm.cl\/index.php?rest_route=\/wp\/v2\/users\/1"}],"replies":[{"embeddable":true,"href":"https:\/\/radiorevelacionfm.cl\/index.php?rest_route=%2Fwp%2Fv2%2Fcomments&post=58019"}],"version-history":[{"count":2,"href":"https:\/\/radiorevelacionfm.cl\/index.php?rest_route=\/wp\/v2\/posts\/58019\/revisions"}],"predecessor-version":[{"id":58023,"href":"https:\/\/radiorevelacionfm.cl\/index.php?rest_route=\/wp\/v2\/posts\/58019\/revisions\/58023"}],"wp:featuredmedia":[{"embeddable":true,"href":"https:\/\/radiorevelacionfm.cl\/index.php?rest_route=\/wp\/v2\/media\/58020"}],"wp:attachment":[{"href":"https:\/\/radiorevelacionfm.cl\/index.php?rest_route=%2Fwp%2Fv2%2Fmedia&parent=58019"}],"wp:term":[{"taxonomy":"category","embeddable":true,"href":"https:\/\/radiorevelacionfm.cl\/index.php?rest_route=%2Fwp%2Fv2%2Fcategories&post=58019"},{"taxonomy":"post_tag","embeddable":true,"href":"https:\/\/radiorevelacionfm.cl\/index.php?rest_route=%2Fwp%2Fv2%2Ftags&post=58019"}],"curies":[{"name":"wp","href":"https:\/\/api.w.org\/{rel}","templated":true}]}}