{"id":58010,"date":"2025-08-19T20:22:02","date_gmt":"2025-08-19T23:22:02","guid":{"rendered":"https:\/\/radiorevelacionfm.cl\/?p=58010"},"modified":"2025-08-19T20:22:02","modified_gmt":"2025-08-19T23:22:02","slug":"aysen-celebra-este-sabado-el-dia-de-los-patrimonios-de-ninas-ninos-y-adolescentes","status":"publish","type":"post","link":"https:\/\/radiorevelacionfm.cl\/?p=58010","title":{"rendered":"Ays\u00e9n celebra este s\u00e1bado el D\u00eda de los Patrimonios de Ni\u00f1as, Ni\u00f1os y Adolescentes"},"content":{"rendered":"<div class=\"flex_column av_one_full  flex_column_div av-zero-column-padding first  avia-builder-el-0  el_before_av_one_full  avia-builder-el-first  \" style='border-radius:0px; '><div  class='avia-image-container  av-styling-    avia-builder-el-1  avia-builder-el-no-sibling  avia-align-center '  itemprop=\"image\" itemscope=\"itemscope\" itemtype=\"https:\/\/schema.org\/ImageObject\"  ><div class='avia-image-container-inner'><div class='avia-image-overlay-wrap'><img decoding=\"async\" class='wp-image-58011 avia-img-lazy-loading-not-58011 avia_image' src=\"https:\/\/radiorevelacionfm.cl\/wp-content\/uploads\/2025\/08\/DPC-202538-1-1.jpg\" alt='' title='DPC 202538 (1) (1)' height=\"600\" width=\"900\"  itemprop=\"thumbnailUrl\" srcset=\"https:\/\/radiorevelacionfm.cl\/wp-content\/uploads\/2025\/08\/DPC-202538-1-1.jpg 900w, https:\/\/radiorevelacionfm.cl\/wp-content\/uploads\/2025\/08\/DPC-202538-1-1-300x200.jpg 300w, https:\/\/radiorevelacionfm.cl\/wp-content\/uploads\/2025\/08\/DPC-202538-1-1-768x512.jpg 768w, https:\/\/radiorevelacionfm.cl\/wp-content\/uploads\/2025\/08\/DPC-202538-1-1-705x470.jpg 705w, https:\/\/radiorevelacionfm.cl\/wp-content\/uploads\/2025\/08\/DPC-202538-1-1-450x300.jpg 450w, https:\/\/radiorevelacionfm.cl\/wp-content\/uploads\/2025\/08\/DPC-202538-1-1-600x400.jpg 600w\" sizes=\"(max-width: 900px) 100vw, 900px\" \/><\/div><\/div><\/div><\/div><div class=\"flex_column av_one_full  flex_column_div av-zero-column-padding first  avia-builder-el-2  el_after_av_one_full  el_before_av_one_full  column-top-margin\" style='border-radius:0px; '><section class=\"av_textblock_section \"  itemscope=\"itemscope\" itemtype=\"https:\/\/schema.org\/BlogPosting\" itemprop=\"blogPost\" ><div class='avia_textblock  '   itemprop=\"text\" ><p style=\"text-align: center;\"><span style=\"font-size: 18pt;\"><b>Ays\u00e9n celebra este s\u00e1bado el D\u00eda de los Patrimonios de Ni\u00f1as, Ni\u00f1os y Adolescentes<\/b><\/span><\/p>\n<div id=\"gtx-trans\" style=\"position: absolute; left: -50px; top: 4.31534px;\">\n<div class=\"gtx-trans-icon\"><\/div>\n<\/div>\n<\/div><\/section><\/div><div class=\"flex_column av_one_full  flex_column_div av-zero-column-padding first  avia-builder-el-4  el_after_av_one_full  el_before_av_hr  column-top-margin\" style='border-radius:0px; '><section class=\"av_textblock_section \"  itemscope=\"itemscope\" itemtype=\"https:\/\/schema.org\/BlogPosting\" itemprop=\"blogPost\" ><div class='avia_textblock  '   itemprop=\"text\" ><p style=\"text-align: justify;\"><em>Por cuarta vez, el D\u00eda de los Patrimonios celebrar\u00e1 una segunda fiesta anual este s\u00e1bado 23 de agosto en todo el pa\u00eds.<\/em><\/p>\n<p style=\"text-align: justify;\">Se trata del D\u00eda de los Patrimonios para Ni\u00f1os, Ni\u00f1as y Adolescentes que este 2025 rinde homenaje a Gabriela Mistral, maestra, poeta y defensora de las infancias, cuando se cumplen 80 a\u00f1os desde que recibi\u00f3 el Premio Nobel de Literatura.<\/p>\n<p style=\"text-align: justify;\">En la Regi\u00f3n de Ays\u00e9n, las actividades se inauguran al mediod\u00eda en la Biblioteca Regional, donde el escritor Miguel Mu\u00f1oz presentar\u00e1 un cuentacuentos musicalizado, bajo el t\u00edtulo \u201cHistorias del ayer para hoy\u201d. M\u00e1s tarde, la muralista Leyla S\u00e1nchez trabajar\u00e1 con ni\u00f1os y ni\u00f1as en la recreaci\u00f3n de motivos de arte rupestre en una cueva, especialmente construida para difundir el patrimonio arqueol\u00f3gico. Tambi\u00e9n habr\u00e1 talleres de elaboraci\u00f3n de t\u00edteres, a cargo del gestor cultural y titiritero, Dami\u00e1n Antiguez, en el Museo del T\u00edtere.<\/p>\n<p style=\"text-align: justify;\">La Oficina T\u00e9cnica Regional del Consejo de Monumentos Nacionales presentar\u00e1 una exposici\u00f3n de patrimonio arqueol\u00f3gico para ni\u00f1os, mientras que la Sociedad de Historia y Geograf\u00eda de Ays\u00e9n abrir\u00e1 su tradicional Muestra de Vexilolog\u00eda y Her\u00e1ldica Regional. En Caleta Tortel, su biblioteca p\u00fablica organiz\u00f3 el l\u00fadico taller Maqueteando pasarelas y en Lago Verde, la Organizaci\u00f3n\u00a0 Newentaui\u00f1 dictar\u00e1 un Taller de Patrimonio Cultural Mapuche Huilliche.<\/p>\n<p style=\"text-align: justify;\">El Museo Regional de Ays\u00e9n tendr\u00e1 recorridos por su muestra principal, especialmente dise\u00f1ados para ni\u00f1os, ni\u00f1as y adolescentes, adem\u00e1s de gu\u00edas por sus tradicionales e hist\u00f3ricos espacios. Tambi\u00e9n podr\u00e1n encontrar los talleres Naturalistas por Un D\u00eda y Club Paleontol\u00f3gico.<\/p>\n<p style=\"text-align: justify;\">La directora regional de Patrimonio Cultural Ays\u00e9n, Claudia Cantero, extendi\u00f3 la invitaci\u00f3n para esta fiesta: \u201cEste es un d\u00eda muy importante, y una celebraci\u00f3n muy significativa para el patrimonio cultural. Vamos a reconocer que nuestras infancias y juventudes no solo heredan, sino que recrean, transforman y les dan vida a estos patrimonios. En Ays\u00e9n, esto se refleja en los juegos, en las memorias familiares, y tambi\u00e9n en la relaci\u00f3n \u00fanica que mantenemos con la naturaleza y los paisajes que nos rodean. Les invitamos a disfrutar con alegr\u00eda, y cari\u00f1o de esta jornada que construimos entre todos y todas\u201d.<\/p>\n<p style=\"text-align: justify;\">El seremi de Cultura Ays\u00e9n, Felipe Quiroz, resalt\u00f3 la importancia de una fecha patrimonial espec\u00edfica para las infancias: \u201cRecuperamos esta celebraci\u00f3n en nuestro Gobierno porque creemos profundamente en poner a las infancias en el centro. Que el D\u00eda de los Patrimonios tenga tambi\u00e9n un espacio especial para ni\u00f1as, ni\u00f1os y adolescentes, y que adem\u00e1s coincida con el Mes de las Infancias, es un gesto que habla de futuro: de c\u00f3mo transmitimos identidad, de c\u00f3mo fortalecemos la confianza en nuestra historia com\u00fan y de c\u00f3mo abrimos caminos para que nuestras nuevas generaciones miren con orgullo el lugar donde crecen\u201d.<\/p>\n<p style=\"text-align: justify;\">Toda la informaci\u00f3n est\u00e1 disponible en diadelospatrimonios.cl. Busca tu comuna\u00a0 y disfruta este s\u00e1bado 23 de la fiesta patrimonial m\u00e1s grande para ni\u00f1os, ni\u00f1os y adolescentes del pa\u00eds.<\/p>\n<\/div><\/section><\/div><div  style='height:50px' class='hr hr-invisible   avia-builder-el-6  el_after_av_one_full  el_before_av_social_share '><span class='hr-inner ' ><span class='hr-inner-style'><\/span><\/span><\/div><\/p>\n<div  class='av-social-sharing-box  avia-builder-el-7  el_after_av_hr  el_before_av_hr  '><div class='av-share-box'><h5 class='av-share-link-description av-no-toc '>Compartir esta noticia<\/h5><ul class='av-share-box-list noLightbox'><li class='av-share-link av-social-link-facebook' ><a target=\"_blank\" aria-label=\"Compartir en Facebook\" href='https:\/\/www.facebook.com\/sharer.php?u=https:\/\/radiorevelacionfm.cl\/?p=58010&#038;t=Ays%C3%A9n%20celebra%20este%20s%C3%A1bado%20el%20D%C3%ADa%20de%20los%20Patrimonios%20de%20Ni%C3%B1as%2C%20Ni%C3%B1os%20y%20Adolescentes' aria-hidden='false' data-av_icon='\ue8f3' data-av_iconfont='entypo-fontello' title='' data-avia-related-tooltip='Compartir en Facebook' rel=\"noopener\"><span class='avia_hidden_link_text'>Compartir en Facebook<\/span><\/a><\/li><li class='av-share-link av-social-link-twitter' ><a target=\"_blank\" aria-label=\"Compartir en Twitter\" href='https:\/\/twitter.com\/share?text=Ays%C3%A9n%20celebra%20este%20s%C3%A1bado%20el%20D%C3%ADa%20de%20los%20Patrimonios%20de%20Ni%C3%B1as%2C%20Ni%C3%B1os%20y%20Adolescentes&#038;url=https:\/\/radiorevelacionfm.cl\/?p=58010' aria-hidden='false' data-av_icon='\ue8f1' data-av_iconfont='entypo-fontello' title='' data-avia-related-tooltip='Compartir en Twitter' rel=\"noopener\"><span class='avia_hidden_link_text'>Compartir en Twitter<\/span><\/a><\/li><li class='av-share-link av-social-link-whatsapp' ><a target=\"_blank\" aria-label=\"Compartir en Whatsapp\" href='https:\/\/api.whatsapp.com\/send?text=https:\/\/radiorevelacionfm.cl\/?p=58010' aria-hidden='false' data-av_icon='\uf232' data-av_iconfont='entypo-fontello' title='' data-avia-related-tooltip='Compartir en Whatsapp' rel=\"noopener\"><span class='avia_hidden_link_text'>Compartir en Whatsapp<\/span><\/a><\/li><li class='av-share-link av-social-link-linkedin' ><a target=\"_blank\" aria-label=\"Compartir en LinkedIn\" href='https:\/\/linkedin.com\/shareArticle?mini=true&#038;title=Ays%C3%A9n%20celebra%20este%20s%C3%A1bado%20el%20D%C3%ADa%20de%20los%20Patrimonios%20de%20Ni%C3%B1as%2C%20Ni%C3%B1os%20y%20Adolescentes&#038;url=https:\/\/radiorevelacionfm.cl\/?p=58010' aria-hidden='false' data-av_icon='\ue8fc' data-av_iconfont='entypo-fontello' title='' data-avia-related-tooltip='Compartir en LinkedIn' rel=\"noopener\"><span class='avia_hidden_link_text'>Compartir en LinkedIn<\/span><\/a><\/li><li class='av-share-link av-social-link-mail' ><a  aria-label=\"Compartir por correo\" href='mailto:?subject=Ays%C3%A9n%20celebra%20este%20s%C3%A1bado%20el%20D%C3%ADa%20de%20los%20Patrimonios%20de%20Ni%C3%B1as%2C%20Ni%C3%B1os%20y%20Adolescentes&#038;body=https:\/\/radiorevelacionfm.cl\/?p=58010' aria-hidden='false' data-av_icon='\ue805' data-av_iconfont='entypo-fontello' title='' data-avia-related-tooltip='Compartir por correo'><span class='avia_hidden_link_text'>Compartir por correo<\/span><\/a><\/li><\/ul><\/div><\/div>\n<div  style='height:50px' class='hr hr-invisible   avia-builder-el-8  el_after_av_social_share  el_before_av_comments_list '><span class='hr-inner ' ><span class='hr-inner-style'><\/span><\/span><\/div>\n<div  class='av-buildercomment  av-blog-meta-html-info-disabled av-blog-meta-tag-disabled  '><\/div>\n","protected":false},"excerpt":{"rendered":"","protected":false},"author":1,"featured_media":58011,"comment_status":"closed","ping_status":"closed","sticky":false,"template":"","format":"standard","meta":{"footnotes":""},"categories":[52],"tags":[],"class_list":["post-58010","post","type-post","status-publish","format-standard","has-post-thumbnail","hentry","category-cultura"],"jetpack_featured_media_url":"https:\/\/radiorevelacionfm.cl\/wp-content\/uploads\/2025\/08\/DPC-202538-1-1.jpg","_links":{"self":[{"href":"https:\/\/radiorevelacionfm.cl\/index.php?rest_route=\/wp\/v2\/posts\/58010","targetHints":{"allow":["GET"]}}],"collection":[{"href":"https:\/\/radiorevelacionfm.cl\/index.php?rest_route=\/wp\/v2\/posts"}],"about":[{"href":"https:\/\/radiorevelacionfm.cl\/index.php?rest_route=\/wp\/v2\/types\/post"}],"author":[{"embeddable":true,"href":"https:\/\/radiorevelacionfm.cl\/index.php?rest_route=\/wp\/v2\/users\/1"}],"replies":[{"embeddable":true,"href":"https:\/\/radiorevelacionfm.cl\/index.php?rest_route=%2Fwp%2Fv2%2Fcomments&post=58010"}],"version-history":[{"count":2,"href":"https:\/\/radiorevelacionfm.cl\/index.php?rest_route=\/wp\/v2\/posts\/58010\/revisions"}],"predecessor-version":[{"id":58022,"href":"https:\/\/radiorevelacionfm.cl\/index.php?rest_route=\/wp\/v2\/posts\/58010\/revisions\/58022"}],"wp:featuredmedia":[{"embeddable":true,"href":"https:\/\/radiorevelacionfm.cl\/index.php?rest_route=\/wp\/v2\/media\/58011"}],"wp:attachment":[{"href":"https:\/\/radiorevelacionfm.cl\/index.php?rest_route=%2Fwp%2Fv2%2Fmedia&parent=58010"}],"wp:term":[{"taxonomy":"category","embeddable":true,"href":"https:\/\/radiorevelacionfm.cl\/index.php?rest_route=%2Fwp%2Fv2%2Fcategories&post=58010"},{"taxonomy":"post_tag","embeddable":true,"href":"https:\/\/radiorevelacionfm.cl\/index.php?rest_route=%2Fwp%2Fv2%2Ftags&post=58010"}],"curies":[{"name":"wp","href":"https:\/\/api.w.org\/{rel}","templated":true}]}}