{"id":5801,"date":"2021-07-01T11:36:16","date_gmt":"2021-07-01T14:36:16","guid":{"rendered":"https:\/\/radiorevelacionfm.cl\/?p=5801"},"modified":"2021-07-01T11:36:16","modified_gmt":"2021-07-01T14:36:16","slug":"telemedicina-en-la-region-de-aysen-y-su-importancia-durante-la-pandemia","status":"publish","type":"post","link":"https:\/\/radiorevelacionfm.cl\/?p=5801","title":{"rendered":"Telemedicina en la regi\u00f3n de Ays\u00e9n y su importancia durante la pandemia"},"content":{"rendered":"<div class=\"flex_column av_one_full  flex_column_div av-zero-column-padding first  avia-builder-el-0  el_before_av_one_full  avia-builder-el-first  \" style='border-radius:0px; '><div  class='avia-image-container  av-styling-    avia-builder-el-1  avia-builder-el-no-sibling  avia-align-center '  itemprop=\"image\" itemscope=\"itemscope\" itemtype=\"https:\/\/schema.org\/ImageObject\"  ><div class='avia-image-container-inner'><div class='avia-image-overlay-wrap'><img decoding=\"async\" class='wp-image-5802 avia-img-lazy-loading-not-5802 avia_image' src=\"https:\/\/radiorevelacionfm.cl\/wp-content\/uploads\/2021\/06\/Dr.-Jaime-Zamarin1-1-1.jpg\" alt='' title='Dr. Jaime Zamarin1 (1) (1)' height=\"600\" width=\"855\"  itemprop=\"thumbnailUrl\" srcset=\"https:\/\/radiorevelacionfm.cl\/wp-content\/uploads\/2021\/06\/Dr.-Jaime-Zamarin1-1-1.jpg 855w, https:\/\/radiorevelacionfm.cl\/wp-content\/uploads\/2021\/06\/Dr.-Jaime-Zamarin1-1-1-300x211.jpg 300w, https:\/\/radiorevelacionfm.cl\/wp-content\/uploads\/2021\/06\/Dr.-Jaime-Zamarin1-1-1-768x539.jpg 768w, https:\/\/radiorevelacionfm.cl\/wp-content\/uploads\/2021\/06\/Dr.-Jaime-Zamarin1-1-1-705x495.jpg 705w, https:\/\/radiorevelacionfm.cl\/wp-content\/uploads\/2021\/06\/Dr.-Jaime-Zamarin1-1-1-600x421.jpg 600w\" sizes=\"(max-width: 855px) 100vw, 855px\" \/><\/div><\/div><\/div><\/div><div class=\"flex_column av_one_full  flex_column_div av-zero-column-padding first  avia-builder-el-2  el_after_av_one_full  el_before_av_one_full  column-top-margin\" style='border-radius:0px; '><section class=\"av_textblock_section \"  itemscope=\"itemscope\" itemtype=\"https:\/\/schema.org\/BlogPosting\" itemprop=\"blogPost\" ><div class='avia_textblock  '   itemprop=\"text\" ><p style=\"text-align: center;\"><strong><span style=\"font-size: 18pt;\">Telemedicina en la regi\u00f3n de Ays\u00e9n y su importancia durante la pandemia<\/span><\/strong><\/p>\n<div id=\"gtx-trans\" style=\"position: absolute; left: -50px; top: 4.31534px;\">\n<div class=\"gtx-trans-icon\"><\/div>\n<\/div>\n<\/div><\/section><\/div><div class=\"flex_column av_one_full  flex_column_div av-zero-column-padding first  avia-builder-el-4  el_after_av_one_full  el_before_av_hr  column-top-margin\" style='border-radius:0px; '><section class=\"av_textblock_section \"  itemscope=\"itemscope\" itemtype=\"https:\/\/schema.org\/BlogPosting\" itemprop=\"blogPost\" ><div class='avia_textblock  '   itemprop=\"text\" ><p style=\"text-align: justify;\">Dr. Jaime Zamarin, Cirujano digestivo-bari\u00e1trico y Coordinador de Telemedicina del Hospital Regional Coyhaique.<\/p>\n<p style=\"text-align: justify;\">Las grandes crisis que ha enfrentado la humanidad han generado dolor, incertidumbre y miedo, pero no se puede desconocer que adem\u00e1s, han sido un motor para el desarrollo de nuevas ideas y cambios, que a la postre han generado un impacto positivo en nuestras vidas.<\/p>\n<p style=\"text-align: justify;\">Toda nueva crisis trae de la mano nuevas oportunidades. En ese sentido, la Telemedicina fue una de las \u00e1reas que capitaliz\u00f3, para su desarrollo, la crisis que ha generado el Coronavirus.<\/p>\n<p style=\"text-align: justify;\">El sistema de salud se ha reconvertido casi por completo a la atenci\u00f3n de los pacientes COVID, limit\u00e1ndose al m\u00e1ximo las prestaciones presenciales en salud de todo tipo, desde la atenci\u00f3n ambulatoria hasta las grandes cirug\u00edas electivas,\u00a0generando un enorme atochamiento en el acceso a salud, tanto en ambiente p\u00fablico como privado, pero pavimentando el camino para la explosi\u00f3n de la atenci\u00f3n remota v\u00eda telem\u00e1tica.<\/p>\n<p style=\"text-align: justify;\">En este sentido, el Hospital Regional Coyhaique tuvo ventaja con respecto a otros Hospitales, porque cuenta desde hace a\u00f1os con una Unidad de Telemedicina, que posee un equipo t\u00e9cnico-administrativo consolidado, plataformas inform\u00e1ticas instaladas y un sistema de red entre la Atenci\u00f3n Primaria (APS) y los especialistas del HRC que permite un acceso expedito a dichas prestaciones.<\/p>\n<p style=\"text-align: justify;\">Se trabaja bajo la modalidad Sincr\u00f3nica (en tiempo real) y se vincula -mediante una videoconferencia-, al paciente con el m\u00e9dico especialista del Hospital Regional Coyhaique, a trav\u00e9s de un intermediario que es el m\u00e9dico de atenci\u00f3n primaria, que presenta el caso y puede realizar las acciones que el especialista solicite. De esa manera el paciente, acompa\u00f1ado por el m\u00e9dico tratante de APS, accede a una hora con el especialista sin tener que salir de su localidad, lo que en esta regi\u00f3n es determinante.<\/p>\n<p style=\"text-align: justify;\">Previo a la Pandemia, la Unidad de Telemedicina contaba con 9 especialidades. Hoy, a casi un a\u00f1o y medio, cuenta con 17 especialidades: Medicina Interna, Pediatr\u00eda, Gineco-obstetricia, Cirug\u00eda, Traumatolog\u00eda, Urolog\u00eda, Neurocirug\u00eda, Cirug\u00eda Infantil, Nefrolog\u00eda, Reumatolog\u00eda, Neurolog\u00eda Adulto, Neurolog\u00eda Infantil, Geriatr\u00eda, Cuidados Paliativos, Anestesiolog\u00eda, Cirug\u00eda Digestiva y Dermatolog\u00eda. Siendo esta \u00faltima la m\u00e1s demandada, lo que se combina con un alto grado de resolutividad a trav\u00e9s de la plataforma.<\/p>\n<p style=\"text-align: justify;\">El crecimiento de la Unidad de Telemedicina ha permitido realizar 2.150 atenciones desde el inicio de la Pandemia, lo que ciertamente ha sido un alivio para el sistema de salud, pero m\u00e1s importante a\u00fan, ha permitido a muchas personas a acceder a una atenci\u00f3n oportuna, ya sea de diagn\u00f3stico o de control.<\/p>\n<p style=\"text-align: justify;\">A pesar de este optimismo, no podemos desconocer que la Telemedicina tiene limitaciones. Muchas veces el examen f\u00edsico del especialista no puede ser reemplazado por el que realiza otro m\u00e9dico y ciertamente el v\u00ednculo entre m\u00e9dico y paciente puede verse afectado cuando el nexo se realiza a trav\u00e9s de una pantalla, porque ni aun con toda la tecnolog\u00eda se puede reemplazar un saludo de manos cordial, la empat\u00eda reflejada en ayuda a subir o bajar de una camilla, ni la intimidad y confianza que se crea en base a la lectura rec\u00edproca de peque\u00f1os gestos imperceptibles en una videoconferencia.<\/p>\n<p style=\"text-align: justify;\">El desarrollo experimentado gracias a la Pandemia, nos propone nuevos desaf\u00edos para lo que queda del 2021 y en adelante, como la implementaci\u00f3n de nuevas tecnolog\u00edas que nos permitan aumentar nuestra cartera de prestaciones y as\u00ed tambi\u00e9n poder llegar a contar con una plataforma que pueda vincular al paciente con el especialista sin intermediarios, incluso desde su casa.<\/p>\n<\/div><\/section><\/div><div  style='height:50px' class='hr hr-invisible   avia-builder-el-6  el_after_av_one_full  el_before_av_social_share '><span class='hr-inner ' ><span class='hr-inner-style'><\/span><\/span><\/div><\/p>\n<div  class='av-social-sharing-box  avia-builder-el-7  el_after_av_hr  el_before_av_hr  '><div class='av-share-box'><h5 class='av-share-link-description av-no-toc '>Compartir esta noticia<\/h5><ul class='av-share-box-list noLightbox'><li class='av-share-link av-social-link-facebook' ><a target=\"_blank\" aria-label=\"Compartir en Facebook\" href='https:\/\/www.facebook.com\/sharer.php?u=https:\/\/radiorevelacionfm.cl\/?p=5801&#038;t=Telemedicina%20en%20la%20regi%C3%B3n%20de%20Ays%C3%A9n%20y%20su%20importancia%20durante%20la%20pandemia' aria-hidden='false' data-av_icon='\ue8f3' data-av_iconfont='entypo-fontello' title='' data-avia-related-tooltip='Compartir en Facebook' rel=\"noopener\"><span class='avia_hidden_link_text'>Compartir en Facebook<\/span><\/a><\/li><li class='av-share-link av-social-link-twitter' ><a target=\"_blank\" aria-label=\"Compartir en Twitter\" href='https:\/\/twitter.com\/share?text=Telemedicina%20en%20la%20regi%C3%B3n%20de%20Ays%C3%A9n%20y%20su%20importancia%20durante%20la%20pandemia&#038;url=https:\/\/radiorevelacionfm.cl\/?p=5801' aria-hidden='false' data-av_icon='\ue8f1' data-av_iconfont='entypo-fontello' title='' data-avia-related-tooltip='Compartir en Twitter' rel=\"noopener\"><span class='avia_hidden_link_text'>Compartir en Twitter<\/span><\/a><\/li><li class='av-share-link av-social-link-whatsapp' ><a target=\"_blank\" aria-label=\"Compartir en Whatsapp\" href='https:\/\/api.whatsapp.com\/send?text=https:\/\/radiorevelacionfm.cl\/?p=5801' aria-hidden='false' data-av_icon='\uf232' data-av_iconfont='entypo-fontello' title='' data-avia-related-tooltip='Compartir en Whatsapp' rel=\"noopener\"><span class='avia_hidden_link_text'>Compartir en Whatsapp<\/span><\/a><\/li><li class='av-share-link av-social-link-linkedin' ><a target=\"_blank\" aria-label=\"Compartir en LinkedIn\" href='https:\/\/linkedin.com\/shareArticle?mini=true&#038;title=Telemedicina%20en%20la%20regi%C3%B3n%20de%20Ays%C3%A9n%20y%20su%20importancia%20durante%20la%20pandemia&#038;url=https:\/\/radiorevelacionfm.cl\/?p=5801' aria-hidden='false' data-av_icon='\ue8fc' data-av_iconfont='entypo-fontello' title='' data-avia-related-tooltip='Compartir en LinkedIn' rel=\"noopener\"><span class='avia_hidden_link_text'>Compartir en LinkedIn<\/span><\/a><\/li><li class='av-share-link av-social-link-mail' ><a  aria-label=\"Compartir por correo\" href='mailto:?subject=Telemedicina%20en%20la%20regi%C3%B3n%20de%20Ays%C3%A9n%20y%20su%20importancia%20durante%20la%20pandemia&#038;body=https:\/\/radiorevelacionfm.cl\/?p=5801' aria-hidden='false' data-av_icon='\ue805' data-av_iconfont='entypo-fontello' title='' data-avia-related-tooltip='Compartir por correo'><span class='avia_hidden_link_text'>Compartir por correo<\/span><\/a><\/li><\/ul><\/div><\/div>\n<div  style='height:50px' class='hr hr-invisible   avia-builder-el-8  el_after_av_social_share  el_before_av_comments_list '><span class='hr-inner ' ><span class='hr-inner-style'><\/span><\/span><\/div>\n<div  class='av-buildercomment  av-blog-meta-html-info-disabled av-blog-meta-tag-disabled  '><\/div>\n","protected":false},"excerpt":{"rendered":"","protected":false},"author":1,"featured_media":5802,"comment_status":"open","ping_status":"open","sticky":false,"template":"","format":"standard","meta":{"footnotes":""},"categories":[46],"tags":[],"class_list":["post-5801","post","type-post","status-publish","format-standard","has-post-thumbnail","hentry","category-salud"],"jetpack_featured_media_url":"https:\/\/radiorevelacionfm.cl\/wp-content\/uploads\/2021\/06\/Dr.-Jaime-Zamarin1-1-1.jpg","_links":{"self":[{"href":"https:\/\/radiorevelacionfm.cl\/index.php?rest_route=\/wp\/v2\/posts\/5801","targetHints":{"allow":["GET"]}}],"collection":[{"href":"https:\/\/radiorevelacionfm.cl\/index.php?rest_route=\/wp\/v2\/posts"}],"about":[{"href":"https:\/\/radiorevelacionfm.cl\/index.php?rest_route=\/wp\/v2\/types\/post"}],"author":[{"embeddable":true,"href":"https:\/\/radiorevelacionfm.cl\/index.php?rest_route=\/wp\/v2\/users\/1"}],"replies":[{"embeddable":true,"href":"https:\/\/radiorevelacionfm.cl\/index.php?rest_route=%2Fwp%2Fv2%2Fcomments&post=5801"}],"version-history":[{"count":1,"href":"https:\/\/radiorevelacionfm.cl\/index.php?rest_route=\/wp\/v2\/posts\/5801\/revisions"}],"predecessor-version":[{"id":5803,"href":"https:\/\/radiorevelacionfm.cl\/index.php?rest_route=\/wp\/v2\/posts\/5801\/revisions\/5803"}],"wp:featuredmedia":[{"embeddable":true,"href":"https:\/\/radiorevelacionfm.cl\/index.php?rest_route=\/wp\/v2\/media\/5802"}],"wp:attachment":[{"href":"https:\/\/radiorevelacionfm.cl\/index.php?rest_route=%2Fwp%2Fv2%2Fmedia&parent=5801"}],"wp:term":[{"taxonomy":"category","embeddable":true,"href":"https:\/\/radiorevelacionfm.cl\/index.php?rest_route=%2Fwp%2Fv2%2Fcategories&post=5801"},{"taxonomy":"post_tag","embeddable":true,"href":"https:\/\/radiorevelacionfm.cl\/index.php?rest_route=%2Fwp%2Fv2%2Ftags&post=5801"}],"curies":[{"name":"wp","href":"https:\/\/api.w.org\/{rel}","templated":true}]}}