{"id":58004,"date":"2025-08-19T18:05:08","date_gmt":"2025-08-19T21:05:08","guid":{"rendered":"https:\/\/radiorevelacionfm.cl\/?p=58004"},"modified":"2025-08-19T18:05:08","modified_gmt":"2025-08-19T21:05:08","slug":"sectores-productivos-del-litoral-de-aysen-contribuyen-a-la-elaboracion-de-guia-que-orienta-la-zonificacion-costera-de-chile","status":"publish","type":"post","link":"https:\/\/radiorevelacionfm.cl\/?p=58004","title":{"rendered":"Sectores productivos del litoral de Ays\u00e9n contribuyen a la elaboraci\u00f3n de gu\u00eda que orienta la zonificaci\u00f3n costera de Chile"},"content":{"rendered":"<div class=\"flex_column av_one_full  flex_column_div av-zero-column-padding first  avia-builder-el-0  el_before_av_one_full  avia-builder-el-first  \" style='border-radius:0px; '><div  class='avia-image-container  av-styling-    avia-builder-el-1  avia-builder-el-no-sibling  avia-align-center '  itemprop=\"image\" itemscope=\"itemscope\" itemtype=\"https:\/\/schema.org\/ImageObject\"  ><div class='avia-image-container-inner'><div class='avia-image-overlay-wrap'><img decoding=\"async\" class='wp-image-58005 avia-img-lazy-loading-not-58005 avia_image' src=\"https:\/\/radiorevelacionfm.cl\/wp-content\/uploads\/2025\/08\/1-2025-08-19T162935.081-1-1.jpeg\" alt='' title='1 - 2025-08-19T162935.081 (1) (1)' height=\"600\" width=\"800\"  itemprop=\"thumbnailUrl\" srcset=\"https:\/\/radiorevelacionfm.cl\/wp-content\/uploads\/2025\/08\/1-2025-08-19T162935.081-1-1.jpeg 800w, https:\/\/radiorevelacionfm.cl\/wp-content\/uploads\/2025\/08\/1-2025-08-19T162935.081-1-1-300x225.jpeg 300w, https:\/\/radiorevelacionfm.cl\/wp-content\/uploads\/2025\/08\/1-2025-08-19T162935.081-1-1-768x576.jpeg 768w, https:\/\/radiorevelacionfm.cl\/wp-content\/uploads\/2025\/08\/1-2025-08-19T162935.081-1-1-705x529.jpeg 705w, https:\/\/radiorevelacionfm.cl\/wp-content\/uploads\/2025\/08\/1-2025-08-19T162935.081-1-1-450x338.jpeg 450w, https:\/\/radiorevelacionfm.cl\/wp-content\/uploads\/2025\/08\/1-2025-08-19T162935.081-1-1-600x450.jpeg 600w\" sizes=\"(max-width: 800px) 100vw, 800px\" \/><\/div><\/div><\/div><\/div><div class=\"flex_column av_one_full  flex_column_div av-zero-column-padding first  avia-builder-el-2  el_after_av_one_full  el_before_av_one_full  column-top-margin\" style='border-radius:0px; '><section class=\"av_textblock_section \"  itemscope=\"itemscope\" itemtype=\"https:\/\/schema.org\/BlogPosting\" itemprop=\"blogPost\" ><div class='avia_textblock  '   itemprop=\"text\" ><p style=\"text-align: center;\"><strong><span style=\"font-size: 18pt;\">Sectores productivos del litoral de Ays\u00e9n contribuyen a la elaboraci\u00f3n de gu\u00eda que orienta la zonificaci\u00f3n costera de Chile<\/span><\/strong><\/p>\n<div id=\"gtx-trans\" style=\"position: absolute; left: -50px; top: 4.31534px;\">\n<div class=\"gtx-trans-icon\"><\/div>\n<\/div>\n<\/div><\/section><\/div><div class=\"flex_column av_one_full  flex_column_div av-zero-column-padding first  avia-builder-el-4  el_after_av_one_full  el_before_av_hr  column-top-margin\" style='border-radius:0px; '><section class=\"av_textblock_section \"  itemscope=\"itemscope\" itemtype=\"https:\/\/schema.org\/BlogPosting\" itemprop=\"blogPost\" ><div class='avia_textblock  '   itemprop=\"text\" ><p style=\"text-align: justify;\"><em>A trav\u00e9s de un ejercicio participativo se recogieron ideas de sectores productivos como la pesca artesanal, salmonicultura, turismo, gastronom\u00eda de la regi\u00f3n. Encuentro fue apoyado por el Proyecto GEF Gobernanza Marino Costera, del Ministerio del Medio Ambiente, SUBPESCA, SERNAPESCA y que implementa la FAO.<\/em><\/p>\n<p style=\"text-align: justify;\">Organizaciones de diversas actividades productivas, participaron en un taller que tuvo como objetivo abordar tem\u00e1ticas asociadas a procesos de zonificaci\u00f3n costera de la zona litoral de la regi\u00f3n de Ays\u00e9n.<\/p>\n<p style=\"text-align: justify;\">El encuentro fue la instancia para recoger ideas y pr\u00e1cticas entregadas por diversos sectores productivos, tales como, pesca artesanal, salmonicultura, turismo, gastronom\u00eda \u2014de las localidades de Puerto Gala, Puerto Cisnes, Puyuhuapi, entre otras\u2014 y dialogar y compartir sus visiones sobre los desaf\u00edos asociados a la zonificaci\u00f3n costera.<\/p>\n<p style=\"text-align: justify;\">Los resultados y conclusiones del ejercicio participativo, sumados los obtenidos en el taller realizado previamente con los servicios p\u00fablicos con pertinencia de la regi\u00f3n, ser\u00e1n sistematizados y utilizados para la elaboraci\u00f3n de la Gu\u00eda Nacional de Zonificaci\u00f3n Costera, instrumento que orientar\u00e1 estos futuros procesos liderados por los gobiernos regionales.<\/p>\n<p style=\"text-align: justify;\">La gu\u00eda, incorpora de manera did\u00e1ctica la Evaluaci\u00f3n Ambiental Estrat\u00e9gica y promueve una mirada multisectorial, con el objetivo de generar consensos amplios que otorguen mayor certeza a los territorios costeros. Asimismo, busca integrar enfoques internacionales como la Planificaci\u00f3n Espacial Marina, de forma pr\u00e1ctica y alineada con el marco normativo vigente.\u00a0 A su vez, el documento entrega lineamientos para apoyar la implementaci\u00f3n del eje ordenamiento y zonificaci\u00f3n, uno de los cuatro fundamentos que sustentan la actualizaci\u00f3n de la Pol\u00edtica Nacional Costera.<\/p>\n<p style=\"text-align: justify;\">Tanto la elaboraci\u00f3n de la Gu\u00eda Nacional de Zonificaci\u00f3n de uso de borde costero como la de la Pol\u00edtica Nacional Costera son procesos liderados por la Subsecretar\u00eda para las Fuerzas Armadas, con apoyo de la Subsecretar\u00eda de Desarrollo Regional y Administrativo (SUBDERE) y el Proyecto GEF Gobernanza Marino Costera, del Ministerio del Medio Ambiente (MMA), la Subsecretar\u00eda de Pesca y Acuicultura (SUBPESCA), el Servicio Nacional de Pesca y Acuicultura (SERNAPESCA), implementado por la FAO.<\/p>\n<p style=\"text-align: justify;\">\u201cComo Ministerio del Medio Ambiente estamos muy orgullosos de participar en la construcci\u00f3n de la pol\u00edtica nacional costera con este instrumento tan importante como es la Gu\u00eda de Zonificaci\u00f3n del Uso del Borde Costero. En el marco de esta construcci\u00f3n, el GEF, Gobernanza Marino Costera ejecutado por el Ministerio del Medio Ambiente, realiz\u00f3 una participaci\u00f3n ciudadana en la comuna de Puerto Cisnes, que nos permiti\u00f3 encontrar las perspectivas del litoral, para as\u00ed sumar la voz de nuestra regi\u00f3n en esta construcci\u00f3n\u201d, declar\u00f3 el Seremi del Medio Ambiente de la regi\u00f3n de Ays\u00e9n, Yoal D\u00edaz.<\/p>\n<p style=\"text-align: justify;\">Paola Rodr\u00edguez, de la Oficina de Fomento Productivo de la I. Municipalidad de Cisnes, defini\u00f3 la actividad como significativa y destac\u00f3 la preparaci\u00f3n de quienes guiaron el ejercicio participativo. \u201cLlama poderosamente la atenci\u00f3n el proceso de cambio que hemos tenido en la comuna. Hace unos a\u00f1os est\u00e1bamos discutiendo respecto de los usos del borde costero y hoy hemos logrado consensuar que todos tenemos un espacio y que todos podemos seguir trabajando en el lugar\u201d, afirm\u00f3 Rodr\u00edguez.<\/p>\n<p style=\"text-align: justify;\">Fernando Camiroaga, representante de Salmon Chile para la regi\u00f3n de Ays\u00e9n, valor\u00f3 la instancia de conversaci\u00f3n que reuni\u00f3 puntos en com\u00fan entre los distintos participantes. \u201cLa conclusi\u00f3n, yo creo, es que todo apuntaba hacia lo importante que son las participaciones ciudadanas y el poder conversar de forma transparente (\u2026) tanto de c\u00f3mo se lleva la conversaci\u00f3n y tambi\u00e9n los actores que tenemos que estar todos sentados en la mesa. Nosotros valoramos que el dise\u00f1o de esta gu\u00eda se recoja eso y esperamos que todos los procesos de participaci\u00f3n ciudadana sean lo m\u00e1s amplios posibles, porque finalmente conversando llegamos a puntos en com\u00fan, que siempre es el mejor desarrollo para Chile y su gente\u201d.<\/p>\n<p style=\"text-align: justify;\">Hern\u00e1n Rebolledo, presidente de la Corporaci\u00f3n de Desarrollo Productivo Litoral de Ays\u00e9n, valor\u00f3 el encuentro y agreg\u00f3 que \u201cfue un agrado poder encontrarse con actores de la comuna que no ve\u00eda hace tiempo, tambi\u00e9n gente de turismo entre la comunidad. Creo que la reuni\u00f3n logr\u00f3 el objetivo de poder conversar, ponernos de acuerdo y entregar el conocimiento local que uno tiene del territorio y de haber participado en aportar informaci\u00f3n a esta gu\u00eda\u201d.<\/p>\n<p style=\"text-align: justify;\">Mar\u00eda Luisa Pat\u00e9, pescadora artesanal de Puerto Gala, afirm\u00f3 que \u201cme voy con la idea de que todos quieren trabajar en conjunto, que todo se lleve a cabo con unidad y que cada localidad coloque su granito de arena. Estamos claros de que cada localidad tiene realidades diferentes, y la idea es que cada una se complemente con las otras y llegar a un fin con el tema de zonificaci\u00f3n\u201d.<\/p>\n<p style=\"text-align: justify;\">Olga Soto, presidenta de la Corporaci\u00f3n Queulat, sobre el taller afirm\u00f3 que \u201chay mucha informaci\u00f3n en lo que se quiere trabajar en esta gu\u00eda y tambi\u00e9n me parece muy interesante que se pueda hacer una gu\u00eda para los gobiernos regionales para que se pueda ir ordenando el territorio, sobre todo en el borde costero\u201d.<\/p>\n<\/div><\/section><\/div><div  style='height:50px' class='hr hr-invisible   avia-builder-el-6  el_after_av_one_full  el_before_av_social_share '><span class='hr-inner ' ><span class='hr-inner-style'><\/span><\/span><\/div><\/p>\n<div  class='av-social-sharing-box  avia-builder-el-7  el_after_av_hr  el_before_av_hr  '><div class='av-share-box'><h5 class='av-share-link-description av-no-toc '>Compartir esta noticia<\/h5><ul class='av-share-box-list noLightbox'><li class='av-share-link av-social-link-facebook' ><a target=\"_blank\" aria-label=\"Compartir en Facebook\" href='https:\/\/www.facebook.com\/sharer.php?u=https:\/\/radiorevelacionfm.cl\/?p=58004&#038;t=Sectores%20productivos%20del%20litoral%20de%20Ays%C3%A9n%20contribuyen%20a%20la%20elaboraci%C3%B3n%20de%20gu%C3%ADa%20que%20orienta%20la%20zonificaci%C3%B3n%20costera%20de%20Chile' aria-hidden='false' data-av_icon='\ue8f3' data-av_iconfont='entypo-fontello' title='' data-avia-related-tooltip='Compartir en Facebook' rel=\"noopener\"><span class='avia_hidden_link_text'>Compartir en Facebook<\/span><\/a><\/li><li class='av-share-link av-social-link-twitter' ><a target=\"_blank\" aria-label=\"Compartir en Twitter\" href='https:\/\/twitter.com\/share?text=Sectores%20productivos%20del%20litoral%20de%20Ays%C3%A9n%20contribuyen%20a%20la%20elaboraci%C3%B3n%20de%20gu%C3%ADa%20que%20orienta%20la%20zonificaci%C3%B3n%20costera%20de%20Chile&#038;url=https:\/\/radiorevelacionfm.cl\/?p=58004' aria-hidden='false' data-av_icon='\ue8f1' data-av_iconfont='entypo-fontello' title='' data-avia-related-tooltip='Compartir en Twitter' rel=\"noopener\"><span class='avia_hidden_link_text'>Compartir en Twitter<\/span><\/a><\/li><li class='av-share-link av-social-link-whatsapp' ><a target=\"_blank\" aria-label=\"Compartir en Whatsapp\" href='https:\/\/api.whatsapp.com\/send?text=https:\/\/radiorevelacionfm.cl\/?p=58004' aria-hidden='false' data-av_icon='\uf232' data-av_iconfont='entypo-fontello' title='' data-avia-related-tooltip='Compartir en Whatsapp' rel=\"noopener\"><span class='avia_hidden_link_text'>Compartir en Whatsapp<\/span><\/a><\/li><li class='av-share-link av-social-link-linkedin' ><a target=\"_blank\" aria-label=\"Compartir en LinkedIn\" href='https:\/\/linkedin.com\/shareArticle?mini=true&#038;title=Sectores%20productivos%20del%20litoral%20de%20Ays%C3%A9n%20contribuyen%20a%20la%20elaboraci%C3%B3n%20de%20gu%C3%ADa%20que%20orienta%20la%20zonificaci%C3%B3n%20costera%20de%20Chile&#038;url=https:\/\/radiorevelacionfm.cl\/?p=58004' aria-hidden='false' data-av_icon='\ue8fc' data-av_iconfont='entypo-fontello' title='' data-avia-related-tooltip='Compartir en LinkedIn' rel=\"noopener\"><span class='avia_hidden_link_text'>Compartir en LinkedIn<\/span><\/a><\/li><li class='av-share-link av-social-link-mail' ><a  aria-label=\"Compartir por correo\" href='mailto:?subject=Sectores%20productivos%20del%20litoral%20de%20Ays%C3%A9n%20contribuyen%20a%20la%20elaboraci%C3%B3n%20de%20gu%C3%ADa%20que%20orienta%20la%20zonificaci%C3%B3n%20costera%20de%20Chile&#038;body=https:\/\/radiorevelacionfm.cl\/?p=58004' aria-hidden='false' data-av_icon='\ue805' data-av_iconfont='entypo-fontello' title='' data-avia-related-tooltip='Compartir por correo'><span class='avia_hidden_link_text'>Compartir por correo<\/span><\/a><\/li><\/ul><\/div><\/div>\n<div  style='height:50px' class='hr hr-invisible   avia-builder-el-8  el_after_av_social_share  el_before_av_comments_list '><span class='hr-inner ' ><span class='hr-inner-style'><\/span><\/span><\/div>\n<div  class='av-buildercomment  av-blog-meta-html-info-disabled av-blog-meta-tag-disabled  '><\/div>\n","protected":false},"excerpt":{"rendered":"","protected":false},"author":1,"featured_media":58005,"comment_status":"closed","ping_status":"closed","sticky":false,"template":"","format":"standard","meta":{"footnotes":""},"categories":[38],"tags":[],"class_list":["post-58004","post","type-post","status-publish","format-standard","has-post-thumbnail","hentry","category-regional"],"jetpack_featured_media_url":"https:\/\/radiorevelacionfm.cl\/wp-content\/uploads\/2025\/08\/1-2025-08-19T162935.081-1-1.jpeg","_links":{"self":[{"href":"https:\/\/radiorevelacionfm.cl\/index.php?rest_route=\/wp\/v2\/posts\/58004","targetHints":{"allow":["GET"]}}],"collection":[{"href":"https:\/\/radiorevelacionfm.cl\/index.php?rest_route=\/wp\/v2\/posts"}],"about":[{"href":"https:\/\/radiorevelacionfm.cl\/index.php?rest_route=\/wp\/v2\/types\/post"}],"author":[{"embeddable":true,"href":"https:\/\/radiorevelacionfm.cl\/index.php?rest_route=\/wp\/v2\/users\/1"}],"replies":[{"embeddable":true,"href":"https:\/\/radiorevelacionfm.cl\/index.php?rest_route=%2Fwp%2Fv2%2Fcomments&post=58004"}],"version-history":[{"count":2,"href":"https:\/\/radiorevelacionfm.cl\/index.php?rest_route=\/wp\/v2\/posts\/58004\/revisions"}],"predecessor-version":[{"id":58018,"href":"https:\/\/radiorevelacionfm.cl\/index.php?rest_route=\/wp\/v2\/posts\/58004\/revisions\/58018"}],"wp:featuredmedia":[{"embeddable":true,"href":"https:\/\/radiorevelacionfm.cl\/index.php?rest_route=\/wp\/v2\/media\/58005"}],"wp:attachment":[{"href":"https:\/\/radiorevelacionfm.cl\/index.php?rest_route=%2Fwp%2Fv2%2Fmedia&parent=58004"}],"wp:term":[{"taxonomy":"category","embeddable":true,"href":"https:\/\/radiorevelacionfm.cl\/index.php?rest_route=%2Fwp%2Fv2%2Fcategories&post=58004"},{"taxonomy":"post_tag","embeddable":true,"href":"https:\/\/radiorevelacionfm.cl\/index.php?rest_route=%2Fwp%2Fv2%2Ftags&post=58004"}],"curies":[{"name":"wp","href":"https:\/\/api.w.org\/{rel}","templated":true}]}}