{"id":57996,"date":"2025-08-19T16:02:33","date_gmt":"2025-08-19T19:02:33","guid":{"rendered":"https:\/\/radiorevelacionfm.cl\/?p=57996"},"modified":"2025-08-19T16:02:33","modified_gmt":"2025-08-19T19:02:33","slug":"autoridades-de-salud-y-del-trabajo-promueven-importancia-de-examenes-preventivos-en-el-mes-del-corazon","status":"publish","type":"post","link":"https:\/\/radiorevelacionfm.cl\/?p=57996","title":{"rendered":"Autoridades de Salud y del Trabajo promueven importancia de ex\u00e1menes preventivos en el Mes del Coraz\u00f3n"},"content":{"rendered":"<div class=\"flex_column av_one_full  flex_column_div av-zero-column-padding first  avia-builder-el-0  el_before_av_one_full  avia-builder-el-first  \" style='border-radius:0px; '><div  class='avia-image-container  av-styling-    avia-builder-el-1  avia-builder-el-no-sibling  avia-align-center '  itemprop=\"image\" itemscope=\"itemscope\" itemtype=\"https:\/\/schema.org\/ImageObject\"  ><div class='avia-image-container-inner'><div class='avia-image-overlay-wrap'><img decoding=\"async\" class='wp-image-57997 avia-img-lazy-loading-not-57997 avia_image' src=\"https:\/\/radiorevelacionfm.cl\/wp-content\/uploads\/2025\/08\/actividad-en-hipermecado-1-1.jpeg\" alt='' title='actividad en hipermecado (1) (1)' height=\"600\" width=\"800\"  itemprop=\"thumbnailUrl\" srcset=\"https:\/\/radiorevelacionfm.cl\/wp-content\/uploads\/2025\/08\/actividad-en-hipermecado-1-1.jpeg 800w, https:\/\/radiorevelacionfm.cl\/wp-content\/uploads\/2025\/08\/actividad-en-hipermecado-1-1-300x225.jpeg 300w, https:\/\/radiorevelacionfm.cl\/wp-content\/uploads\/2025\/08\/actividad-en-hipermecado-1-1-768x576.jpeg 768w, https:\/\/radiorevelacionfm.cl\/wp-content\/uploads\/2025\/08\/actividad-en-hipermecado-1-1-705x529.jpeg 705w, https:\/\/radiorevelacionfm.cl\/wp-content\/uploads\/2025\/08\/actividad-en-hipermecado-1-1-450x338.jpeg 450w, https:\/\/radiorevelacionfm.cl\/wp-content\/uploads\/2025\/08\/actividad-en-hipermecado-1-1-600x450.jpeg 600w\" sizes=\"(max-width: 800px) 100vw, 800px\" \/><\/div><\/div><\/div><\/div><div class=\"flex_column av_one_full  flex_column_div av-zero-column-padding first  avia-builder-el-2  el_after_av_one_full  el_before_av_one_full  column-top-margin\" style='border-radius:0px; '><section class=\"av_textblock_section \"  itemscope=\"itemscope\" itemtype=\"https:\/\/schema.org\/BlogPosting\" itemprop=\"blogPost\" ><div class='avia_textblock  '   itemprop=\"text\" ><p style=\"text-align: center;\"><strong><span style=\"font-size: 18pt;\">Autoridades de Salud y del Trabajo promueven importancia de ex\u00e1menes preventivos en el Mes del Coraz\u00f3n<\/span><\/strong><\/p>\n<div id=\"gtx-trans\" style=\"position: absolute; left: -50px; top: 4.31534px;\">\n<div class=\"gtx-trans-icon\"><\/div>\n<\/div>\n<\/div><\/section><\/div><div class=\"flex_column av_one_full  flex_column_div av-zero-column-padding first  avia-builder-el-4  el_after_av_one_full  el_before_av_hr  column-top-margin\" style='border-radius:0px; '><section class=\"av_textblock_section \"  itemscope=\"itemscope\" itemtype=\"https:\/\/schema.org\/BlogPosting\" itemprop=\"blogPost\" ><div class='avia_textblock  '   itemprop=\"text\" ><p style=\"text-align: justify;\"><em>A trav\u00e9s de profesionales del Servicio de Salud, empresas locales han facilitado espacios para que sus trabajadores y trabajadoras puedan acceder a Ex\u00e1menes M\u00e9dicos Preventivos del Adulto (EMPA).<\/em><\/p>\n<p style=\"text-align: justify;\">\u201cConoce tus n\u00fameros\u201d es parte del slogan que acompa\u00f1ar\u00e1 las actividades educativas para prevenir enfermedades cardiovasculares y mantener estilos de vida saludables en el Mes del Coraz\u00f3n que impulsa el Ministerio de Salud.\u00a0 Iniciativa que en el caso de la regi\u00f3n de Ays\u00e9n, parti\u00f3 con la entrega de informaci\u00f3n y toma de Ex\u00e1menes M\u00e9dicos Preventivos en Adultos (EMPA) a trabajadores y trabajadoras del supermercado Hiperpatag\u00f3nico en la ciudad de Coyhaique.<\/p>\n<p style=\"text-align: justify;\">En esta ocasi\u00f3n, donde la jefa del Departamento de Salud P\u00fablica, Silvia Delf\u00edn Cort\u00e9s, recalc\u00f3 la importancia del autocuidado en la poblaci\u00f3n. \u201cAqu\u00ed lo importante es destacar que, en Ays\u00e9n, tanto las enfermedades, como sus efectos, tienen estrecha relaci\u00f3n con enfermedades cr\u00f3nicas no transmisibles. Y lo m\u00e1s importante de esto, es que hay factores que s\u00ed son modificables, por lo tanto, el llamado es a intencionar desde tempranas etapas de la vida, una vida saludable. Cuidar la alimentaci\u00f3n, la actividad f\u00edsica, el consumo de alcohol, el consumo de tabaco. Las Garant\u00edas Expl\u00edcitas en Salud (GES), permiten incorporar un elemento de equidad tanto para el sector p\u00fablico como para el sector privado, donde aparece el examen de medicina preventiva, es muy importante porque determina oportunamente cu\u00e1les son los factores de riesgo que hay que tener presente para no enfermarnos\u201d.<\/p>\n<p style=\"text-align: justify;\">Ex\u00e1menes de medicina preventiva que fueron destacados por las trabajadoras del supermercado Hiperpatag\u00f3nico, Eliana Santander Coe\u00f1ocar, \u201cestoy agradecida porque pudieron acercarse a nuestros lugares de trabajo, porque uno no se hace el tiempo para esto, para no salir del trabajo, uno se va quedando\u2026 as\u00ed que estoy muy agradecida\u201d.<\/p>\n<p style=\"text-align: justify;\">Cabe se\u00f1alar que, para acceder a estos ex\u00e1menes preventivos, existe un permiso legal en Chile que permite a los trabajadores ausentarse de su jornada laboral para estos fines, establecido en el C\u00f3digo del Trabajo que otorga medio d\u00eda de permiso al a\u00f1o para ex\u00e1menes como mamograf\u00edas, pruebas de pr\u00f3stata y Papanicolaou, entre otros.\u00a0 Tal como lo manifest\u00f3 el Seremi del Trabajo y Protecci\u00f3n Social (s), Cristian Alonso Troncoso. \u201cHoy en d\u00eda el llamado es de la comunidad a hacer estos ex\u00e1menes preventivos, sin embargo, hay una normativa en la cual existe y se deben otorgar estas facilidades. Desde el punto de vista laboral, los trabajadores y trabajadoras tienen medio d\u00eda para poder realizarse este tipo de ex\u00e1menes en aquellos contratos que sean sobre 30 d\u00edas y los contratos indefinidos. Este tiempo, el tiempo del medio d\u00eda, que es una obligaci\u00f3n, debe ser solicitado por el trabajador o trabajadora con una semana de anticipaci\u00f3n y el empleador est\u00e1 obligado a otorgarlo. Se considera trabajado para todos los efectos legales, al igual que el tiempo de traslado desde, de ida y de regreso al lugar donde se hizo los ex\u00e1menes del trabajador o trabajadora\u201d, puntualiz\u00f3.<\/p>\n<p style=\"text-align: justify;\">Los ex\u00e1menes de medicina preventiva, destacan en este contexto como herramienta fundamental de pesquisa oportuna de factores de riesgo para las enfermedades cardiovasculares, donde incluso se realiz\u00f3 un operativo de toma de EMPA en trabajadores de Empresas Bahamonde de Puerto Ays\u00e9n, con el \u00a0apoyo de los equipos del CESFAM de esa ciudad.<\/p>\n<p style=\"text-align: justify;\">De esta forma, en el Mes del Coraz\u00f3n, desde la autoridad sanitaria, el llamado es a que las personas conozcan cu\u00e1l es el comportamiento de sus factores de riesgo en materia cardiovascular, como presi\u00f3n arterial, colesterol y peso, entre otros. A lo que se suma, la importancia de que en los lugares de trabajo se \u00a0generen espacios estrat\u00e9gicos para implementar intervenciones en promoci\u00f3n y prevenci\u00f3n de la salud conductas que favorezcan h\u00e1bitos saludables en alimentaci\u00f3n, actividad f\u00edsica, vida libre de tabaco, alcohol y drogas, adem\u00e1s de factores psicosociales y salud ambiental para fortalecer condiciones que favorezcan una mejor calidad de vida en las personas.<\/p>\n<\/div><\/section><\/div><div  style='height:50px' class='hr hr-invisible   avia-builder-el-6  el_after_av_one_full  el_before_av_social_share '><span class='hr-inner ' ><span class='hr-inner-style'><\/span><\/span><\/div><\/p>\n<div  class='av-social-sharing-box  avia-builder-el-7  el_after_av_hr  el_before_av_hr  '><div class='av-share-box'><h5 class='av-share-link-description av-no-toc '>Compartir esta noticia<\/h5><ul class='av-share-box-list noLightbox'><li class='av-share-link av-social-link-facebook' ><a target=\"_blank\" aria-label=\"Compartir en Facebook\" href='https:\/\/www.facebook.com\/sharer.php?u=https:\/\/radiorevelacionfm.cl\/?p=57996&#038;t=Autoridades%20de%20Salud%20y%20del%20Trabajo%20promueven%20importancia%20de%20ex%C3%A1menes%20preventivos%20en%20el%20Mes%20del%20Coraz%C3%B3n' aria-hidden='false' data-av_icon='\ue8f3' data-av_iconfont='entypo-fontello' title='' data-avia-related-tooltip='Compartir en Facebook' rel=\"noopener\"><span class='avia_hidden_link_text'>Compartir en Facebook<\/span><\/a><\/li><li class='av-share-link av-social-link-twitter' ><a target=\"_blank\" aria-label=\"Compartir en Twitter\" href='https:\/\/twitter.com\/share?text=Autoridades%20de%20Salud%20y%20del%20Trabajo%20promueven%20importancia%20de%20ex%C3%A1menes%20preventivos%20en%20el%20Mes%20del%20Coraz%C3%B3n&#038;url=https:\/\/radiorevelacionfm.cl\/?p=57996' aria-hidden='false' data-av_icon='\ue8f1' data-av_iconfont='entypo-fontello' title='' data-avia-related-tooltip='Compartir en Twitter' rel=\"noopener\"><span class='avia_hidden_link_text'>Compartir en Twitter<\/span><\/a><\/li><li class='av-share-link av-social-link-whatsapp' ><a target=\"_blank\" aria-label=\"Compartir en Whatsapp\" href='https:\/\/api.whatsapp.com\/send?text=https:\/\/radiorevelacionfm.cl\/?p=57996' aria-hidden='false' data-av_icon='\uf232' data-av_iconfont='entypo-fontello' title='' data-avia-related-tooltip='Compartir en Whatsapp' rel=\"noopener\"><span class='avia_hidden_link_text'>Compartir en Whatsapp<\/span><\/a><\/li><li class='av-share-link av-social-link-linkedin' ><a target=\"_blank\" aria-label=\"Compartir en LinkedIn\" href='https:\/\/linkedin.com\/shareArticle?mini=true&#038;title=Autoridades%20de%20Salud%20y%20del%20Trabajo%20promueven%20importancia%20de%20ex%C3%A1menes%20preventivos%20en%20el%20Mes%20del%20Coraz%C3%B3n&#038;url=https:\/\/radiorevelacionfm.cl\/?p=57996' aria-hidden='false' data-av_icon='\ue8fc' data-av_iconfont='entypo-fontello' title='' data-avia-related-tooltip='Compartir en LinkedIn' rel=\"noopener\"><span class='avia_hidden_link_text'>Compartir en LinkedIn<\/span><\/a><\/li><li class='av-share-link av-social-link-mail' ><a  aria-label=\"Compartir por correo\" href='mailto:?subject=Autoridades%20de%20Salud%20y%20del%20Trabajo%20promueven%20importancia%20de%20ex%C3%A1menes%20preventivos%20en%20el%20Mes%20del%20Coraz%C3%B3n&#038;body=https:\/\/radiorevelacionfm.cl\/?p=57996' aria-hidden='false' data-av_icon='\ue805' data-av_iconfont='entypo-fontello' title='' data-avia-related-tooltip='Compartir por correo'><span class='avia_hidden_link_text'>Compartir por correo<\/span><\/a><\/li><\/ul><\/div><\/div>\n<div  style='height:50px' class='hr hr-invisible   avia-builder-el-8  el_after_av_social_share  el_before_av_comments_list '><span class='hr-inner ' ><span class='hr-inner-style'><\/span><\/span><\/div>\n<div  class='av-buildercomment  av-blog-meta-html-info-disabled av-blog-meta-tag-disabled  '><\/div>\n","protected":false},"excerpt":{"rendered":"","protected":false},"author":1,"featured_media":57997,"comment_status":"closed","ping_status":"closed","sticky":false,"template":"","format":"standard","meta":{"footnotes":""},"categories":[46],"tags":[],"class_list":["post-57996","post","type-post","status-publish","format-standard","has-post-thumbnail","hentry","category-salud"],"jetpack_featured_media_url":"https:\/\/radiorevelacionfm.cl\/wp-content\/uploads\/2025\/08\/actividad-en-hipermecado-1-1.jpeg","_links":{"self":[{"href":"https:\/\/radiorevelacionfm.cl\/index.php?rest_route=\/wp\/v2\/posts\/57996","targetHints":{"allow":["GET"]}}],"collection":[{"href":"https:\/\/radiorevelacionfm.cl\/index.php?rest_route=\/wp\/v2\/posts"}],"about":[{"href":"https:\/\/radiorevelacionfm.cl\/index.php?rest_route=\/wp\/v2\/types\/post"}],"author":[{"embeddable":true,"href":"https:\/\/radiorevelacionfm.cl\/index.php?rest_route=\/wp\/v2\/users\/1"}],"replies":[{"embeddable":true,"href":"https:\/\/radiorevelacionfm.cl\/index.php?rest_route=%2Fwp%2Fv2%2Fcomments&post=57996"}],"version-history":[{"count":2,"href":"https:\/\/radiorevelacionfm.cl\/index.php?rest_route=\/wp\/v2\/posts\/57996\/revisions"}],"predecessor-version":[{"id":57999,"href":"https:\/\/radiorevelacionfm.cl\/index.php?rest_route=\/wp\/v2\/posts\/57996\/revisions\/57999"}],"wp:featuredmedia":[{"embeddable":true,"href":"https:\/\/radiorevelacionfm.cl\/index.php?rest_route=\/wp\/v2\/media\/57997"}],"wp:attachment":[{"href":"https:\/\/radiorevelacionfm.cl\/index.php?rest_route=%2Fwp%2Fv2%2Fmedia&parent=57996"}],"wp:term":[{"taxonomy":"category","embeddable":true,"href":"https:\/\/radiorevelacionfm.cl\/index.php?rest_route=%2Fwp%2Fv2%2Fcategories&post=57996"},{"taxonomy":"post_tag","embeddable":true,"href":"https:\/\/radiorevelacionfm.cl\/index.php?rest_route=%2Fwp%2Fv2%2Ftags&post=57996"}],"curies":[{"name":"wp","href":"https:\/\/api.w.org\/{rel}","templated":true}]}}