{"id":57992,"date":"2025-08-19T15:23:21","date_gmt":"2025-08-19T18:23:21","guid":{"rendered":"https:\/\/radiorevelacionfm.cl\/?p=57992"},"modified":"2025-08-19T15:23:21","modified_gmt":"2025-08-19T18:23:21","slug":"senadis-lanza-escuela-de-gestion-social-y-territorial-para-formar-lideres-y-lideresas","status":"publish","type":"post","link":"https:\/\/radiorevelacionfm.cl\/?p=57992","title":{"rendered":"Senadis lanza Escuela de Gesti\u00f3n Social y Territorial para formar l\u00edderes y lideresas"},"content":{"rendered":"<div class=\"flex_column av_one_full  flex_column_div av-zero-column-padding first  avia-builder-el-0  el_before_av_one_full  avia-builder-el-first  \" style='border-radius:0px; '><div  class='avia-image-container  av-styling-    avia-builder-el-1  avia-builder-el-no-sibling  avia-align-center '  itemprop=\"image\" itemscope=\"itemscope\" itemtype=\"https:\/\/schema.org\/ImageObject\"  ><div class='avia-image-container-inner'><div class='avia-image-overlay-wrap'><img decoding=\"async\" class='wp-image-57993 avia-img-lazy-loading-not-57993 avia_image' src=\"https:\/\/radiorevelacionfm.cl\/wp-content\/uploads\/2025\/08\/escuela-3-1-1.jpeg\" alt='' title='escuela 3 (1) (1)' height=\"600\" width=\"881\"  itemprop=\"thumbnailUrl\" srcset=\"https:\/\/radiorevelacionfm.cl\/wp-content\/uploads\/2025\/08\/escuela-3-1-1.jpeg 881w, https:\/\/radiorevelacionfm.cl\/wp-content\/uploads\/2025\/08\/escuela-3-1-1-300x204.jpeg 300w, https:\/\/radiorevelacionfm.cl\/wp-content\/uploads\/2025\/08\/escuela-3-1-1-768x523.jpeg 768w, https:\/\/radiorevelacionfm.cl\/wp-content\/uploads\/2025\/08\/escuela-3-1-1-705x480.jpeg 705w, https:\/\/radiorevelacionfm.cl\/wp-content\/uploads\/2025\/08\/escuela-3-1-1-450x306.jpeg 450w, https:\/\/radiorevelacionfm.cl\/wp-content\/uploads\/2025\/08\/escuela-3-1-1-600x409.jpeg 600w\" sizes=\"(max-width: 881px) 100vw, 881px\" \/><\/div><\/div><\/div><\/div><div class=\"flex_column av_one_full  flex_column_div av-zero-column-padding first  avia-builder-el-2  el_after_av_one_full  el_before_av_one_full  column-top-margin\" style='border-radius:0px; '><section class=\"av_textblock_section \"  itemscope=\"itemscope\" itemtype=\"https:\/\/schema.org\/BlogPosting\" itemprop=\"blogPost\" ><div class='avia_textblock  '   itemprop=\"text\" ><p style=\"text-align: center;\"><strong><span style=\"font-size: 18pt;\">Senadis lanza Escuela de Gesti\u00f3n Social y Territorial para formar l\u00edderes y lideresas<\/span><\/strong><\/p>\n<div id=\"gtx-trans\" style=\"position: absolute; left: -50px; top: 4.31534px;\">\n<div class=\"gtx-trans-icon\"><\/div>\n<\/div>\n<\/div><\/section><\/div><div class=\"flex_column av_one_full  flex_column_div av-zero-column-padding first  avia-builder-el-4  el_after_av_one_full  el_before_av_hr  column-top-margin\" style='border-radius:0px; '><section class=\"av_textblock_section \"  itemscope=\"itemscope\" itemtype=\"https:\/\/schema.org\/BlogPosting\" itemprop=\"blogPost\" ><div class='avia_textblock  '   itemprop=\"text\" ><p style=\"text-align: justify;\"><em>La escuela consta de 6 m\u00f3dulos con un total de 23 inscritos a quienes les entregar\u00e1n herramientas de liderazgo, gesti\u00f3n de proyectos, legislaci\u00f3n vigente, entre otros.<\/em><\/p>\n<p style=\"text-align: justify;\">El Servicio Nacional de la Discapacidad, Senadis, dio inicio en Coyhaique a la Escuela de Gesti\u00f3n Social y Territorial, con el cual se busca contribuir al fomento de la participaci\u00f3n inclusiva con el objetivo de desarrollar herramientas y competencias en las organizaciones de personas con discapacidad y personas cuidadoras de personas con discapacidad.<\/p>\n<p style=\"text-align: justify;\">El foco de la Escuela es fortalecer la asociatividad y promover nuevos liderazgos que permitan generar mayor participaci\u00f3n social e incidencia pol\u00edtica de las personas con discapacidad, desde un enfoque de derechos, seg\u00fan lo expres\u00f3 Viviana Mu\u00f1oz directora regional de Senadis \u201cQueremos que ellos se fortalezcan en sus habilidades para poder representarlas por s\u00ed solos y adquieran mayor autonom\u00eda en el contexto de la Comunidad en todos los \u00e1mbitos de participaci\u00f3n. Durante el segundo semestre van a adquirir conocimientos y compartir tambi\u00e9n no solo adquirir, sino que compartir conocimientos entre ellos respecto de la normativa vigente de habilidades para ser l\u00edderes y lideresas. Tambi\u00e9n trabajo en equipo, C\u00f3mo fortalecer sus organizaciones, c\u00f3mo tener mayor capacidad de incidencia como personas con discapacidad y como agrupaciones en pol\u00edticas p\u00fablicas en el quehacer de las instituciones del Estado\u201d.<\/p>\n<p style=\"text-align: justify;\">Destacando la incidencia en pol\u00edticas p\u00fablicas de los futuros l\u00edderes y lideresas, la Seremi de Desarrollo Social y Familia Karina Acevedo Auad enfatiz\u00f3 en que \u201cPodemos dar cuenta del inter\u00e9s de las diferentes organizaciones en participar y potenciar los liderazgos de quienes participan en ella, y de esta forma tambi\u00e9n poder incidir en la gesti\u00f3n de pol\u00edticas p\u00fablicas. Para nosotros es importante, porque no solamente la normativa social baja desde lo legal, tiene que ver tambi\u00e9n en como participamos las entidades p\u00fablicas. Rompemos tambi\u00e9n esta l\u00ednea vertical de qui\u00e9n decide, c\u00f3mo invitamos y c\u00f3mo incluimos. Tambi\u00e9n entregamos herramientas a quienes nos debemos como pol\u00edtica p\u00fablica para que nos puedan nutrir de informaci\u00f3n y de instancias de comunicaci\u00f3n y de di\u00e1logo para hacer una inclusi\u00f3n real en nuestra comuna de Coyhaique\u201d.<\/p>\n<p style=\"text-align: justify;\">Una de las integrantes de la Escuela es Johana Mansilla persona con discapacidad auditiva, quien se\u00f1ala que a sus 25 a\u00f1os quiere tener nuevas herramientas de liderazgo. Apoyada por su int\u00e9rprete de lengua de se\u00f1as, Rosario Rodr\u00edguez, indic\u00f3 \u201cyo creo que este curso me servir\u00e1 para aprender a ser una mujer l\u00edder, aprender a tener una vida m\u00e1s independiente y a luchar para lograr la inclusi\u00f3n dentro de la regi\u00f3n\u201d.<\/p>\n<p style=\"text-align: justify;\">En el contexto del mes de las dirigencias, la Seremi Vocera de Gobierno \u00darsula Mix reforz\u00f3\u00a0 \u201cEn este mes de la dirigencia social y comunitaria para nosotros es s\u00faper importante que personas se fortalezcan que sean l\u00edderes de sus tem\u00e1ticas, de lo que viven de sus cotidianidades y que tengan las herramientas para poder defender sus posturas, para desarrollarse, por lo tanto estas escuelas de gesti\u00f3n social y territorial son fundamentales para fortalecer a las personas con discapacidad as\u00ed que estamos muy contentos de esta iniciativa y como gobierno el presidente Gabriel Boric nos interesa de sobremanera que se puedan fortalecer y ejercer su ciudadan\u00eda de manera empoderada\u201d.<\/p>\n<p style=\"text-align: justify;\">Finalmente, las tem\u00e1ticas en la que se capacitar\u00e1n las 23 personas participantes de la Escuela de Gesti\u00f3n Social y Territorial se organizar\u00e1n en 6 m\u00f3dulos, donde se abordar\u00e1n: Enfoque de Derechos Humanos, Convenci\u00f3n y Legislaci\u00f3n Vigente (relativa a discapacidad y participaci\u00f3n), Ciudadan\u00eda y asociatividad para la participaci\u00f3n social, pol\u00edtica y cultural, Liderazgo para la incidencia p\u00fablica, Comunicaci\u00f3n efectiva y estrategias de incidencia, Dise\u00f1o de proyectos, gesti\u00f3n financiera y Acceso a la Justicia.<\/p>\n<\/div><\/section><\/div><div  style='height:50px' class='hr hr-invisible   avia-builder-el-6  el_after_av_one_full  el_before_av_social_share '><span class='hr-inner ' ><span class='hr-inner-style'><\/span><\/span><\/div><\/p>\n<div  class='av-social-sharing-box  avia-builder-el-7  el_after_av_hr  el_before_av_hr  '><div class='av-share-box'><h5 class='av-share-link-description av-no-toc '>Compartir esta noticia<\/h5><ul class='av-share-box-list noLightbox'><li class='av-share-link av-social-link-facebook' ><a target=\"_blank\" aria-label=\"Compartir en Facebook\" href='https:\/\/www.facebook.com\/sharer.php?u=https:\/\/radiorevelacionfm.cl\/?p=57992&#038;t=Senadis%20lanza%20Escuela%20de%20Gesti%C3%B3n%20Social%20y%20Territorial%20para%20formar%20l%C3%ADderes%20y%20lideresas' aria-hidden='false' data-av_icon='\ue8f3' data-av_iconfont='entypo-fontello' title='' data-avia-related-tooltip='Compartir en Facebook' rel=\"noopener\"><span class='avia_hidden_link_text'>Compartir en Facebook<\/span><\/a><\/li><li class='av-share-link av-social-link-twitter' ><a target=\"_blank\" aria-label=\"Compartir en Twitter\" href='https:\/\/twitter.com\/share?text=Senadis%20lanza%20Escuela%20de%20Gesti%C3%B3n%20Social%20y%20Territorial%20para%20formar%20l%C3%ADderes%20y%20lideresas&#038;url=https:\/\/radiorevelacionfm.cl\/?p=57992' aria-hidden='false' data-av_icon='\ue8f1' data-av_iconfont='entypo-fontello' title='' data-avia-related-tooltip='Compartir en Twitter' rel=\"noopener\"><span class='avia_hidden_link_text'>Compartir en Twitter<\/span><\/a><\/li><li class='av-share-link av-social-link-whatsapp' ><a target=\"_blank\" aria-label=\"Compartir en Whatsapp\" href='https:\/\/api.whatsapp.com\/send?text=https:\/\/radiorevelacionfm.cl\/?p=57992' aria-hidden='false' data-av_icon='\uf232' data-av_iconfont='entypo-fontello' title='' data-avia-related-tooltip='Compartir en Whatsapp' rel=\"noopener\"><span class='avia_hidden_link_text'>Compartir en Whatsapp<\/span><\/a><\/li><li class='av-share-link av-social-link-linkedin' ><a target=\"_blank\" aria-label=\"Compartir en LinkedIn\" href='https:\/\/linkedin.com\/shareArticle?mini=true&#038;title=Senadis%20lanza%20Escuela%20de%20Gesti%C3%B3n%20Social%20y%20Territorial%20para%20formar%20l%C3%ADderes%20y%20lideresas&#038;url=https:\/\/radiorevelacionfm.cl\/?p=57992' aria-hidden='false' data-av_icon='\ue8fc' data-av_iconfont='entypo-fontello' title='' data-avia-related-tooltip='Compartir en LinkedIn' rel=\"noopener\"><span class='avia_hidden_link_text'>Compartir en LinkedIn<\/span><\/a><\/li><li class='av-share-link av-social-link-mail' ><a  aria-label=\"Compartir por correo\" href='mailto:?subject=Senadis%20lanza%20Escuela%20de%20Gesti%C3%B3n%20Social%20y%20Territorial%20para%20formar%20l%C3%ADderes%20y%20lideresas&#038;body=https:\/\/radiorevelacionfm.cl\/?p=57992' aria-hidden='false' data-av_icon='\ue805' data-av_iconfont='entypo-fontello' title='' data-avia-related-tooltip='Compartir por correo'><span class='avia_hidden_link_text'>Compartir por correo<\/span><\/a><\/li><\/ul><\/div><\/div>\n<div  style='height:50px' class='hr hr-invisible   avia-builder-el-8  el_after_av_social_share  el_before_av_comments_list '><span class='hr-inner ' ><span class='hr-inner-style'><\/span><\/span><\/div>\n<div  class='av-buildercomment  av-blog-meta-html-info-disabled av-blog-meta-tag-disabled  '><\/div>\n","protected":false},"excerpt":{"rendered":"","protected":false},"author":1,"featured_media":57993,"comment_status":"closed","ping_status":"closed","sticky":false,"template":"","format":"standard","meta":{"footnotes":""},"categories":[38],"tags":[],"class_list":["post-57992","post","type-post","status-publish","format-standard","has-post-thumbnail","hentry","category-regional"],"jetpack_featured_media_url":"https:\/\/radiorevelacionfm.cl\/wp-content\/uploads\/2025\/08\/escuela-3-1-1.jpeg","_links":{"self":[{"href":"https:\/\/radiorevelacionfm.cl\/index.php?rest_route=\/wp\/v2\/posts\/57992","targetHints":{"allow":["GET"]}}],"collection":[{"href":"https:\/\/radiorevelacionfm.cl\/index.php?rest_route=\/wp\/v2\/posts"}],"about":[{"href":"https:\/\/radiorevelacionfm.cl\/index.php?rest_route=\/wp\/v2\/types\/post"}],"author":[{"embeddable":true,"href":"https:\/\/radiorevelacionfm.cl\/index.php?rest_route=\/wp\/v2\/users\/1"}],"replies":[{"embeddable":true,"href":"https:\/\/radiorevelacionfm.cl\/index.php?rest_route=%2Fwp%2Fv2%2Fcomments&post=57992"}],"version-history":[{"count":2,"href":"https:\/\/radiorevelacionfm.cl\/index.php?rest_route=\/wp\/v2\/posts\/57992\/revisions"}],"predecessor-version":[{"id":57995,"href":"https:\/\/radiorevelacionfm.cl\/index.php?rest_route=\/wp\/v2\/posts\/57992\/revisions\/57995"}],"wp:featuredmedia":[{"embeddable":true,"href":"https:\/\/radiorevelacionfm.cl\/index.php?rest_route=\/wp\/v2\/media\/57993"}],"wp:attachment":[{"href":"https:\/\/radiorevelacionfm.cl\/index.php?rest_route=%2Fwp%2Fv2%2Fmedia&parent=57992"}],"wp:term":[{"taxonomy":"category","embeddable":true,"href":"https:\/\/radiorevelacionfm.cl\/index.php?rest_route=%2Fwp%2Fv2%2Fcategories&post=57992"},{"taxonomy":"post_tag","embeddable":true,"href":"https:\/\/radiorevelacionfm.cl\/index.php?rest_route=%2Fwp%2Fv2%2Ftags&post=57992"}],"curies":[{"name":"wp","href":"https:\/\/api.w.org\/{rel}","templated":true}]}}